{"id":3071,"date":"2012-11-19T22:53:57","date_gmt":"2012-11-19T20:53:57","guid":{"rendered":"http:\/\/www.irreel.org\/blog\/?p=3071"},"modified":"2017-01-10T21:19:03","modified_gmt":"2017-01-10T19:19:03","slug":"improvisation-chant-et-piano","status":"publish","type":"post","link":"https:\/\/www.irreel.ch\/blog\/improvisation-chant-et-piano\/","title":{"rendered":"Improvisation chant et piano"},"content":{"rendered":"<p>Improvisation chant et piano sur des po\u00e8mes:<\/p>\n<p><iframe loading=\"lazy\" width=\"100%\" height=\"600\" scrolling=\"no\" frameborder=\"no\" src=\"https:\/\/w.soundcloud.com\/player?url=https%3A%2F%2Fapi.soundcloud.com%2Ftracks%2F68057070&visual=true&auto_play=false&hide_related=false\"><\/iframe><br \/>\nImprovisation chant et piano, Carole Rey, soprano, Daniel Thomas, piano.<br \/>\nSur une po\u00e8me de Daniel Thomas: \u00ab Le ciel perc\u00e9 d&rsquo;entre les parcelles grises clair \u00bb<br \/>\nLe samedi 10 novembre 2012 \u00e0 l&rsquo;Abbaye de Montheron, Lausanne. \u00a9 Daniel Thomas et Carole Rey.<\/p>\n<p><img loading=\"lazy\" decoding=\"async\" src=\"http:\/\/www.irreel.ch\/blog\/wp-content\/uploads\/ciel-perce.jpg\" alt=\"Ciel perc\u00e9\" width=\"523\" height=\"547\" class=\"alignleft size-full wp-image-3301\" srcset=\"https:\/\/www.irreel.ch\/blog\/wp-content\/uploads\/ciel-perce.jpg 523w, https:\/\/www.irreel.ch\/blog\/wp-content\/uploads\/ciel-perce-143x150.jpg 143w, https:\/\/www.irreel.ch\/blog\/wp-content\/uploads\/ciel-perce-286x300.jpg 286w\" sizes=\"auto, (max-width: 523px) 100vw, 523px\" \/><br \/>\nPo\u00e9sie:<br \/>\nle ciel perc\u00e9<br \/>\nd&rsquo;entre les parcelles<br \/>\ngrises clair<br \/>\nde ton air et des transparences<\/p>\n<p>la nuit, ouverte<br \/>\nclaire et encore bleue<br \/>\nelle venait<br \/>\nm\u00e9connaissable<br \/>\navec ses reflets<br \/>\nde neige p\u00e2le<\/p>\n<p>cordon de branches<br \/>\ntresses de fils de coton<br \/>\nouate<br \/>\nla neige<br \/>\nelle avait tout un pardessus<br \/>\nblanc clair<\/p>\n<p>sous le ciel travers\u00e9<br \/>\nd&rsquo;entre les bleues parcelles<br \/>\nde volutes et brumes grises clair<br \/>\nde ton air et des transparences<\/p>\n<p>marques de pas sur la neige au sol<br \/>\nbruissement de branches par-derri\u00e8re<br \/>\ntout file et puis,<br \/>\nplus rien.<\/p>\n<p>\u00a9 Daniel Thomas 2012<\/p>\n<p>Autre po\u00e8me chant\u00e9:<br \/>\n<iframe loading=\"lazy\" width=\"100%\" height=\"600\" scrolling=\"no\" frameborder=\"no\" src=\"https:\/\/w.soundcloud.com\/player?url=https%3A%2F%2Fapi.soundcloud.com%2Ftracks%2F68512120&visual=true&auto_play=false&hide_related=false\"><\/iframe><br \/>\nImprovisation chant et piano, C\u00e9line Soudain, soprano, Daniel Thomas, piano.<br \/>\nSur une po\u00e8me de Daniel Thomas: \u00ab l\u00e9g\u00e8rement nimb\u00e9e de lumi\u00e8re \u00bb<br \/>\nLe samedi 28 avril 2012 \u00e0 l&rsquo;Abbaye de Montheron, Lausanne. \u00a9 Daniel Thomas et C\u00e9line Soudain<\/p>\n<p>Parcours<\/p>\n<p>l\u00e9g\u00e8rement nimb\u00e9e de lumi\u00e8re<br \/>\ndoucement caress\u00e9e des rayons<br \/>\nla terre<br \/>\npetits fr\u00e9missements<br \/>\naux chaleurs du soleil<br \/>\nla terre entame<\/p>\n<p>tr\u00e8s l\u00e9g\u00e9rement courb\u00e9<br \/>\nun parcours dans l&rsquo;espace<br \/>\nemportant<br \/>\nsans<br \/>\nsans doute<br \/>\nqu&rsquo;elle n&rsquo;y pense<br \/>\nde quelconque mani\u00e8re<\/p>\n<p>une passag\u00e8re<\/p>\n<p>sens-tu les variations d\u00e9licates<br \/>\ndes teintes et des temp\u00e9ratures<br \/>\nles variations en m\u00e9tamorphoses de l&rsquo;air?<\/p>\n<p>\u00a9 Daniel Thomas 2012<\/p>\n","protected":false},"excerpt":{"rendered":"<p>Improvisation chant et piano sur des po\u00e8mes: Improvisation chant et piano, Carole Rey, soprano, Daniel Thomas, piano. Sur une po\u00e8me de Daniel Thomas: \u00ab Le ciel perc\u00e9 d&rsquo;entre les parcelles grises clair \u00bb Le&#46;&#46;&#46;<\/p>\n","protected":false},"author":191,"featured_media":3301,"comment_status":"open","ping_status":"closed","sticky":false,"template":"","format":"standard","meta":{"sfsi_plus_gutenberg_text_before_share":"","sfsi_plus_gutenberg_show_text_before_share":"","sfsi_plus_gutenberg_icon_type":"","sfsi_plus_gutenberg_icon_alignemt":"","sfsi_plus_gutenburg_max_per_row":"","_EventAllDay":false,"_EventTimezone":"","_EventStartDate":"","_EventEndDate":"","_EventStartDateUTC":"","_EventEndDateUTC":"","_EventShowMap":false,"_EventShowMapLink":false,"_EventURL":"","_EventCost":"","_EventCostDescription":"","_EventCurrencySymbol":"","_EventCurrencyCode":"","_EventCurrencyPosition":"","_EventDateTimeSeparator":"","_EventTimeRangeSeparator":"","_EventOrganizerID":[],"_EventVenueID":[],"_OrganizerEmail":"","_OrganizerPhone":"","_OrganizerWebsite":"","_VenueAddress":"","_VenueCity":"","_VenueCountry":"","_VenueProvince":"","_VenueState":"","_VenueZip":"","_VenuePhone":"","_VenueURL":"","_VenueStateProvince":"","_VenueLat":"","_VenueLng":"","_VenueShowMap":false,"_VenueShowMapLink":false,"footnotes":""},"categories":[68,455,311,12,69],"tags":[565,513,534,318],"class_list":["post-3071","post","type-post","status-publish","format-standard","has-post-thumbnail","hentry","category-audio","category-chant","category-essais-poetiques","category-improvisation","category-piano","tag-chant","tag-improvisation","tag-piano","tag-voix-2"],"_links":{"self":[{"href":"https:\/\/www.irreel.ch\/blog\/wp-json\/wp\/v2\/posts\/3071","targetHints":{"allow":["GET"]}}],"collection":[{"href":"https:\/\/www.irreel.ch\/blog\/wp-json\/wp\/v2\/posts"}],"about":[{"href":"https:\/\/www.irreel.ch\/blog\/wp-json\/wp\/v2\/types\/post"}],"author":[{"embeddable":true,"href":"https:\/\/www.irreel.ch\/blog\/wp-json\/wp\/v2\/users\/191"}],"replies":[{"embeddable":true,"href":"https:\/\/www.irreel.ch\/blog\/wp-json\/wp\/v2\/comments?post=3071"}],"version-history":[{"count":13,"href":"https:\/\/www.irreel.ch\/blog\/wp-json\/wp\/v2\/posts\/3071\/revisions"}],"predecessor-version":[{"id":3304,"href":"https:\/\/www.irreel.ch\/blog\/wp-json\/wp\/v2\/posts\/3071\/revisions\/3304"}],"wp:featuredmedia":[{"embeddable":true,"href":"https:\/\/www.irreel.ch\/blog\/wp-json\/wp\/v2\/media\/3301"}],"wp:attachment":[{"href":"https:\/\/www.irreel.ch\/blog\/wp-json\/wp\/v2\/media?parent=3071"}],"wp:term":[{"taxonomy":"category","embeddable":true,"href":"https:\/\/www.irreel.ch\/blog\/wp-json\/wp\/v2\/categories?post=3071"},{"taxonomy":"post_tag","embeddable":true,"href":"https:\/\/www.irreel.ch\/blog\/wp-json\/wp\/v2\/tags?post=3071"}],"curies":[{"name":"wp","href":"https:\/\/api.w.org\/{rel}","templated":true}]}}