{"id":2986,"date":"2012-05-05T06:07:55","date_gmt":"2012-05-05T04:07:55","guid":{"rendered":"http:\/\/www.irreel.org\/blog\/?p=2986"},"modified":"2022-12-21T13:45:59","modified_gmt":"2022-12-21T12:45:59","slug":"fleurs-05-mai-poirier-alexandre-lucas","status":"publish","type":"post","link":"https:\/\/www.irreel.ch\/blog\/fleurs-05-mai-poirier-alexandre-lucas\/","title":{"rendered":"Poirier Alexandre Lucas, fleurs et feuilles"},"content":{"rendered":"\n<figure class=\"wp-block-image\"><a href=\"http:\/\/www.irreel.ch\/blog\/wp-content\/uploads\/fleurs-poirier-lucas3.jpg\"><img decoding=\"async\" src=\"http:\/\/www.irreel.ch\/blog\/wp-content\/uploads\/fleurs-poirier-lucas3.jpg\" alt=\"\"\/><\/a><figcaption class=\"wp-element-caption\">Un r\u00eave de dessin et de formes cisel\u00e9es<\/figcaption><\/figure>\n\n\n<p>Fleurs de poirier beurr\u00e9 Alexandre Lucas sous la lumi\u00e8re douce du premier soleil matinal. D\u00e9licatesse des 5 p\u00e9tales. Ciselures de formes en teintes.<br \/>Donne des poires vertes, tendres, beurr\u00e9es, de bonne conservation.<\/p>\n<p>Fleurs de poirier beurr\u00e9 Alexandre Lucas, et chants d&rsquo;oiseaux sous la lumi\u00e8re douce du premier soleil matinal. D\u00e9licatesse des 5 p\u00e9tales.<\/p>\n\n\n<figure class=\"wp-block-embed is-type-video is-provider-vimeo wp-block-embed-vimeo wp-embed-aspect-16-9 wp-has-aspect-ratio\"><div class=\"wp-block-embed__wrapper\">\n<div class=\"video-container\"><iframe loading=\"lazy\" title=\"Fleurs de poirier beurr\u00e9 Alexandre Lucas\" src=\"https:\/\/player.vimeo.com\/video\/41599073?dnt=1&amp;app_id=122963\" width=\"500\" height=\"281\" frameborder=\"0\" allow=\"autoplay; fullscreen; picture-in-picture; clipboard-write\"><\/iframe><\/div>\n<\/div><\/figure>\n","protected":false},"excerpt":{"rendered":"<p>Fleurs de poirier beurr\u00e9 Alexandre Lucas sous la lumi\u00e8re douce du premier soleil matinal. D\u00e9licatesse des 5 p\u00e9tales. Ciselures de formes en teintes.Donne des poires vertes, tendres, beurr\u00e9es, de bonne conservation. Fleurs de poirier&#46;&#46;&#46;<\/p>\n","protected":false},"author":191,"featured_media":2987,"comment_status":"open","ping_status":"closed","sticky":false,"template":"","format":"standard","meta":{"sfsi_plus_gutenberg_text_before_share":"","sfsi_plus_gutenberg_show_text_before_share":"","sfsi_plus_gutenberg_icon_type":"","sfsi_plus_gutenberg_icon_alignemt":"","sfsi_plus_gutenburg_max_per_row":"","_EventAllDay":false,"_EventTimezone":"","_EventStartDate":"","_EventEndDate":"","_EventStartDateUTC":"","_EventEndDateUTC":"","_EventShowMap":false,"_EventShowMapLink":false,"_EventURL":"","_EventCost":"","_EventCostDescription":"","_EventCurrencySymbol":"","_EventCurrencyCode":"","_EventCurrencyPosition":"","_EventDateTimeSeparator":"","_EventTimeRangeSeparator":"","_EventOrganizerID":[],"_EventVenueID":[],"_OrganizerEmail":"","_OrganizerPhone":"","_OrganizerWebsite":"","_VenueAddress":"","_VenueCity":"","_VenueCountry":"","_VenueProvince":"","_VenueState":"","_VenueZip":"","_VenuePhone":"","_VenueURL":"","_VenueStateProvince":"","_VenueLat":"","_VenueLng":"","_VenueShowMap":false,"_VenueShowMapLink":false,"footnotes":""},"categories":[21],"tags":[384,419,450,132,432,514,604],"class_list":["post-2986","post","type-post","status-publish","format-standard","has-post-thumbnail","hentry","category-fleurs","tag-fleur","tag-fleur-de-fruit","tag-fleur-de-poirier","tag-poire","tag-poirier","tag-video","tag-video-de-fruits-et-fleurs"],"_links":{"self":[{"href":"https:\/\/www.irreel.ch\/blog\/wp-json\/wp\/v2\/posts\/2986","targetHints":{"allow":["GET"]}}],"collection":[{"href":"https:\/\/www.irreel.ch\/blog\/wp-json\/wp\/v2\/posts"}],"about":[{"href":"https:\/\/www.irreel.ch\/blog\/wp-json\/wp\/v2\/types\/post"}],"author":[{"embeddable":true,"href":"https:\/\/www.irreel.ch\/blog\/wp-json\/wp\/v2\/users\/191"}],"replies":[{"embeddable":true,"href":"https:\/\/www.irreel.ch\/blog\/wp-json\/wp\/v2\/comments?post=2986"}],"version-history":[{"count":9,"href":"https:\/\/www.irreel.ch\/blog\/wp-json\/wp\/v2\/posts\/2986\/revisions"}],"predecessor-version":[{"id":6936,"href":"https:\/\/www.irreel.ch\/blog\/wp-json\/wp\/v2\/posts\/2986\/revisions\/6936"}],"wp:featuredmedia":[{"embeddable":true,"href":"https:\/\/www.irreel.ch\/blog\/wp-json\/wp\/v2\/media\/2987"}],"wp:attachment":[{"href":"https:\/\/www.irreel.ch\/blog\/wp-json\/wp\/v2\/media?parent=2986"}],"wp:term":[{"taxonomy":"category","embeddable":true,"href":"https:\/\/www.irreel.ch\/blog\/wp-json\/wp\/v2\/categories?post=2986"},{"taxonomy":"post_tag","embeddable":true,"href":"https:\/\/www.irreel.ch\/blog\/wp-json\/wp\/v2\/tags?post=2986"}],"curies":[{"name":"wp","href":"https:\/\/api.w.org\/{rel}","templated":true}]}}