{"id":2884,"date":"2012-04-27T08:55:58","date_gmt":"2012-04-27T06:55:58","guid":{"rendered":"http:\/\/www.irreel.org\/blog\/?p=2884"},"modified":"2019-03-08T07:38:15","modified_gmt":"2019-03-08T05:38:15","slug":"dessin-formes-mouvements-vegetaux","status":"publish","type":"post","link":"https:\/\/www.irreel.ch\/blog\/dessin-formes-mouvements-vegetaux\/","title":{"rendered":"Dessin \/ formes \/ mouvements v\u00e9g\u00e9taux"},"content":{"rendered":"\n<figure class=\"wp-block-image\"><img loading=\"lazy\" decoding=\"async\" width=\"647\" height=\"470\" src=\"http:\/\/www.irreel.ch\/blog\/wp-content\/uploads\/vegetaux-1.gif\" alt=\"\" class=\"wp-image-5303\"\/><figcaption>Mouvements de vie en naturel<\/figcaption><\/figure>\n\n\n\n<p>F\u00e9erie des mouvements v\u00e9g\u00e9taux, dessin \u00e0 la plume sur papier, 1982, \u00a9 Daniel Thomas.<br>Gestes dans\u00e9s, \u00e9nergie interne et vitalit\u00e9 des \u00eatres.<\/p>\n","protected":false},"excerpt":{"rendered":"<p>F\u00e9erie des mouvements v\u00e9g\u00e9taux, dessin \u00e0 la plume sur papier, 1982, \u00a9 Daniel Thomas.Gestes dans\u00e9s, \u00e9nergie interne et vitalit\u00e9 des \u00eatres.<\/p>\n","protected":false},"author":191,"featured_media":3890,"comment_status":"open","ping_status":"closed","sticky":false,"template":"","format":"standard","meta":{"sfsi_plus_gutenberg_text_before_share":"","sfsi_plus_gutenberg_show_text_before_share":"","sfsi_plus_gutenberg_icon_type":"","sfsi_plus_gutenberg_icon_alignemt":"","sfsi_plus_gutenburg_max_per_row":"","_EventAllDay":false,"_EventTimezone":"","_EventStartDate":"","_EventEndDate":"","_EventStartDateUTC":"","_EventEndDateUTC":"","_EventShowMap":false,"_EventShowMapLink":false,"_EventURL":"","_EventCost":"","_EventCostDescription":"","_EventCurrencySymbol":"","_EventCurrencyCode":"","_EventCurrencyPosition":"","_EventDateTimeSeparator":"","_EventTimeRangeSeparator":"","_EventOrganizerID":[],"_EventVenueID":[],"_OrganizerEmail":"","_OrganizerPhone":"","_OrganizerWebsite":"","_VenueAddress":"","_VenueCity":"","_VenueCountry":"","_VenueProvince":"","_VenueState":"","_VenueZip":"","_VenuePhone":"","_VenueURL":"","_VenueStateProvince":"","_VenueLat":"","_VenueLng":"","_VenueShowMap":false,"_VenueShowMapLink":false,"footnotes":""},"categories":[27,8],"tags":[413,446,510,153,636,443,445,444],"class_list":["post-2884","post","type-post","status-publish","format-standard","has-post-thumbnail","hentry","category-arbres","category-dessin","tag-arbre","tag-buisson","tag-dessin","tag-dessin-a-la-plume","tag-dessin-de-formes","tag-dessin-de-vegetaux","tag-plante","tag-vegetal"],"_links":{"self":[{"href":"https:\/\/www.irreel.ch\/blog\/wp-json\/wp\/v2\/posts\/2884","targetHints":{"allow":["GET"]}}],"collection":[{"href":"https:\/\/www.irreel.ch\/blog\/wp-json\/wp\/v2\/posts"}],"about":[{"href":"https:\/\/www.irreel.ch\/blog\/wp-json\/wp\/v2\/types\/post"}],"author":[{"embeddable":true,"href":"https:\/\/www.irreel.ch\/blog\/wp-json\/wp\/v2\/users\/191"}],"replies":[{"embeddable":true,"href":"https:\/\/www.irreel.ch\/blog\/wp-json\/wp\/v2\/comments?post=2884"}],"version-history":[{"count":9,"href":"https:\/\/www.irreel.ch\/blog\/wp-json\/wp\/v2\/posts\/2884\/revisions"}],"predecessor-version":[{"id":5417,"href":"https:\/\/www.irreel.ch\/blog\/wp-json\/wp\/v2\/posts\/2884\/revisions\/5417"}],"wp:featuredmedia":[{"embeddable":true,"href":"https:\/\/www.irreel.ch\/blog\/wp-json\/wp\/v2\/media\/3890"}],"wp:attachment":[{"href":"https:\/\/www.irreel.ch\/blog\/wp-json\/wp\/v2\/media?parent=2884"}],"wp:term":[{"taxonomy":"category","embeddable":true,"href":"https:\/\/www.irreel.ch\/blog\/wp-json\/wp\/v2\/categories?post=2884"},{"taxonomy":"post_tag","embeddable":true,"href":"https:\/\/www.irreel.ch\/blog\/wp-json\/wp\/v2\/tags?post=2884"}],"curies":[{"name":"wp","href":"https:\/\/api.w.org\/{rel}","templated":true}]}}