{"id":286,"date":"2008-12-03T18:11:57","date_gmt":"2008-12-03T16:11:57","guid":{"rendered":"http:\/\/www.irreel.org\/blog\/?p=286"},"modified":"2019-03-08T16:25:34","modified_gmt":"2019-03-08T14:25:34","slug":"couleurs-en-montagne","status":"publish","type":"post","link":"https:\/\/www.irreel.ch\/blog\/couleurs-en-montagne\/","title":{"rendered":"Dessin \u00e0 la craie grasse \/ Couleurs en montagne"},"content":{"rendered":"\n<figure class=\"wp-block-image\"><a href=\"http:\/\/www.irreel.ch\/blog\/wp-content\/uploads\/coin-de-vallee2-1.jpg\"><img loading=\"lazy\" decoding=\"async\" width=\"1000\" height=\"744\" src=\"http:\/\/www.irreel.ch\/blog\/wp-content\/uploads\/coin-de-vallee2-1.jpg\" alt=\"\" class=\"wp-image-5496\" srcset=\"https:\/\/www.irreel.ch\/blog\/wp-content\/uploads\/coin-de-vallee2-1.jpg 1000w, https:\/\/www.irreel.ch\/blog\/wp-content\/uploads\/coin-de-vallee2-1-150x112.jpg 150w, https:\/\/www.irreel.ch\/blog\/wp-content\/uploads\/coin-de-vallee2-1-300x223.jpg 300w, https:\/\/www.irreel.ch\/blog\/wp-content\/uploads\/coin-de-vallee2-1-768x571.jpg 768w\" sizes=\"auto, (max-width: 1000px) 100vw, 1000px\" \/><\/a><figcaption>Marche en montagne, couleurs<\/figcaption><\/figure>\n\n\n\n<p><em>Coin de vall\u00e9e, craie grasse sur papier, 1992, 24 \/ 32 cm.<\/em><\/p>\n\n\n\n<p>Marcher dans la lumi\u00e8re, se balader en senteurs et fra\u00eecheurs, quelle joie en montagne de sentir autour de soi l&rsquo;air et la lumi\u00e8re. Monter sur les sentiers et aimer la d\u00e9couverte des fleurs au passage ou des insectes color\u00e9s.<\/p>\n\n\n\n<p>Avancer et monter, siffloter, et parfois s&rsquo;arr\u00eater, se poser sur une pierre, et regarder ou dessiner.<\/p>\n\n\n\n<figure class=\"wp-block-image\"><img loading=\"lazy\" decoding=\"async\" width=\"292\" height=\"208\" src=\"http:\/\/www.irreel.ch\/blog\/wp-content\/uploads\/arbre-au-tronc-rouge.gif\" alt=\"\" class=\"wp-image-5497\"\/><figcaption>Couleurs et feuillages en montagne<\/figcaption><\/figure>\n\n\n\n<p><em>L&rsquo;arbre au tronc rouge, 1992<\/em><\/p>\n","protected":false},"excerpt":{"rendered":"<p>Coin de vall\u00e9e, craie grasse sur papier, 1992, 24 \/ 32 cm. Marcher dans la lumi\u00e8re, se balader en senteurs et fra\u00eecheurs, quelle joie en montagne de sentir autour de soi l&rsquo;air et la&#46;&#46;&#46;<\/p>\n","protected":false},"author":5,"featured_media":3901,"comment_status":"open","ping_status":"closed","sticky":false,"template":"","format":"standard","meta":{"sfsi_plus_gutenberg_text_before_share":"","sfsi_plus_gutenberg_show_text_before_share":"","sfsi_plus_gutenberg_icon_type":"","sfsi_plus_gutenberg_icon_alignemt":"","sfsi_plus_gutenburg_max_per_row":"","_EventAllDay":false,"_EventTimezone":"","_EventStartDate":"","_EventEndDate":"","_EventStartDateUTC":"","_EventEndDateUTC":"","_EventShowMap":false,"_EventShowMapLink":false,"_EventURL":"","_EventCost":"","_EventCostDescription":"","_EventCurrencySymbol":"","_EventCurrencyCode":"","_EventCurrencyPosition":"","_EventDateTimeSeparator":"","_EventTimeRangeSeparator":"","_EventOrganizerID":[],"_EventVenueID":[],"_OrganizerEmail":"","_OrganizerPhone":"","_OrganizerWebsite":"","_VenueAddress":"","_VenueCity":"","_VenueCountry":"","_VenueProvince":"","_VenueState":"","_VenueZip":"","_VenuePhone":"","_VenueURL":"","_VenueStateProvince":"","_VenueLat":"","_VenueLng":"","_VenueShowMap":false,"_VenueShowMapLink":false,"footnotes":""},"categories":[8],"tags":[374,66,510,429,65,203],"class_list":["post-286","post","type-post","status-publish","format-standard","has-post-thumbnail","hentry","category-dessin","tag-bleu","tag-craie-grasse","tag-dessin","tag-dessin-de-paysage","tag-montagne","tag-vallee"],"_links":{"self":[{"href":"https:\/\/www.irreel.ch\/blog\/wp-json\/wp\/v2\/posts\/286","targetHints":{"allow":["GET"]}}],"collection":[{"href":"https:\/\/www.irreel.ch\/blog\/wp-json\/wp\/v2\/posts"}],"about":[{"href":"https:\/\/www.irreel.ch\/blog\/wp-json\/wp\/v2\/types\/post"}],"author":[{"embeddable":true,"href":"https:\/\/www.irreel.ch\/blog\/wp-json\/wp\/v2\/users\/5"}],"replies":[{"embeddable":true,"href":"https:\/\/www.irreel.ch\/blog\/wp-json\/wp\/v2\/comments?post=286"}],"version-history":[{"count":14,"href":"https:\/\/www.irreel.ch\/blog\/wp-json\/wp\/v2\/posts\/286\/revisions"}],"predecessor-version":[{"id":5498,"href":"https:\/\/www.irreel.ch\/blog\/wp-json\/wp\/v2\/posts\/286\/revisions\/5498"}],"wp:featuredmedia":[{"embeddable":true,"href":"https:\/\/www.irreel.ch\/blog\/wp-json\/wp\/v2\/media\/3901"}],"wp:attachment":[{"href":"https:\/\/www.irreel.ch\/blog\/wp-json\/wp\/v2\/media?parent=286"}],"wp:term":[{"taxonomy":"category","embeddable":true,"href":"https:\/\/www.irreel.ch\/blog\/wp-json\/wp\/v2\/categories?post=286"},{"taxonomy":"post_tag","embeddable":true,"href":"https:\/\/www.irreel.ch\/blog\/wp-json\/wp\/v2\/tags?post=286"}],"curies":[{"name":"wp","href":"https:\/\/api.w.org\/{rel}","templated":true}]}}