{"id":2844,"date":"2012-04-24T05:40:37","date_gmt":"2012-04-24T03:40:37","guid":{"rendered":"http:\/\/www.irreel.org\/blog\/?p=2844"},"modified":"2019-03-12T07:12:10","modified_gmt":"2019-03-12T05:12:10","slug":"photo-magie-des-jours","status":"publish","type":"post","link":"https:\/\/www.irreel.ch\/blog\/photo-magie-des-jours\/","title":{"rendered":"Photo \/ Irr\u00e9el \/ Magie des jours"},"content":{"rendered":"\n<figure class=\"wp-block-image\"><a href=\"http:\/\/www.irreel.ch\/blog\/wp-content\/uploads\/magie-des-jours-1.jpg\"><img loading=\"lazy\" decoding=\"async\" width=\"1024\" height=\"989\" src=\"http:\/\/www.irreel.ch\/blog\/wp-content\/uploads\/magie-des-jours-1-1024x989.jpg\" alt=\"\" class=\"wp-image-5758\" srcset=\"https:\/\/www.irreel.ch\/blog\/wp-content\/uploads\/magie-des-jours-1-1024x989.jpg 1024w, https:\/\/www.irreel.ch\/blog\/wp-content\/uploads\/magie-des-jours-1-150x145.jpg 150w, https:\/\/www.irreel.ch\/blog\/wp-content\/uploads\/magie-des-jours-1-300x290.jpg 300w, https:\/\/www.irreel.ch\/blog\/wp-content\/uploads\/magie-des-jours-1-768x742.jpg 768w, https:\/\/www.irreel.ch\/blog\/wp-content\/uploads\/magie-des-jours-1.jpg 1063w\" sizes=\"auto, (max-width: 1024px) 100vw, 1024px\" \/><\/a><figcaption>Passage vers l&rsquo;au-del\u00e0 du r\u00e9el<\/figcaption><\/figure>\n\n\n\n<p>Magie des jours, Milan, mai 1993.<\/p>\n\n\n\n<p>Jeux des apparences, feuilles, fen\u00eatres, pot, devant et derri\u00e8re, ciel et int\u00e9rieur.<\/p>\n","protected":false},"excerpt":{"rendered":"<p>Magie des jours, Milan, mai 1993. Jeux des apparences, feuilles, fen\u00eatres, pot, devant et derri\u00e8re, ciel et int\u00e9rieur.<\/p>\n","protected":false},"author":191,"featured_media":3809,"comment_status":"open","ping_status":"closed","sticky":false,"template":"","format":"standard","meta":{"sfsi_plus_gutenberg_text_before_share":"","sfsi_plus_gutenberg_show_text_before_share":"","sfsi_plus_gutenberg_icon_type":"","sfsi_plus_gutenberg_icon_alignemt":"","sfsi_plus_gutenburg_max_per_row":"","_EventAllDay":false,"_EventTimezone":"","_EventStartDate":"","_EventEndDate":"","_EventStartDateUTC":"","_EventEndDateUTC":"","_EventShowMap":false,"_EventShowMapLink":false,"_EventURL":"","_EventCost":"","_EventCostDescription":"","_EventCurrencySymbol":"","_EventCurrencyCode":"","_EventCurrencyPosition":"","_EventDateTimeSeparator":"","_EventTimeRangeSeparator":"","_EventOrganizerID":[],"_EventVenueID":[],"_OrganizerEmail":"","_OrganizerPhone":"","_OrganizerWebsite":"","_VenueAddress":"","_VenueCity":"","_VenueCountry":"","_VenueProvince":"","_VenueState":"","_VenueZip":"","_VenuePhone":"","_VenueURL":"","_VenueStateProvince":"","_VenueLat":"","_VenueLng":"","_VenueShowMap":false,"_VenueShowMapLink":false,"footnotes":""},"categories":[228,227],"tags":[438,423,560,436,439,434,437,435],"class_list":["post-2844","post","type-post","status-publish","format-standard","has-post-thumbnail","hentry","category-irrealite","category-photographie","tag-fenetres","tag-feuille","tag-irrealite","tag-magie","tag-pot","tag-reflet","tag-ville","tag-vitrine"],"_links":{"self":[{"href":"https:\/\/www.irreel.ch\/blog\/wp-json\/wp\/v2\/posts\/2844","targetHints":{"allow":["GET"]}}],"collection":[{"href":"https:\/\/www.irreel.ch\/blog\/wp-json\/wp\/v2\/posts"}],"about":[{"href":"https:\/\/www.irreel.ch\/blog\/wp-json\/wp\/v2\/types\/post"}],"author":[{"embeddable":true,"href":"https:\/\/www.irreel.ch\/blog\/wp-json\/wp\/v2\/users\/191"}],"replies":[{"embeddable":true,"href":"https:\/\/www.irreel.ch\/blog\/wp-json\/wp\/v2\/comments?post=2844"}],"version-history":[{"count":5,"href":"https:\/\/www.irreel.ch\/blog\/wp-json\/wp\/v2\/posts\/2844\/revisions"}],"predecessor-version":[{"id":5759,"href":"https:\/\/www.irreel.ch\/blog\/wp-json\/wp\/v2\/posts\/2844\/revisions\/5759"}],"wp:featuredmedia":[{"embeddable":true,"href":"https:\/\/www.irreel.ch\/blog\/wp-json\/wp\/v2\/media\/3809"}],"wp:attachment":[{"href":"https:\/\/www.irreel.ch\/blog\/wp-json\/wp\/v2\/media?parent=2844"}],"wp:term":[{"taxonomy":"category","embeddable":true,"href":"https:\/\/www.irreel.ch\/blog\/wp-json\/wp\/v2\/categories?post=2844"},{"taxonomy":"post_tag","embeddable":true,"href":"https:\/\/www.irreel.ch\/blog\/wp-json\/wp\/v2\/tags?post=2844"}],"curies":[{"name":"wp","href":"https:\/\/api.w.org\/{rel}","templated":true}]}}