{"id":2840,"date":"2012-04-24T05:26:00","date_gmt":"2012-04-24T03:26:00","guid":{"rendered":"http:\/\/www.irreel.org\/blog\/?p=2840"},"modified":"2019-03-12T07:12:45","modified_gmt":"2019-03-12T05:12:45","slug":"photo-couleurs-du-reel","status":"publish","type":"post","link":"https:\/\/www.irreel.ch\/blog\/photo-couleurs-du-reel\/","title":{"rendered":"Photo \/ Irr\u00e9el \/ Couleurs du r\u00e9el"},"content":{"rendered":"\n<figure class=\"wp-block-image\"><a href=\"http:\/\/www.irreel.ch\/blog\/wp-content\/uploads\/couleurs-du-reel-2.jpg\"><img loading=\"lazy\" decoding=\"async\" width=\"1024\" height=\"704\" src=\"http:\/\/www.irreel.ch\/blog\/wp-content\/uploads\/couleurs-du-reel-2-1024x704.jpg\" alt=\"\" class=\"wp-image-5756\" srcset=\"https:\/\/www.irreel.ch\/blog\/wp-content\/uploads\/couleurs-du-reel-2-1024x704.jpg 1024w, https:\/\/www.irreel.ch\/blog\/wp-content\/uploads\/couleurs-du-reel-2-150x103.jpg 150w, https:\/\/www.irreel.ch\/blog\/wp-content\/uploads\/couleurs-du-reel-2-300x206.jpg 300w, https:\/\/www.irreel.ch\/blog\/wp-content\/uploads\/couleurs-du-reel-2-768x528.jpg 768w, https:\/\/www.irreel.ch\/blog\/wp-content\/uploads\/couleurs-du-reel-2.jpg 1063w\" sizes=\"auto, (max-width: 1024px) 100vw, 1024px\" \/><\/a><figcaption>Passage dans un autre monde<\/figcaption><\/figure>\n\n\n\n<p>Couleurs du r\u00e9el, vitrines et reflets \u00e0 B\u00e2les, juillet 1992. O\u00f9 commence le r\u00e9el? Ces jeux de couleurs et de formes!Envie de savoir o\u00f9 l&rsquo;on est, dans quel monde on se trouve, dans le r\u00e9el ou par de l\u00e0 le r\u00e9el?<\/p>\n","protected":false},"excerpt":{"rendered":"<p>Couleurs du r\u00e9el, vitrines et reflets \u00e0 B\u00e2les, juillet 1992. O\u00f9 commence le r\u00e9el? Ces jeux de couleurs et de formes!Envie de savoir o\u00f9 l&rsquo;on est, dans quel monde on se trouve, dans le&#46;&#46;&#46;<\/p>\n","protected":false},"author":191,"featured_media":4193,"comment_status":"open","ping_status":"closed","sticky":false,"template":"","format":"standard","meta":{"sfsi_plus_gutenberg_text_before_share":"","sfsi_plus_gutenberg_show_text_before_share":"","sfsi_plus_gutenberg_icon_type":"","sfsi_plus_gutenberg_icon_alignemt":"","sfsi_plus_gutenburg_max_per_row":"","_EventAllDay":false,"_EventTimezone":"","_EventStartDate":"","_EventEndDate":"","_EventStartDateUTC":"","_EventEndDateUTC":"","_EventShowMap":false,"_EventShowMapLink":false,"_EventURL":"","_EventCost":"","_EventCostDescription":"","_EventCurrencySymbol":"","_EventCurrencyCode":"","_EventCurrencyPosition":"","_EventDateTimeSeparator":"","_EventTimeRangeSeparator":"","_EventOrganizerID":[],"_EventVenueID":[],"_OrganizerEmail":"","_OrganizerPhone":"","_OrganizerWebsite":"","_VenueAddress":"","_VenueCity":"","_VenueCountry":"","_VenueProvince":"","_VenueState":"","_VenueZip":"","_VenuePhone":"","_VenueURL":"","_VenueStateProvince":"","_VenueLat":"","_VenueLng":"","_VenueShowMap":false,"_VenueShowMapLink":false,"footnotes":""},"categories":[228,227],"tags":[433,237,434,435],"class_list":["post-2840","post","type-post","status-publish","format-standard","has-post-thumbnail","hentry","category-irrealite","category-photographie","tag-arrosoir","tag-couleurs","tag-reflet","tag-vitrine"],"_links":{"self":[{"href":"https:\/\/www.irreel.ch\/blog\/wp-json\/wp\/v2\/posts\/2840","targetHints":{"allow":["GET"]}}],"collection":[{"href":"https:\/\/www.irreel.ch\/blog\/wp-json\/wp\/v2\/posts"}],"about":[{"href":"https:\/\/www.irreel.ch\/blog\/wp-json\/wp\/v2\/types\/post"}],"author":[{"embeddable":true,"href":"https:\/\/www.irreel.ch\/blog\/wp-json\/wp\/v2\/users\/191"}],"replies":[{"embeddable":true,"href":"https:\/\/www.irreel.ch\/blog\/wp-json\/wp\/v2\/comments?post=2840"}],"version-history":[{"count":7,"href":"https:\/\/www.irreel.ch\/blog\/wp-json\/wp\/v2\/posts\/2840\/revisions"}],"predecessor-version":[{"id":5760,"href":"https:\/\/www.irreel.ch\/blog\/wp-json\/wp\/v2\/posts\/2840\/revisions\/5760"}],"wp:featuredmedia":[{"embeddable":true,"href":"https:\/\/www.irreel.ch\/blog\/wp-json\/wp\/v2\/media\/4193"}],"wp:attachment":[{"href":"https:\/\/www.irreel.ch\/blog\/wp-json\/wp\/v2\/media?parent=2840"}],"wp:term":[{"taxonomy":"category","embeddable":true,"href":"https:\/\/www.irreel.ch\/blog\/wp-json\/wp\/v2\/categories?post=2840"},{"taxonomy":"post_tag","embeddable":true,"href":"https:\/\/www.irreel.ch\/blog\/wp-json\/wp\/v2\/tags?post=2840"}],"curies":[{"name":"wp","href":"https:\/\/api.w.org\/{rel}","templated":true}]}}