{"id":2678,"date":"2012-04-16T20:27:49","date_gmt":"2012-04-16T18:27:49","guid":{"rendered":"http:\/\/www.irreel.org\/blog\/?p=2678"},"modified":"2020-04-12T06:29:27","modified_gmt":"2020-04-12T04:29:27","slug":"improvisation-petit-carillon-melodie-de-rouen","status":"publish","type":"post","link":"https:\/\/www.irreel.ch\/blog\/improvisation-petit-carillon-melodie-de-rouen\/","title":{"rendered":"Improvisation \/ Petit carillon, m\u00e9lodie de Rouen"},"content":{"rendered":"\n<p>Sur le petit carillon de 3 octaves des orgues de l&rsquo;Abbaye de Montheron pr\u00e8s Lausanne, quelques variations sur une m\u00e9lodie ancienne, hymne Iste confessor de Rouen, vari\u00e9 par Daniel Thomas.<\/p>\n\n\n\n<figure class=\"wp-block-embed-youtube wp-block-embed is-type-video is-provider-youtube wp-embed-aspect-16-9 wp-has-aspect-ratio\"><div class=\"wp-block-embed__wrapper\">\n<div class=\"video-container\"><iframe loading=\"lazy\" title=\"Petit carillon au clavier, m\u00e9lodie de Rouen\" width=\"500\" height=\"281\" src=\"https:\/\/www.youtube.com\/embed\/Ut6vdxW8MuY?feature=oembed&#038;wmode=opaque\" frameborder=\"0\" allow=\"accelerometer; autoplay; clipboard-write; encrypted-media; gyroscope; picture-in-picture; web-share\" referrerpolicy=\"strict-origin-when-cross-origin\" allowfullscreen><\/iframe><\/div>\n<\/div><figcaption>Au clavier du carillon des orgues<\/figcaption><\/figure>\n","protected":false},"excerpt":{"rendered":"<p>Sur le petit carillon de 3 octaves des orgues de l&rsquo;Abbaye de Montheron pr\u00e8s Lausanne, quelques variations sur une m\u00e9lodie ancienne, hymne Iste confessor de Rouen, vari\u00e9 par Daniel Thomas.<\/p>\n","protected":false},"author":191,"featured_media":4210,"comment_status":"open","ping_status":"closed","sticky":false,"template":"","format":"standard","meta":{"sfsi_plus_gutenberg_text_before_share":"","sfsi_plus_gutenberg_show_text_before_share":"","sfsi_plus_gutenberg_icon_type":"","sfsi_plus_gutenberg_icon_alignemt":"","sfsi_plus_gutenburg_max_per_row":"","_EventAllDay":false,"_EventTimezone":"","_EventStartDate":"","_EventEndDate":"","_EventStartDateUTC":"","_EventEndDateUTC":"","_EventShowMap":false,"_EventShowMapLink":false,"_EventURL":"","_EventCost":"","_EventCostDescription":"","_EventCurrencySymbol":"","_EventCurrencyCode":"","_EventCurrencyPosition":"","_EventDateTimeSeparator":"","_EventTimeRangeSeparator":"","_EventOrganizerID":[],"_EventVenueID":[],"_OrganizerEmail":"","_OrganizerPhone":"","_OrganizerWebsite":"","_VenueAddress":"","_VenueCity":"","_VenueCountry":"","_VenueProvince":"","_VenueState":"","_VenueZip":"","_VenuePhone":"","_VenueURL":"","_VenueStateProvince":"","_VenueLat":"","_VenueLng":"","_VenueShowMap":false,"_VenueShowMapLink":false,"footnotes":""},"categories":[143,12,14],"tags":[544,416,415,513,414],"class_list":["post-2678","post","type-post","status-publish","format-standard","has-post-thumbnail","hentry","category-carillon","category-improvisation","category-video","tag-carillon","tag-clochettes","tag-glockenspiel","tag-improvisation","tag-petit-carillon"],"_links":{"self":[{"href":"https:\/\/www.irreel.ch\/blog\/wp-json\/wp\/v2\/posts\/2678","targetHints":{"allow":["GET"]}}],"collection":[{"href":"https:\/\/www.irreel.ch\/blog\/wp-json\/wp\/v2\/posts"}],"about":[{"href":"https:\/\/www.irreel.ch\/blog\/wp-json\/wp\/v2\/types\/post"}],"author":[{"embeddable":true,"href":"https:\/\/www.irreel.ch\/blog\/wp-json\/wp\/v2\/users\/191"}],"replies":[{"embeddable":true,"href":"https:\/\/www.irreel.ch\/blog\/wp-json\/wp\/v2\/comments?post=2678"}],"version-history":[{"count":4,"href":"https:\/\/www.irreel.ch\/blog\/wp-json\/wp\/v2\/posts\/2678\/revisions"}],"predecessor-version":[{"id":6489,"href":"https:\/\/www.irreel.ch\/blog\/wp-json\/wp\/v2\/posts\/2678\/revisions\/6489"}],"wp:featuredmedia":[{"embeddable":true,"href":"https:\/\/www.irreel.ch\/blog\/wp-json\/wp\/v2\/media\/4210"}],"wp:attachment":[{"href":"https:\/\/www.irreel.ch\/blog\/wp-json\/wp\/v2\/media?parent=2678"}],"wp:term":[{"taxonomy":"category","embeddable":true,"href":"https:\/\/www.irreel.ch\/blog\/wp-json\/wp\/v2\/categories?post=2678"},{"taxonomy":"post_tag","embeddable":true,"href":"https:\/\/www.irreel.ch\/blog\/wp-json\/wp\/v2\/tags?post=2678"}],"curies":[{"name":"wp","href":"https:\/\/api.w.org\/{rel}","templated":true}]}}