{"id":251,"date":"2008-11-29T21:56:58","date_gmt":"2008-11-29T19:56:58","guid":{"rendered":"http:\/\/www.irreel.org\/blog\/?p=251"},"modified":"2019-03-07T07:45:09","modified_gmt":"2019-03-07T05:45:09","slug":"un-grand-chene","status":"publish","type":"post","link":"https:\/\/www.irreel.ch\/blog\/un-grand-chene\/","title":{"rendered":"Dessin \/ plume \/ Un grand ch\u00eane"},"content":{"rendered":"\n<figure class=\"wp-block-image\"><a href=\"http:\/\/www.irreel.ch\/blog\/wp-content\/uploads\/chene3-1.jpg\"><img loading=\"lazy\" decoding=\"async\" width=\"585\" height=\"808\" src=\"http:\/\/www.irreel.ch\/blog\/wp-content\/uploads\/chene3-1.jpg\" alt=\"\" class=\"wp-image-5344\" srcset=\"https:\/\/www.irreel.ch\/blog\/wp-content\/uploads\/chene3-1.jpg 585w, https:\/\/www.irreel.ch\/blog\/wp-content\/uploads\/chene3-1-109x150.jpg 109w, https:\/\/www.irreel.ch\/blog\/wp-content\/uploads\/chene3-1-217x300.jpg 217w\" sizes=\"auto, (max-width: 585px) 100vw, 585px\" \/><\/a><figcaption>Force de l&rsquo;\u00eatre, de la vie en \u00e9clat<\/figcaption><\/figure>\n\n\n<p>Un grand ch\u00eane, isol\u00e9, dessin\u00e9 dans toute sa force et sa pr\u00e9sence, 1979, encre de chine.<\/p>","protected":false},"excerpt":{"rendered":"<p>Un grand ch\u00eane, isol\u00e9, dessin\u00e9 dans toute sa force et sa pr\u00e9sence, 1979, encre de chine.<\/p>\n","protected":false},"author":5,"featured_media":3897,"comment_status":"open","ping_status":"closed","sticky":false,"template":"","format":"standard","meta":{"sfsi_plus_gutenberg_text_before_share":"","sfsi_plus_gutenberg_show_text_before_share":"","sfsi_plus_gutenberg_icon_type":"","sfsi_plus_gutenberg_icon_alignemt":"","sfsi_plus_gutenburg_max_per_row":"","_EventAllDay":false,"_EventTimezone":"","_EventStartDate":"","_EventEndDate":"","_EventStartDateUTC":"","_EventEndDateUTC":"","_EventShowMap":false,"_EventShowMapLink":false,"_EventURL":"","_EventCost":"","_EventCostDescription":"","_EventCurrencySymbol":"","_EventCurrencyCode":"","_EventCurrencyPosition":"","_EventDateTimeSeparator":"","_EventTimeRangeSeparator":"","_EventOrganizerID":[],"_EventVenueID":[],"_OrganizerEmail":"","_OrganizerPhone":"","_OrganizerWebsite":"","_VenueAddress":"","_VenueCity":"","_VenueCountry":"","_VenueProvince":"","_VenueState":"","_VenueZip":"","_VenuePhone":"","_VenueURL":"","_VenueStateProvince":"","_VenueLat":"","_VenueLng":"","_VenueShowMap":false,"_VenueShowMapLink":false,"footnotes":""},"categories":[27,8],"tags":[520,85,510,153,443,75],"class_list":["post-251","post","type-post","status-publish","format-standard","has-post-thumbnail","hentry","category-arbres","category-dessin","tag-arbres","tag-chene","tag-dessin","tag-dessin-a-la-plume","tag-dessin-de-vegetaux","tag-plume"],"_links":{"self":[{"href":"https:\/\/www.irreel.ch\/blog\/wp-json\/wp\/v2\/posts\/251","targetHints":{"allow":["GET"]}}],"collection":[{"href":"https:\/\/www.irreel.ch\/blog\/wp-json\/wp\/v2\/posts"}],"about":[{"href":"https:\/\/www.irreel.ch\/blog\/wp-json\/wp\/v2\/types\/post"}],"author":[{"embeddable":true,"href":"https:\/\/www.irreel.ch\/blog\/wp-json\/wp\/v2\/users\/5"}],"replies":[{"embeddable":true,"href":"https:\/\/www.irreel.ch\/blog\/wp-json\/wp\/v2\/comments?post=251"}],"version-history":[{"count":22,"href":"https:\/\/www.irreel.ch\/blog\/wp-json\/wp\/v2\/posts\/251\/revisions"}],"predecessor-version":[{"id":5346,"href":"https:\/\/www.irreel.ch\/blog\/wp-json\/wp\/v2\/posts\/251\/revisions\/5346"}],"wp:featuredmedia":[{"embeddable":true,"href":"https:\/\/www.irreel.ch\/blog\/wp-json\/wp\/v2\/media\/3897"}],"wp:attachment":[{"href":"https:\/\/www.irreel.ch\/blog\/wp-json\/wp\/v2\/media?parent=251"}],"wp:term":[{"taxonomy":"category","embeddable":true,"href":"https:\/\/www.irreel.ch\/blog\/wp-json\/wp\/v2\/categories?post=251"},{"taxonomy":"post_tag","embeddable":true,"href":"https:\/\/www.irreel.ch\/blog\/wp-json\/wp\/v2\/tags?post=251"}],"curies":[{"name":"wp","href":"https:\/\/api.w.org\/{rel}","templated":true}]}}