{"id":2466,"date":"2012-03-24T10:13:48","date_gmt":"2012-03-24T08:13:48","guid":{"rendered":"http:\/\/www.irreel.org\/blog\/?p=2466"},"modified":"2017-01-02T10:19:54","modified_gmt":"2017-01-02T08:19:54","slug":"essais-poetiques-parcours","status":"publish","type":"post","link":"https:\/\/www.irreel.ch\/blog\/essais-poetiques-parcours\/","title":{"rendered":"Essais po\u00e9tiques \/ Parcours"},"content":{"rendered":"<p style=\"text-align: center;\"><img decoding=\"async\" class=\"alignnone\" title=\"parcours\" src=\"http:\/\/www.irreel.ch\/blog\/wp-content\/uploads\/parcours.jpg\" alt=\"\" width=\"600\"  \/><\/p>\n<iframe loading=\"lazy\" width=\"100%\" height=\"450\" scrolling=\"no\" frameborder=\"no\" src=\"https:\/\/w.soundcloud.com\/player?url=https%3A%2F%2Fapi.soundcloud.com%2Ftracks%2F68512120&visual=true&auto_play=false&hide_related=false&show_comments=true&show_user=true&show_reposts=false\"><\/iframe>\n<p style=\"text-align: center;\"><em>Parcours<\/em><\/p>\n<p style=\"text-align: center;\"><em>l\u00e9g\u00e9rement nimb\u00e9e de lumi\u00e8re<\/em><br \/>\n<em> doucement caress\u00e9e des rayons<\/em><br \/>\n<em> la terre<\/em><br \/>\n<em> petits fr\u00e9missements<\/em><br \/>\n<em> aux chaleurs du soleil<\/em><br \/>\n<em> la terre entame<\/em><\/p>\n<p style=\"text-align: center;\"><em>tr\u00e8s l\u00e9g\u00e9rement courb\u00e9<\/em><br \/>\n<em> un parcours dans l&rsquo;espace<\/em><br \/>\n<em> emportant<\/em><br \/>\n<em> sans<\/em><br \/>\n<em> sans doute<\/em><br \/>\n<em> qu&rsquo;elle n&rsquo;y pense<\/em><br \/>\n<em> de quelconque mani\u00e8re<\/em><\/p>\n<p style=\"text-align: center;\"><em>une passag\u00e8re<\/em><\/p>\n<p style=\"text-align: center;\"><em>sens-tu les variations d\u00e9licates<\/em><br \/>\n<em> des teintes et des temp\u00e9ratures<\/em><br \/>\n<em> les variations en m\u00e9tamorphoses de l&rsquo;air?<\/em><\/p>\n<p style=\"text-align: center;\"><em>sens-tu comment diff\u00e9remment<\/em><br \/>\n<em> traverse la lumi\u00e8re l&rsquo;espace<\/em><br \/>\n<em> s&rsquo;il fait froid ou chaud<\/em><br \/>\n<em> l&rsquo;air humide<\/em><br \/>\n<em> ou sec dans le vent?<\/em><\/p>\n<p style=\"text-align: center;\"><em>voyage en temps ou en espace<\/em><br \/>\n<em> petits miracles, changements<\/em><br \/>\n<em> la plan\u00e8te s&rsquo;incline<\/em><br \/>\n<em> penche face au soleil<\/em><\/p>\n<p style=\"text-align: center;\"><em>et toi, courb\u00e9e ainsi \u00e0 ton insu,<\/em><br \/>\n<em> pench\u00e9e plus ou moins,<\/em><br \/>\n<em> sens la chaleur ou le froid<\/em><br \/>\n<em> suivant le mouvement<\/em><\/p>\n<p style=\"text-align: center;\"><em>l\u00e9g\u00e9rement nimb\u00e9e de lumi\u00e8re<\/em><br \/>\n<em> doucement caress\u00e9e des rayons<\/em><br \/>\n<em> la terre<\/em><br \/>\n<em> te tourne et te penche<\/em><\/p>\n<p style=\"text-align: center;\"><em>vis les jours en ouvertures<\/em><br \/>\n<em> \u00f4 passag\u00e8re<\/em><\/p>\n<p style=\"text-align: center;\">\u00a9 Daniel Thomas<\/p>\n","protected":false},"excerpt":{"rendered":"<p>Parcours l\u00e9g\u00e9rement nimb\u00e9e de lumi\u00e8re doucement caress\u00e9e des rayons la terre petits fr\u00e9missements aux chaleurs du soleil la terre entame tr\u00e8s l\u00e9g\u00e9rement courb\u00e9 un parcours dans l&rsquo;espace emportant sans sans doute qu&rsquo;elle n&rsquo;y pense&#46;&#46;&#46;<\/p>\n","protected":false},"author":191,"featured_media":3868,"comment_status":"open","ping_status":"closed","sticky":false,"template":"","format":"standard","meta":{"sfsi_plus_gutenberg_text_before_share":"","sfsi_plus_gutenberg_show_text_before_share":"","sfsi_plus_gutenberg_icon_type":"","sfsi_plus_gutenberg_icon_alignemt":"","sfsi_plus_gutenburg_max_per_row":"","_EventAllDay":false,"_EventTimezone":"","_EventStartDate":"","_EventEndDate":"","_EventStartDateUTC":"","_EventEndDateUTC":"","_EventShowMap":false,"_EventShowMapLink":false,"_EventURL":"","_EventCost":"","_EventCostDescription":"","_EventCurrencySymbol":"","_EventCurrencyCode":"","_EventCurrencyPosition":"","_EventDateTimeSeparator":"","_EventTimeRangeSeparator":"","_EventOrganizerID":[],"_EventVenueID":[],"_OrganizerEmail":"","_OrganizerPhone":"","_OrganizerWebsite":"","_VenueAddress":"","_VenueCity":"","_VenueCountry":"","_VenueProvince":"","_VenueState":"","_VenueZip":"","_VenuePhone":"","_VenueURL":"","_VenueStateProvince":"","_VenueLat":"","_VenueLng":"","_VenueShowMap":false,"_VenueShowMapLink":false,"footnotes":""},"categories":[311],"tags":[524],"class_list":["post-2466","post","type-post","status-publish","format-standard","has-post-thumbnail","hentry","category-essais-poetiques","tag-poesie"],"_links":{"self":[{"href":"https:\/\/www.irreel.ch\/blog\/wp-json\/wp\/v2\/posts\/2466","targetHints":{"allow":["GET"]}}],"collection":[{"href":"https:\/\/www.irreel.ch\/blog\/wp-json\/wp\/v2\/posts"}],"about":[{"href":"https:\/\/www.irreel.ch\/blog\/wp-json\/wp\/v2\/types\/post"}],"author":[{"embeddable":true,"href":"https:\/\/www.irreel.ch\/blog\/wp-json\/wp\/v2\/users\/191"}],"replies":[{"embeddable":true,"href":"https:\/\/www.irreel.ch\/blog\/wp-json\/wp\/v2\/comments?post=2466"}],"version-history":[{"count":5,"href":"https:\/\/www.irreel.ch\/blog\/wp-json\/wp\/v2\/posts\/2466\/revisions"}],"predecessor-version":[{"id":3662,"href":"https:\/\/www.irreel.ch\/blog\/wp-json\/wp\/v2\/posts\/2466\/revisions\/3662"}],"wp:featuredmedia":[{"embeddable":true,"href":"https:\/\/www.irreel.ch\/blog\/wp-json\/wp\/v2\/media\/3868"}],"wp:attachment":[{"href":"https:\/\/www.irreel.ch\/blog\/wp-json\/wp\/v2\/media?parent=2466"}],"wp:term":[{"taxonomy":"category","embeddable":true,"href":"https:\/\/www.irreel.ch\/blog\/wp-json\/wp\/v2\/categories?post=2466"},{"taxonomy":"post_tag","embeddable":true,"href":"https:\/\/www.irreel.ch\/blog\/wp-json\/wp\/v2\/tags?post=2466"}],"curies":[{"name":"wp","href":"https:\/\/api.w.org\/{rel}","templated":true}]}}