{"id":2421,"date":"2012-03-05T20:54:17","date_gmt":"2012-03-05T18:54:17","guid":{"rendered":"http:\/\/www.irreel.org\/blog\/?p=2421"},"modified":"2012-03-05T20:54:17","modified_gmt":"2012-03-05T18:54:17","slug":"articles-de-presse-improvisation","status":"publish","type":"post","link":"https:\/\/www.irreel.ch\/blog\/articles-de-presse-improvisation\/","title":{"rendered":"Articles de presse \u00ab\u00a0improvisation\u00a0\u00bb"},"content":{"rendered":"<p>Articles:<\/p>\n<p><span style=\"font-size: large;\">Peindre la Musique<br \/>\n<\/span>\u00e9glise de Villeneuve octobre\u00a0<span style=\"font-size: large;\">1994<\/span>, journal de la Rivi\u00e9ra<br \/>\nProfitant de sa venue au bord du lac L\u00e9man, l&rsquo;artiste qui aime le lac, s&rsquo;est baign\u00e9 (brrr!) et improvise sur ce qu&rsquo;il a vu et ressenti! \u00ab\u00a0Le lac \u00e0 Villeneuve\u00a0\u00bb traduit, sur de s\u00e9duisant jeux de fl\u00fbte, le reflet et le scintillement des vagues par une calme et ensoleill\u00e9e journ\u00e9e d&rsquo;auromne&#8230;<\/p>\n<p><a href=\"http:\/\/www.carillonneur.ch\/a-presse\/peindre-la-musique.html\"><img loading=\"lazy\" decoding=\"async\" src=\"http:\/\/www.carillonneur.ch\/a-presse\/peindre-la-musique-2.jpg\" border=\"0\" alt=\"\" width=\"132\" height=\"273\" \/><\/a><\/p>\n<table border=\"0\" cellspacing=\"2\" cellpadding=\"0\" width=\"580\">\n<tbody>\n<tr>\n<td align=\"center\"><img loading=\"lazy\" decoding=\"async\" src=\"http:\/\/www.irreel.ch\/a-images-de-fonds\/mini\/mini-blanc.gif\" border=\"0\" alt=\"\" width=\"596\" height=\"1\" \/><\/td>\n<\/tr>\n<\/tbody>\n<\/table>\n<p><span style=\"font-size: small;\"><span style=\"font-size: large;\">Improvisation \u00e0 l&rsquo;orgue sur le th\u00e8me: Fleurs et couleurs d&rsquo;avril\u00a0\u00bb<\/span><span style=\"font-size: x-small;\">, <\/span><span style=\"font-size: large;\">1996<\/span><\/span><\/p>\n<p><span style=\"font-size: small;\">article dans le journal \u00ab\u00a0Voce di Blenio\u00a0\u00bb, avril 1996,<\/span><br \/>\n<span style=\"font-size: small;\">\u00ab\u00a0Improvvisazione sul tema : Fiori e colori d&rsquo;aprile\u00a0\u00bb, un brano moderno, leggiadro, che ha sciorinato davanti alla fantasia degli ascoltatori tutta la bellezza della stagione nascente e ha fatto riaffiorare alla mente la visione della Primavera di Botticelli che danza leggera sui prati in fiore.<\/span><\/p>\n<p><span style=\"font-size: small;\">(\u00ab\u00a0Improvisation sur le th\u00e8me: Fleurs et couleurs d&rsquo;avril\u00a0\u00bb, une oeuvre moderne, gracieuse, qui a pr\u00e9sent\u00e9 devant l&rsquo;imagination des auditeurs toute la beaut\u00e9 de la saison naissante et a fait r\u00e9affleurer \u00e0 l&rsquo;esprit la vision du Printemps de Botticelli qui danse l\u00e9g\u00e8re sur les pr\u00e9s en fleurs.<\/span><\/p>\n<p><span style=\"font-size: small;\"><a href=\"http:\/\/www.carillonneur.ch\/b-images-irreel\/dongio-1996.gif\"><img loading=\"lazy\" decoding=\"async\" src=\"http:\/\/www.carillonneur.ch\/dossier-de-presse\/dongio-1996-mini.gif\" border=\"0\" alt=\"\" width=\"97\" height=\"140\" \/><\/a><\/span><\/p>\n","protected":false},"excerpt":{"rendered":"<p>Articles: Peindre la Musique \u00e9glise de Villeneuve octobre\u00a01994, journal de la Rivi\u00e9ra Profitant de sa venue au bord du lac L\u00e9man, l&rsquo;artiste qui aime le lac, s&rsquo;est baign\u00e9 (brrr!) et improvise sur ce qu&rsquo;il&#46;&#46;&#46;<\/p>\n","protected":false},"author":191,"featured_media":0,"comment_status":"open","ping_status":"closed","sticky":false,"template":"","format":"standard","meta":{"sfsi_plus_gutenberg_text_before_share":"","sfsi_plus_gutenberg_show_text_before_share":"","sfsi_plus_gutenberg_icon_type":"","sfsi_plus_gutenberg_icon_alignemt":"","sfsi_plus_gutenburg_max_per_row":"","_EventAllDay":false,"_EventTimezone":"","_EventStartDate":"","_EventEndDate":"","_EventStartDateUTC":"","_EventEndDateUTC":"","_EventShowMap":false,"_EventShowMapLink":false,"_EventURL":"","_EventCost":"","_EventCostDescription":"","_EventCurrencySymbol":"","_EventCurrencyCode":"","_EventCurrencyPosition":"","_EventDateTimeSeparator":"","_EventTimeRangeSeparator":"","_EventOrganizerID":[],"_EventVenueID":[],"_OrganizerEmail":"","_OrganizerPhone":"","_OrganizerWebsite":"","_VenueAddress":"","_VenueCity":"","_VenueCountry":"","_VenueProvince":"","_VenueState":"","_VenueZip":"","_VenuePhone":"","_VenueURL":"","_VenueStateProvince":"","_VenueLat":"","_VenueLng":"","_VenueShowMap":false,"_VenueShowMapLink":false,"footnotes":""},"categories":[12],"tags":[513],"class_list":["post-2421","post","type-post","status-publish","format-standard","hentry","category-improvisation","tag-improvisation"],"_links":{"self":[{"href":"https:\/\/www.irreel.ch\/blog\/wp-json\/wp\/v2\/posts\/2421","targetHints":{"allow":["GET"]}}],"collection":[{"href":"https:\/\/www.irreel.ch\/blog\/wp-json\/wp\/v2\/posts"}],"about":[{"href":"https:\/\/www.irreel.ch\/blog\/wp-json\/wp\/v2\/types\/post"}],"author":[{"embeddable":true,"href":"https:\/\/www.irreel.ch\/blog\/wp-json\/wp\/v2\/users\/191"}],"replies":[{"embeddable":true,"href":"https:\/\/www.irreel.ch\/blog\/wp-json\/wp\/v2\/comments?post=2421"}],"version-history":[{"count":1,"href":"https:\/\/www.irreel.ch\/blog\/wp-json\/wp\/v2\/posts\/2421\/revisions"}],"predecessor-version":[{"id":2422,"href":"https:\/\/www.irreel.ch\/blog\/wp-json\/wp\/v2\/posts\/2421\/revisions\/2422"}],"wp:attachment":[{"href":"https:\/\/www.irreel.ch\/blog\/wp-json\/wp\/v2\/media?parent=2421"}],"wp:term":[{"taxonomy":"category","embeddable":true,"href":"https:\/\/www.irreel.ch\/blog\/wp-json\/wp\/v2\/categories?post=2421"},{"taxonomy":"post_tag","embeddable":true,"href":"https:\/\/www.irreel.ch\/blog\/wp-json\/wp\/v2\/tags?post=2421"}],"curies":[{"name":"wp","href":"https:\/\/api.w.org\/{rel}","templated":true}]}}