{"id":24,"date":"2008-05-22T07:07:50","date_gmt":"2008-05-22T05:07:50","guid":{"rendered":"http:\/\/www.irreel.ch\/blog\/?p=24"},"modified":"2024-10-18T20:28:01","modified_gmt":"2024-10-18T18:28:01","slug":"lauteur-du-site","status":"publish","type":"post","link":"https:\/\/www.irreel.ch\/blog\/lauteur-du-site\/","title":{"rendered":"L&rsquo;auteur du site"},"content":{"rendered":"\n<p>Daniel Thomas est passionn\u00e9 par les langages.&nbsp;<\/p>\n\n\n\n<p>Le langage de la musique:<\/p>\n\n\n\n<p>La composition musicale: Il \u00e9crit<strong>&nbsp;<\/strong>pour diff\u00e9rents ensembles ou pour ses instruments, \u201c<em>conte pour guitare et orchestre<\/em>\u201d, septuor \u201c<em>Le lac L\u00e9man<\/em>\u201d\u2026&nbsp;<\/p>\n\n\n\n<p>L\u2019improvisation: il improvise<strong>&nbsp;<\/strong>des musiques inspir\u00e9es de ph\u00e9nom\u00e8nes naturels, paysages, montagnes, lacs, jeux d\u2019eaux, fleurs, oiseaux, portraits, . . .&nbsp;<\/p>\n\n\n\n<p>L\u2019orgue: Il obtient en 1992 une virtuosit\u00e9 d\u2019orgue du Conservatoire de Lausanne. Il est titulaire des orgues de l\u2019abbaye de Montheron Il donne des r\u00e9citals d\u2019orgue&nbsp; en solo ou avec d\u2019autres instruments ( en Su\u00e8de, la Finlande, la Tch\u00e9quie ou au Mexique, \u2026) &nbsp;<\/p>\n\n\n\n<p>Le carillon: Il a suivi des cours de carillon \u00e0 Amersfoort (Hollande) et \u00e0 Mechelen (Belgique). Il est carillonneur \u00e0 l \u2018\u00e9glise de Chantemerle \u00e0 Pully-Lausanne. &nbsp;<\/p>\n\n\n\n<p>Le langage de la peinture:<\/p>\n\n\n\n<p>Il a \u00e9tudi\u00e9 la peinture en autodidacte . Il expose<strong>&nbsp;<\/strong>des oeuvres picturales en techniques mixtes ou des monotypes \u00e9voluant parrall\u00e8lement \u00e0 ses compositions musicales ou ses improvisations. En 1998, il a expos\u00e9 au Mus\u00e9e de l\u2019Estampe de l\u2019Etat de Mexico.&nbsp;<\/p>\n\n\n\n<p>Le langage des mots:<\/p>\n\n\n\n<p>Il obtient en 1984, la licence \u00e8s Lettres (grec, latin, philosophie) \u00e0 Lausanne, il est polyglotte et \u00e9crit des po\u00e8mes et essais: en de nombreuses langues.&nbsp;<\/p>\n\n\n\n<p>Pour en savoir plus, voir ses sites:&nbsp;<a title=\"site artistique\" href=\"http:\/\/carillonneur.ch\/\">www.irreel.ch<\/a>&nbsp;, site artistique,&nbsp;<a title=\"ce site\" href=\"http:\/\/www.langages.ch\/\">www.langages.ch<\/a>&nbsp;, site de manifestations artistiques.&nbsp;<\/p>\n\n\n\n<p>Sites de l&rsquo;auteur :<\/p>\n\n\n\n<p>Voir les articles \u00ab\u00a0sites de l&rsquo;auteur\u00a0\u00bb : <a href=\"https:\/\/www.irreel.ch\/blog\/sujet\/style\/site-internet\/\">https:\/\/www.irreel.ch\/blog\/sujet\/style\/site-internet\/<\/a><\/p>\n","protected":false},"excerpt":{"rendered":"<p>Daniel Thomas est passionn\u00e9 par les langages.&nbsp; Le langage de la musique: La composition musicale: Il \u00e9crit&nbsp;pour diff\u00e9rents ensembles ou pour ses instruments, \u201cconte pour guitare et orchestre\u201d, septuor \u201cLe lac L\u00e9man\u201d\u2026&nbsp; L\u2019improvisation: il&#46;&#46;&#46;<\/p>\n","protected":false},"author":191,"featured_media":4317,"comment_status":"open","ping_status":"closed","sticky":false,"template":"","format":"standard","meta":{"sfsi_plus_gutenberg_text_before_share":"","sfsi_plus_gutenberg_show_text_before_share":"","sfsi_plus_gutenberg_icon_type":"","sfsi_plus_gutenberg_icon_alignemt":"","sfsi_plus_gutenburg_max_per_row":"","_EventAllDay":false,"_EventTimezone":"","_EventStartDate":"","_EventEndDate":"","_EventStartDateUTC":"","_EventEndDateUTC":"","_EventShowMap":false,"_EventShowMapLink":false,"_EventURL":"","_EventCost":"","_EventCostDescription":"","_EventCurrencySymbol":"","_EventCurrencyCode":"","_EventCurrencyPosition":"","_EventDateTimeSeparator":"","_EventTimeRangeSeparator":"","_EventOrganizerID":[],"_EventVenueID":[],"_OrganizerEmail":"","_OrganizerPhone":"","_OrganizerWebsite":"","_VenueAddress":"","_VenueCity":"","_VenueCountry":"","_VenueProvince":"","_VenueState":"","_VenueZip":"","_VenuePhone":"","_VenueURL":"","_VenueStateProvince":"","_VenueLat":"","_VenueLng":"","_VenueShowMap":false,"_VenueShowMapLink":false,"footnotes":""},"categories":[484],"tags":[544,528,513,508],"class_list":["post-24","post","type-post","status-publish","format-standard","has-post-thumbnail","hentry","category-site-internet","tag-carillon","tag-composition","tag-improvisation","tag-peinture"],"_links":{"self":[{"href":"https:\/\/www.irreel.ch\/blog\/wp-json\/wp\/v2\/posts\/24","targetHints":{"allow":["GET"]}}],"collection":[{"href":"https:\/\/www.irreel.ch\/blog\/wp-json\/wp\/v2\/posts"}],"about":[{"href":"https:\/\/www.irreel.ch\/blog\/wp-json\/wp\/v2\/types\/post"}],"author":[{"embeddable":true,"href":"https:\/\/www.irreel.ch\/blog\/wp-json\/wp\/v2\/users\/191"}],"replies":[{"embeddable":true,"href":"https:\/\/www.irreel.ch\/blog\/wp-json\/wp\/v2\/comments?post=24"}],"version-history":[{"count":5,"href":"https:\/\/www.irreel.ch\/blog\/wp-json\/wp\/v2\/posts\/24\/revisions"}],"predecessor-version":[{"id":7172,"href":"https:\/\/www.irreel.ch\/blog\/wp-json\/wp\/v2\/posts\/24\/revisions\/7172"}],"wp:featuredmedia":[{"embeddable":true,"href":"https:\/\/www.irreel.ch\/blog\/wp-json\/wp\/v2\/media\/4317"}],"wp:attachment":[{"href":"https:\/\/www.irreel.ch\/blog\/wp-json\/wp\/v2\/media?parent=24"}],"wp:term":[{"taxonomy":"category","embeddable":true,"href":"https:\/\/www.irreel.ch\/blog\/wp-json\/wp\/v2\/categories?post=24"},{"taxonomy":"post_tag","embeddable":true,"href":"https:\/\/www.irreel.ch\/blog\/wp-json\/wp\/v2\/tags?post=24"}],"curies":[{"name":"wp","href":"https:\/\/api.w.org\/{rel}","templated":true}]}}