{"id":2153,"date":"2011-01-21T06:57:34","date_gmt":"2011-01-21T04:57:34","guid":{"rendered":"http:\/\/www.irreel.org\/blog\/?p=2153"},"modified":"2017-01-02T10:03:51","modified_gmt":"2017-01-02T08:03:51","slug":"essais-poetiques-le-merle-bleu-el-mirlo-azul","status":"publish","type":"post","link":"https:\/\/www.irreel.ch\/blog\/essais-poetiques-le-merle-bleu-el-mirlo-azul\/","title":{"rendered":"Essais po\u00e9tiques \/ Le merle bleu &#8211; el mirlo azul"},"content":{"rendered":"<p>Po\u00e8me<br \/>\nLe merle bleu<\/p>\n<p><em>Une autre temporalit\u00e9,<br \/>\nUn \u00eatre d\u2019un autre monde<br \/>\nTu es diff\u00e9rent,<br \/>\nSentir ton temps<br \/>\nEntrer dans une autre temporalit\u00e9<br \/>\nS\u2019oublier soi-m\u00eame, son humanitude,<br \/>\nSauter devant, tressauter, rythmes, polyrythmie,<br \/>\nEtre libre, dire le temps,<br \/>\nLes pas, le sentiment passant des pas,<br \/>\nLa qu\u00eate, la d\u00e9couverte, les jours, Le moment,<br \/>\nIl est l\u00e0, il n\u2019est plus l\u00e0, l\u2019oiseau,<br \/>\nIl a \u00e9t\u00e9, il est pass\u00e9, il est rapide,<br \/>\n Il est l\u00e9ger, c\u2019est la seconde du regard vif,<br \/>\nAutres pens\u00e9es, l\u00e9g\u00e8ret\u00e9 du temps,<br \/>\nEclat\u00e9 sous le ciel, et le soleil transparent,<br \/>\nEclats d\u2019instants, d\u00e9chirures de lumi\u00e8re,<br \/>\nTon \u00eatre est l\u00e0,<br \/>\nSuspendu<br \/>\nEntre les mondes<br \/>\nEternit\u00e9 d\u2019instants fugitifs.<br \/>\nRespire l\u2019espace bleu, . . . . . . . . . . . . . . . . des airs ouvert \u00e0 tous les possibles, passage dans les eaux de l\u2019esprit<br \/>\ndessin tendre, doux, du ciel passant et l\u2019envol musique<br \/>\n. . . . . . . . l\u2019envol, ciel et musique, identit\u00e9 absolue!<\/em><\/p>\n<p>Poema<br \/>\nEl mirlo azul<\/p>\n<p>Otra temporalidad,<br \/>\nUn ser de otro mundo<br \/>\nT\u00fa eres diferente,<br \/>\nSentir tu tiempo<br \/>\nEntrar en otra temporalidad<br \/>\nOlvidarse uno mismo, su humanidad,<br \/>\nSaltar delante, bambolearse, ritmos, polirritmos,<br \/>\nSer libre, decir el tiempo,<br \/>\nLos pasos, el sentimiento ocupado de los pasos,<br \/>\nLa b\u00fasqueda, el descubrimiento, los d\u00edas,<br \/>\nEl momento,<br \/>\n\u00c9l est\u00e1 all\u00ed, \u00e9l no est\u00e1 m\u00e1s all\u00ed, el p\u00e1jaro,<br \/>\nEstuvo, pas\u00f3, es r\u00e1pido,<br \/>\nEs ligero, el segundo de la mirada viva,<br \/>\nOtros pensamientos, ligereza del tiempo,<br \/>\nEstallado bajo el cielo, y el sol transparente,<br \/>\nResplandor de momentos, rasgones de luz,<br \/>\nTu ser est\u00e1 all\u00ed,<br \/>\nSuspendido<br \/>\nEntre los mundos<br \/>\nEternidad de instantes fugitivos.<br \/>\nRespira el espacio azul&#8230;&#8230;&#8230;&#8230;&#8230;&#8230;. aire abierto al todo posible, movimiento en las aguas del esp\u00edritu<br \/>\ndibujo blando, suave, del cielo animado y el vuelo m\u00fasica<br \/>\n&#8230;&#8230;&#8230; el vuelo, \u00a1cielo y m\u00fasica, identidad absoluta!<\/p>\n","protected":false},"excerpt":{"rendered":"<p>Po\u00e8me Le merle bleu Une autre temporalit\u00e9, Un \u00eatre d\u2019un autre monde Tu es diff\u00e9rent, Sentir ton temps Entrer dans une autre temporalit\u00e9 S\u2019oublier soi-m\u00eame, son humanitude, Sauter devant, tressauter, rythmes, polyrythmie, Etre libre,&#46;&#46;&#46;<\/p>\n","protected":false},"author":191,"featured_media":3862,"comment_status":"open","ping_status":"closed","sticky":false,"template":"","format":"standard","meta":{"sfsi_plus_gutenberg_text_before_share":"","sfsi_plus_gutenberg_show_text_before_share":"","sfsi_plus_gutenberg_icon_type":"","sfsi_plus_gutenberg_icon_alignemt":"","sfsi_plus_gutenburg_max_per_row":"","_EventAllDay":false,"_EventTimezone":"","_EventStartDate":"","_EventEndDate":"","_EventStartDateUTC":"","_EventEndDateUTC":"","_EventShowMap":false,"_EventShowMapLink":false,"_EventURL":"","_EventCost":"","_EventCostDescription":"","_EventCurrencySymbol":"","_EventCurrencyCode":"","_EventCurrencyPosition":"","_EventDateTimeSeparator":"","_EventTimeRangeSeparator":"","_EventOrganizerID":[],"_EventVenueID":[],"_OrganizerEmail":"","_OrganizerPhone":"","_OrganizerWebsite":"","_VenueAddress":"","_VenueCity":"","_VenueCountry":"","_VenueProvince":"","_VenueState":"","_VenueZip":"","_VenuePhone":"","_VenueURL":"","_VenueStateProvince":"","_VenueLat":"","_VenueLng":"","_VenueShowMap":false,"_VenueShowMapLink":false,"footnotes":""},"categories":[31,121,311],"tags":[522,375,374,368,373,376,377],"class_list":["post-2153","post","type-post","status-publish","format-standard","has-post-thumbnail","hentry","category-animal","category-espagnol","category-essais-poetiques","tag-animal","tag-azul","tag-bleu","tag-merle","tag-mirlo","tag-oiseau","tag-poeme"],"_links":{"self":[{"href":"https:\/\/www.irreel.ch\/blog\/wp-json\/wp\/v2\/posts\/2153","targetHints":{"allow":["GET"]}}],"collection":[{"href":"https:\/\/www.irreel.ch\/blog\/wp-json\/wp\/v2\/posts"}],"about":[{"href":"https:\/\/www.irreel.ch\/blog\/wp-json\/wp\/v2\/types\/post"}],"author":[{"embeddable":true,"href":"https:\/\/www.irreel.ch\/blog\/wp-json\/wp\/v2\/users\/191"}],"replies":[{"embeddable":true,"href":"https:\/\/www.irreel.ch\/blog\/wp-json\/wp\/v2\/comments?post=2153"}],"version-history":[{"count":7,"href":"https:\/\/www.irreel.ch\/blog\/wp-json\/wp\/v2\/posts\/2153\/revisions"}],"predecessor-version":[{"id":3863,"href":"https:\/\/www.irreel.ch\/blog\/wp-json\/wp\/v2\/posts\/2153\/revisions\/3863"}],"wp:featuredmedia":[{"embeddable":true,"href":"https:\/\/www.irreel.ch\/blog\/wp-json\/wp\/v2\/media\/3862"}],"wp:attachment":[{"href":"https:\/\/www.irreel.ch\/blog\/wp-json\/wp\/v2\/media?parent=2153"}],"wp:term":[{"taxonomy":"category","embeddable":true,"href":"https:\/\/www.irreel.ch\/blog\/wp-json\/wp\/v2\/categories?post=2153"},{"taxonomy":"post_tag","embeddable":true,"href":"https:\/\/www.irreel.ch\/blog\/wp-json\/wp\/v2\/tags?post=2153"}],"curies":[{"name":"wp","href":"https:\/\/api.w.org\/{rel}","templated":true}]}}