{"id":215,"date":"2008-11-27T23:28:00","date_gmt":"2008-11-27T21:28:00","guid":{"rendered":"http:\/\/www.irreel.org\/blog\/?p=215"},"modified":"2017-02-04T21:07:24","modified_gmt":"2017-02-04T19:07:24","slug":"apres-un-film-barricades-mysterieuses","status":"publish","type":"post","link":"https:\/\/www.irreel.ch\/blog\/apres-un-film-barricades-mysterieuses\/","title":{"rendered":"Po\u00e9sie \/ Apr\u00e8s un film: barricades myst\u00e9rieuses"},"content":{"rendered":"<p><img loading=\"lazy\" decoding=\"async\" src=\"http:\/\/www.irreel.ch\/blog\/wp-content\/uploads\/roses-bleus-montant2_Fotorrougeclair.jpg\" alt=\"\" width=\"1000\" height=\"750\" class=\"alignleft size-full wp-image-4324\" srcset=\"https:\/\/www.irreel.ch\/blog\/wp-content\/uploads\/roses-bleus-montant2_Fotorrougeclair.jpg 1000w, https:\/\/www.irreel.ch\/blog\/wp-content\/uploads\/roses-bleus-montant2_Fotorrougeclair-150x113.jpg 150w, https:\/\/www.irreel.ch\/blog\/wp-content\/uploads\/roses-bleus-montant2_Fotorrougeclair-300x225.jpg 300w, https:\/\/www.irreel.ch\/blog\/wp-content\/uploads\/roses-bleus-montant2_Fotorrougeclair-768x576.jpg 768w\" sizes=\"auto, (max-width: 1000px) 100vw, 1000px\" \/>f\u00e9vrier 2002, la terre qui monte<span style=\"font-size: medium;\">,\u00a0<br \/>\napr\u00e8s un film: barricades myst\u00e9rieuses:<\/span><span style=\"font-size: large;\"><br \/>\n<\/span><\/p>\n<div><span style=\"font-size: large;\"><br \/>\n<\/span>\u00a0\u00a0\u00a0\u00a0<\/p>\n<p style=\"text-align: center;\"><span style=\"font-family: 'Comic Sans MS'; font-size: small;\">Les mots<br \/>\nles images<\/span><\/p>\n<p style=\"text-align: center;\">la terre qui monte<br \/>\nsensation d&rsquo;exister intens\u00e9ment<\/p>\n<p style=\"text-align: center;\">dessins p\u00e2les,<br \/>\nles \u00eatres bougent,<\/p>\n<p style=\"text-align: center;\">le film, pass\u00e9 revivifi\u00e9,<br \/>\nimages faisant croire au sens,<\/p>\n<p style=\"text-align: center;\">tournoiement de la terre,<br \/>\nlumineuse r\u00e9ception des teintes,<\/p>\n<p style=\"text-align: center;\">l&rsquo;air nous frappe au visage,<br \/>\nje vis les jours,<\/p>\n<p style=\"text-align: center;\">la peinture, discours, parole,<br \/>\nle cin\u00e9ma, qui veut nous dire,<\/p>\n<p style=\"text-align: center;\">dialogue ouvert entre les d\u00e9sirs des \u00eatres vivants<br \/>\net leur existence journali\u00e8re,<\/p>\n<p style=\"text-align: center;\">ton parcours suit la vibrante sensation des jours \u00e0 la lumi\u00e8re tremblante,<br \/>\ndes teintes multicolor\u00e9es sous le ciel transluminescent de la plan\u00e8te bleue<\/p>\n<p><span style=\"font-family: 'Comic Sans MS';\"><br \/>\n<\/span><span style=\"font-family: 'Comic Sans MS'; font-size: xx-small;\"><em>Daniel Thomas, 2002.<\/em><br \/>\n<\/span>\n<\/div>\n","protected":false},"excerpt":{"rendered":"<p>f\u00e9vrier 2002, la terre qui monte,\u00a0 apr\u00e8s un film: barricades myst\u00e9rieuses: \u00a0\u00a0\u00a0\u00a0 Les mots les images la terre qui monte sensation d&rsquo;exister intens\u00e9ment dessins p\u00e2les, les \u00eatres bougent, le film, pass\u00e9 revivifi\u00e9, images faisant&#46;&#46;&#46;<\/p>\n","protected":false},"author":5,"featured_media":4324,"comment_status":"open","ping_status":"closed","sticky":false,"template":"","format":"standard","meta":{"sfsi_plus_gutenberg_text_before_share":"","sfsi_plus_gutenberg_show_text_before_share":"","sfsi_plus_gutenberg_icon_type":"","sfsi_plus_gutenberg_icon_alignemt":"","sfsi_plus_gutenburg_max_per_row":"","_EventAllDay":false,"_EventTimezone":"","_EventStartDate":"","_EventEndDate":"","_EventStartDateUTC":"","_EventEndDateUTC":"","_EventShowMap":false,"_EventShowMapLink":false,"_EventURL":"","_EventCost":"","_EventCostDescription":"","_EventCurrencySymbol":"","_EventCurrencyCode":"","_EventCurrencyPosition":"","_EventDateTimeSeparator":"","_EventTimeRangeSeparator":"","_EventOrganizerID":[],"_EventVenueID":[],"_OrganizerEmail":"","_OrganizerPhone":"","_OrganizerWebsite":"","_VenueAddress":"","_VenueCity":"","_VenueCountry":"","_VenueProvince":"","_VenueState":"","_VenueZip":"","_VenuePhone":"","_VenueURL":"","_VenueStateProvince":"","_VenueLat":"","_VenueLng":"","_VenueShowMap":false,"_VenueShowMapLink":false,"footnotes":""},"categories":[53,164],"tags":[529,524],"class_list":["post-215","post","type-post","status-publish","format-standard","has-post-thumbnail","hentry","category-cinema","category-compte-rendu","tag-cinema","tag-poesie"],"_links":{"self":[{"href":"https:\/\/www.irreel.ch\/blog\/wp-json\/wp\/v2\/posts\/215","targetHints":{"allow":["GET"]}}],"collection":[{"href":"https:\/\/www.irreel.ch\/blog\/wp-json\/wp\/v2\/posts"}],"about":[{"href":"https:\/\/www.irreel.ch\/blog\/wp-json\/wp\/v2\/types\/post"}],"author":[{"embeddable":true,"href":"https:\/\/www.irreel.ch\/blog\/wp-json\/wp\/v2\/users\/5"}],"replies":[{"embeddable":true,"href":"https:\/\/www.irreel.ch\/blog\/wp-json\/wp\/v2\/comments?post=215"}],"version-history":[{"count":10,"href":"https:\/\/www.irreel.ch\/blog\/wp-json\/wp\/v2\/posts\/215\/revisions"}],"predecessor-version":[{"id":4325,"href":"https:\/\/www.irreel.ch\/blog\/wp-json\/wp\/v2\/posts\/215\/revisions\/4325"}],"wp:featuredmedia":[{"embeddable":true,"href":"https:\/\/www.irreel.ch\/blog\/wp-json\/wp\/v2\/media\/4324"}],"wp:attachment":[{"href":"https:\/\/www.irreel.ch\/blog\/wp-json\/wp\/v2\/media?parent=215"}],"wp:term":[{"taxonomy":"category","embeddable":true,"href":"https:\/\/www.irreel.ch\/blog\/wp-json\/wp\/v2\/categories?post=215"},{"taxonomy":"post_tag","embeddable":true,"href":"https:\/\/www.irreel.ch\/blog\/wp-json\/wp\/v2\/tags?post=215"}],"curies":[{"name":"wp","href":"https:\/\/api.w.org\/{rel}","templated":true}]}}