{"id":21,"date":"2008-05-21T20:56:08","date_gmt":"2008-05-21T18:56:08","guid":{"rendered":"http:\/\/www.irreel.ch\/blog\/?p=21"},"modified":"2019-03-04T14:00:03","modified_gmt":"2019-03-04T12:00:03","slug":"bourgeons-de-fleur-dolivier","status":"publish","type":"post","link":"https:\/\/www.irreel.ch\/blog\/bourgeons-de-fleur-dolivier\/","title":{"rendered":"Olivier \/ Bourgeons de fleurs d&rsquo;olivier"},"content":{"rendered":"\n<figure class=\"wp-block-image\"><a href=\"http:\/\/www.irreel.ch\/blog\/wp-content\/uploads\/olivier-2.jpg\"><img loading=\"lazy\" decoding=\"async\" width=\"884\" height=\"672\" src=\"http:\/\/www.irreel.ch\/blog\/wp-content\/uploads\/olivier-2.jpg\" alt=\"\" class=\"wp-image-4998\" srcset=\"https:\/\/www.irreel.ch\/blog\/wp-content\/uploads\/olivier-2.jpg 884w, https:\/\/www.irreel.ch\/blog\/wp-content\/uploads\/olivier-2-150x114.jpg 150w, https:\/\/www.irreel.ch\/blog\/wp-content\/uploads\/olivier-2-300x228.jpg 300w, https:\/\/www.irreel.ch\/blog\/wp-content\/uploads\/olivier-2-768x584.jpg 768w\" sizes=\"auto, (max-width: 884px) 100vw, 884px\" \/><\/a><figcaption>Petits bourgeons naissant<\/figcaption><\/figure>\n\n\n\n<p>Un personnage myst\u00e9rieux appara\u00eet: le petit bourgeon de fleur de l&rsquo;olivier, f\u00eate myst\u00e9rieuse printani\u00e8re!<\/p>\n\n\n\n<p>Jardin de l&rsquo;auteur, printemps 2008, bourgeons de fleurs d&rsquo;olivier<sup class='footnote'><a href='#fn-21-1' id='fnref-21-1' onclick='return fdfootnote_show(21)'>1<\/a><\/sup> apparaissant. Quels petits \u00eatres bizarres! On dirait de petits martiens avec des yeux bomb\u00e9s comme des grenouilles! Un apparition \u00e9trange, l&rsquo;\u00e9merveillement du premier printemps qui nous apporte tant de surprises!<\/p>\n\n\n<div class='footnotes' id='footnotes-21'><div class='footnotedivider'><\/div><ol><li id='fn-21-1'> Olives noires, var. Frantoio, auto-fertile, olea europea, en pot, hivern\u00e9 dans l&rsquo;orangerie. <span class='footnotereverse'><a href='#fnref-21-1'>&#8617;<\/a><\/span><\/li><\/ol><\/div>","protected":false},"excerpt":{"rendered":"<p>Un personnage myst\u00e9rieux appara\u00eet: le petit bourgeon de fleur de l&rsquo;olivier, f\u00eate myst\u00e9rieuse printani\u00e8re! Jardin de l&rsquo;auteur, printemps 2008, bourgeons de fleurs d&rsquo;olivier1 apparaissant. Quels petits \u00eatres bizarres! On dirait de petits martiens avec&#46;&#46;&#46;<\/p>\n","protected":false},"author":191,"featured_media":3804,"comment_status":"open","ping_status":"closed","sticky":false,"template":"","format":"standard","meta":{"sfsi_plus_gutenberg_text_before_share":"","sfsi_plus_gutenberg_show_text_before_share":"","sfsi_plus_gutenberg_icon_type":"","sfsi_plus_gutenberg_icon_alignemt":"","sfsi_plus_gutenburg_max_per_row":"","_EventAllDay":false,"_EventTimezone":"","_EventStartDate":"","_EventEndDate":"","_EventStartDateUTC":"","_EventEndDateUTC":"","_EventShowMap":false,"_EventShowMapLink":false,"_EventURL":"","_EventCost":"","_EventCostDescription":"","_EventCurrencySymbol":"","_EventCurrencyCode":"","_EventCurrencyPosition":"","_EventDateTimeSeparator":"","_EventTimeRangeSeparator":"","_EventOrganizerID":[],"_EventVenueID":[],"_OrganizerEmail":"","_OrganizerPhone":"","_OrganizerWebsite":"","_VenueAddress":"","_VenueCity":"","_VenueCountry":"","_VenueProvince":"","_VenueState":"","_VenueZip":"","_VenuePhone":"","_VenueURL":"","_VenueStateProvince":"","_VenueLat":"","_VenueLng":"","_VenueShowMap":false,"_VenueShowMapLink":false,"footnotes":""},"categories":[383],"tags":[385,421,384,63,24],"class_list":["post-21","post","type-post","status-publish","format-standard","has-post-thumbnail","hentry","category-bourgeons","tag-bourgeon","tag-bourgeon-de-fruit","tag-fleur","tag-olivier","tag-printemps"],"_links":{"self":[{"href":"https:\/\/www.irreel.ch\/blog\/wp-json\/wp\/v2\/posts\/21","targetHints":{"allow":["GET"]}}],"collection":[{"href":"https:\/\/www.irreel.ch\/blog\/wp-json\/wp\/v2\/posts"}],"about":[{"href":"https:\/\/www.irreel.ch\/blog\/wp-json\/wp\/v2\/types\/post"}],"author":[{"embeddable":true,"href":"https:\/\/www.irreel.ch\/blog\/wp-json\/wp\/v2\/users\/191"}],"replies":[{"embeddable":true,"href":"https:\/\/www.irreel.ch\/blog\/wp-json\/wp\/v2\/comments?post=21"}],"version-history":[{"count":13,"href":"https:\/\/www.irreel.ch\/blog\/wp-json\/wp\/v2\/posts\/21\/revisions"}],"predecessor-version":[{"id":5008,"href":"https:\/\/www.irreel.ch\/blog\/wp-json\/wp\/v2\/posts\/21\/revisions\/5008"}],"wp:featuredmedia":[{"embeddable":true,"href":"https:\/\/www.irreel.ch\/blog\/wp-json\/wp\/v2\/media\/3804"}],"wp:attachment":[{"href":"https:\/\/www.irreel.ch\/blog\/wp-json\/wp\/v2\/media?parent=21"}],"wp:term":[{"taxonomy":"category","embeddable":true,"href":"https:\/\/www.irreel.ch\/blog\/wp-json\/wp\/v2\/categories?post=21"},{"taxonomy":"post_tag","embeddable":true,"href":"https:\/\/www.irreel.ch\/blog\/wp-json\/wp\/v2\/tags?post=21"}],"curies":[{"name":"wp","href":"https:\/\/api.w.org\/{rel}","templated":true}]}}