{"id":2040,"date":"2011-01-06T01:01:56","date_gmt":"2011-01-05T23:01:56","guid":{"rendered":"http:\/\/www.irreel.org\/blog\/?p=2040"},"modified":"2020-04-11T13:51:03","modified_gmt":"2020-04-11T11:51:03","slug":"danse-merle-bleu","status":"publish","type":"post","link":"https:\/\/www.irreel.ch\/blog\/danse-merle-bleu\/","title":{"rendered":"Danse \/ Le merle bleu"},"content":{"rendered":"\n<figure class=\"wp-block-image size-large\"><img loading=\"lazy\" decoding=\"async\" width=\"320\" height=\"257\" src=\"http:\/\/www.irreel.ch\/blog\/wp-content\/uploads\/carla-merle-loup2.jpg\" alt=\"\" class=\"wp-image-6419\" srcset=\"https:\/\/www.irreel.ch\/blog\/wp-content\/uploads\/carla-merle-loup2.jpg 320w, https:\/\/www.irreel.ch\/blog\/wp-content\/uploads\/carla-merle-loup2-300x241.jpg 300w, https:\/\/www.irreel.ch\/blog\/wp-content\/uploads\/carla-merle-loup2-150x120.jpg 150w\" sizes=\"auto, (max-width: 320px) 100vw, 320px\" \/><figcaption>Le merle bleu<\/figcaption><\/figure>\n\n\n\n<figure class=\"wp-block-image size-large\"><img loading=\"lazy\" decoding=\"async\" width=\"651\" height=\"980\" src=\"http:\/\/www.irreel.ch\/blog\/wp-content\/uploads\/carla-merle1.jpg\" alt=\"\" class=\"wp-image-6426\" srcset=\"https:\/\/www.irreel.ch\/blog\/wp-content\/uploads\/carla-merle1.jpg 651w, https:\/\/www.irreel.ch\/blog\/wp-content\/uploads\/carla-merle1-199x300.jpg 199w, https:\/\/www.irreel.ch\/blog\/wp-content\/uploads\/carla-merle1-100x150.jpg 100w\" sizes=\"auto, (max-width: 651px) 100vw, 651px\" \/><\/figure>\n\n\n\n<p> Le Merle Bleu, musique pour guitare et piano, Daniel Thomas (Suisse) avec danse<br> Danse, Carla Strebel, piano Daniel Thomas, guitare Ernesto\u00a0<a title=\"Ernesto Mayhuire guitare\" href=\"http:\/\/irreel.ch\/guitarra\/ernesto-mayhuire.html\">Mayhuire<\/a>.<\/p>\n\n\n\n<figure class=\"wp-block-image size-large\"><img loading=\"lazy\" decoding=\"async\" width=\"866\" height=\"694\" src=\"http:\/\/www.irreel.ch\/blog\/wp-content\/uploads\/carla-merle-regard.jpg\" alt=\"\" class=\"wp-image-6425\" srcset=\"https:\/\/www.irreel.ch\/blog\/wp-content\/uploads\/carla-merle-regard.jpg 866w, https:\/\/www.irreel.ch\/blog\/wp-content\/uploads\/carla-merle-regard-300x240.jpg 300w, https:\/\/www.irreel.ch\/blog\/wp-content\/uploads\/carla-merle-regard-150x120.jpg 150w, https:\/\/www.irreel.ch\/blog\/wp-content\/uploads\/carla-merle-regard-768x615.jpg 768w\" sizes=\"auto, (max-width: 866px) 100vw, 866px\" \/><\/figure>\n\n\n\n<p> Regard de l&rsquo;oiseau.<\/p>\n\n\n\n<figure class=\"wp-block-image size-large\"><img loading=\"lazy\" decoding=\"async\" width=\"740\" height=\"688\" src=\"http:\/\/www.irreel.ch\/blog\/wp-content\/uploads\/carla-merle-l-envol.jpg\" alt=\"\" class=\"wp-image-6424\" srcset=\"https:\/\/www.irreel.ch\/blog\/wp-content\/uploads\/carla-merle-l-envol.jpg 740w, https:\/\/www.irreel.ch\/blog\/wp-content\/uploads\/carla-merle-l-envol-300x279.jpg 300w, https:\/\/www.irreel.ch\/blog\/wp-content\/uploads\/carla-merle-l-envol-150x139.jpg 150w\" sizes=\"auto, (max-width: 740px) 100vw, 740px\" \/><\/figure>\n\n\n\n<p> L&rsquo;envol, pr\u00eat au d\u00e9part.<\/p>\n\n\n\n<figure class=\"wp-block-image size-large\"><img loading=\"lazy\" decoding=\"async\" width=\"653\" height=\"693\" src=\"http:\/\/www.irreel.ch\/blog\/wp-content\/uploads\/carla-merle-nuit.jpg\" alt=\"\" class=\"wp-image-6423\" srcset=\"https:\/\/www.irreel.ch\/blog\/wp-content\/uploads\/carla-merle-nuit.jpg 653w, https:\/\/www.irreel.ch\/blog\/wp-content\/uploads\/carla-merle-nuit-283x300.jpg 283w, https:\/\/www.irreel.ch\/blog\/wp-content\/uploads\/carla-merle-nuit-141x150.jpg 141w\" sizes=\"auto, (max-width: 653px) 100vw, 653px\" \/><\/figure>\n\n\n\n<p> Regard sombre.<\/p>\n\n\n\n<figure class=\"wp-block-image size-large\"><img loading=\"lazy\" decoding=\"async\" width=\"862\" height=\"710\" src=\"http:\/\/www.irreel.ch\/blog\/wp-content\/uploads\/carla-merle-esperance.jpg\" alt=\"\" class=\"wp-image-6427\" srcset=\"https:\/\/www.irreel.ch\/blog\/wp-content\/uploads\/carla-merle-esperance.jpg 862w, https:\/\/www.irreel.ch\/blog\/wp-content\/uploads\/carla-merle-esperance-300x247.jpg 300w, https:\/\/www.irreel.ch\/blog\/wp-content\/uploads\/carla-merle-esperance-150x124.jpg 150w, https:\/\/www.irreel.ch\/blog\/wp-content\/uploads\/carla-merle-esperance-768x633.jpg 768w\" sizes=\"auto, (max-width: 862px) 100vw, 862px\" \/><\/figure>\n\n\n\n<p> L&rsquo;esp\u00e9rance, aller vers, aller quelque part, passer, sauter, s&rsquo;envoler.<\/p>\n\n\n\n<figure class=\"wp-block-image size-large\"><img loading=\"lazy\" decoding=\"async\" width=\"862\" height=\"651\" src=\"http:\/\/www.irreel.ch\/blog\/wp-content\/uploads\/carla-merle-inquietude-1.jpg\" alt=\"\" class=\"wp-image-6428\" srcset=\"https:\/\/www.irreel.ch\/blog\/wp-content\/uploads\/carla-merle-inquietude-1.jpg 862w, https:\/\/www.irreel.ch\/blog\/wp-content\/uploads\/carla-merle-inquietude-1-300x227.jpg 300w, https:\/\/www.irreel.ch\/blog\/wp-content\/uploads\/carla-merle-inquietude-1-150x113.jpg 150w, https:\/\/www.irreel.ch\/blog\/wp-content\/uploads\/carla-merle-inquietude-1-768x580.jpg 768w\" sizes=\"auto, (max-width: 862px) 100vw, 862px\" \/><\/figure>\n\n\n\n<p> L&rsquo;inqui\u00e9tude, l&rsquo;avenir, le derri\u00e8re la branche.<\/p>\n\n\n\n<figure class=\"wp-block-image size-large\"><img loading=\"lazy\" decoding=\"async\" width=\"783\" height=\"715\" src=\"http:\/\/www.irreel.ch\/blog\/wp-content\/uploads\/carla-merle-battement.jpg\" alt=\"\" class=\"wp-image-6429\" srcset=\"https:\/\/www.irreel.ch\/blog\/wp-content\/uploads\/carla-merle-battement.jpg 783w, https:\/\/www.irreel.ch\/blog\/wp-content\/uploads\/carla-merle-battement-300x274.jpg 300w, https:\/\/www.irreel.ch\/blog\/wp-content\/uploads\/carla-merle-battement-150x137.jpg 150w, https:\/\/www.irreel.ch\/blog\/wp-content\/uploads\/carla-merle-battement-768x701.jpg 768w\" sizes=\"auto, (max-width: 783px) 100vw, 783px\" \/><\/figure>\n\n\n\n<p> Le battement des ailes, bouge l&rsquo;oiseau.<\/p>\n\n\n\n<figure class=\"wp-block-image size-large\"><img loading=\"lazy\" decoding=\"async\" width=\"462\" height=\"685\" src=\"http:\/\/www.irreel.ch\/blog\/wp-content\/uploads\/carla-merle-pas.jpg\" alt=\"\" class=\"wp-image-6430\" srcset=\"https:\/\/www.irreel.ch\/blog\/wp-content\/uploads\/carla-merle-pas.jpg 462w, https:\/\/www.irreel.ch\/blog\/wp-content\/uploads\/carla-merle-pas-202x300.jpg 202w, https:\/\/www.irreel.ch\/blog\/wp-content\/uploads\/carla-merle-pas-101x150.jpg 101w\" sizes=\"auto, (max-width: 462px) 100vw, 462px\" \/><figcaption>Le pas l\u00e9ger de l&rsquo;oiseau.<\/figcaption><\/figure>\n\n\n\n<figure class=\"wp-block-image size-large\"><img loading=\"lazy\" decoding=\"async\" width=\"382\" height=\"646\" src=\"http:\/\/www.irreel.ch\/blog\/wp-content\/uploads\/carla-merle-deux-pas.jpg\" alt=\"\" class=\"wp-image-6431\" srcset=\"https:\/\/www.irreel.ch\/blog\/wp-content\/uploads\/carla-merle-deux-pas.jpg 382w, https:\/\/www.irreel.ch\/blog\/wp-content\/uploads\/carla-merle-deux-pas-177x300.jpg 177w, https:\/\/www.irreel.ch\/blog\/wp-content\/uploads\/carla-merle-deux-pas-89x150.jpg 89w\" sizes=\"auto, (max-width: 382px) 100vw, 382px\" \/><figcaption>Deux pas, trois pas, un saut\u00e9.<\/figcaption><\/figure>\n\n\n\n<figure class=\"wp-block-table\"><table><tbody><tr><td> <div align=\"center\"> <div align=\"center\"><div align=\"center\"><span style=\"font-family: inherit; font-size: inherit;\"> <\/span><\/div><\/div> <\/div> <\/td><\/tr><tr><td> <p><font size=\"2\"><br><br><\/font><\/p><\/td><\/tr><tr><td><\/td><\/tr><tr><td> <div align=\"center\"><div align=\"center\"><div align=\"center\"><font size=\"2\" face=\"Comic Sans MS\"> <p> Le merle bleu<\/p> <p> Une autre temporalit\u00e9,<br> Un \u00eatre d\u2019un autre monde<br> Tu es diff\u00e9rent,<br> Sentir ton temps<br> Entrer dans une autre temporalit\u00e9<br> S\u2019oublier soi-m\u00eame, son humanitude,<br> Sauter devant, tressauter, rythmes, polyrythmie,<br> Etre libre, dire le temps,<br> Les pas, le sentiment passant des pas,<br> La qu\u00eate, la d\u00e9couverte, les jours,<br> Le moment,<br> Il est l\u00e0, il n\u2019est plus l\u00e0, l\u2019oiseau,<br> Il a \u00e9t\u00e9, il est pass\u00e9, il est rapide,<br> Il est l\u00e9ger, c\u2019est la seconde du regard vif,<br> Autres pens\u00e9es, l\u00e9g\u00e8ret\u00e9 du temps,<br> Eclat\u00e9 sous le ciel, et le soleil transparent,<br> Eclats d\u2019instants, d\u00e9chirures de lumi\u00e8re,<br> Ton \u00eatre est l\u00e0,<br> Suspendu<br> Entre les mondes<br> Eternit\u00e9 d\u2019instants fugitifs<\/p><\/font><p><font size=\"2\" face=\"Comic Sans MS\"> Le 26 novembre 2007<br> <\/font><\/p> <\/div> <\/div> <\/div> <\/td><\/tr><tr><td><\/td><\/tr><tr><td><\/td><\/tr><tr><td>\n<div align=\"right\"><\/div>\n<\/td><\/tr><tr><td>\n<div align=\"right\"><\/div>\n<\/td><\/tr><\/tbody><\/table><\/figure>\n","protected":false},"excerpt":{"rendered":"<p>Le Merle Bleu, musique pour guitare et piano, Daniel Thomas (Suisse) avec danse Danse, Carla Strebel, piano Daniel Thomas, guitare Ernesto\u00a0Mayhuire. Regard de l&rsquo;oiseau. L&rsquo;envol, pr\u00eat au d\u00e9part. Regard sombre. L&rsquo;esp\u00e9rance, aller vers, aller&#46;&#46;&#46;<\/p>\n","protected":false},"author":191,"featured_media":4386,"comment_status":"open","ping_status":"closed","sticky":false,"template":"","format":"standard","meta":{"sfsi_plus_gutenberg_text_before_share":"","sfsi_plus_gutenberg_show_text_before_share":"","sfsi_plus_gutenberg_icon_type":"","sfsi_plus_gutenberg_icon_alignemt":"","sfsi_plus_gutenburg_max_per_row":"","_EventAllDay":false,"_EventTimezone":"","_EventStartDate":"","_EventEndDate":"","_EventStartDateUTC":"","_EventEndDateUTC":"","_EventShowMap":false,"_EventShowMapLink":false,"_EventURL":"","_EventCost":"","_EventCostDescription":"","_EventCurrencySymbol":"","_EventCurrencyCode":"","_EventCurrencyPosition":"","_EventDateTimeSeparator":"","_EventTimeRangeSeparator":"","_EventOrganizerID":[],"_EventVenueID":[],"_OrganizerEmail":"","_OrganizerPhone":"","_OrganizerWebsite":"","_VenueAddress":"","_VenueCity":"","_VenueCountry":"","_VenueProvince":"","_VenueState":"","_VenueZip":"","_VenuePhone":"","_VenueURL":"","_VenueStateProvince":"","_VenueLat":"","_VenueLng":"","_VenueShowMap":false,"_VenueShowMapLink":false,"footnotes":""},"categories":[44],"tags":[374,525,368],"class_list":["post-2040","post","type-post","status-publish","format-standard","has-post-thumbnail","hentry","category-danse","tag-bleu","tag-danse","tag-merle"],"_links":{"self":[{"href":"https:\/\/www.irreel.ch\/blog\/wp-json\/wp\/v2\/posts\/2040","targetHints":{"allow":["GET"]}}],"collection":[{"href":"https:\/\/www.irreel.ch\/blog\/wp-json\/wp\/v2\/posts"}],"about":[{"href":"https:\/\/www.irreel.ch\/blog\/wp-json\/wp\/v2\/types\/post"}],"author":[{"embeddable":true,"href":"https:\/\/www.irreel.ch\/blog\/wp-json\/wp\/v2\/users\/191"}],"replies":[{"embeddable":true,"href":"https:\/\/www.irreel.ch\/blog\/wp-json\/wp\/v2\/comments?post=2040"}],"version-history":[{"count":8,"href":"https:\/\/www.irreel.ch\/blog\/wp-json\/wp\/v2\/posts\/2040\/revisions"}],"predecessor-version":[{"id":6432,"href":"https:\/\/www.irreel.ch\/blog\/wp-json\/wp\/v2\/posts\/2040\/revisions\/6432"}],"wp:featuredmedia":[{"embeddable":true,"href":"https:\/\/www.irreel.ch\/blog\/wp-json\/wp\/v2\/media\/4386"}],"wp:attachment":[{"href":"https:\/\/www.irreel.ch\/blog\/wp-json\/wp\/v2\/media?parent=2040"}],"wp:term":[{"taxonomy":"category","embeddable":true,"href":"https:\/\/www.irreel.ch\/blog\/wp-json\/wp\/v2\/categories?post=2040"},{"taxonomy":"post_tag","embeddable":true,"href":"https:\/\/www.irreel.ch\/blog\/wp-json\/wp\/v2\/tags?post=2040"}],"curies":[{"name":"wp","href":"https:\/\/api.w.org\/{rel}","templated":true}]}}