{"id":2036,"date":"2011-01-06T00:46:06","date_gmt":"2011-01-05T22:46:06","guid":{"rendered":"http:\/\/www.irreel.org\/blog\/?p=2036"},"modified":"2020-05-11T19:22:23","modified_gmt":"2020-05-11T17:22:23","slug":"essai-reflexion-le-lac-leman","status":"publish","type":"post","link":"https:\/\/www.irreel.ch\/blog\/essai-reflexion-le-lac-leman\/","title":{"rendered":"Essai r\u00e9flexion \/ Le lac L\u00e9man"},"content":{"rendered":"<p>Lac:<\/p>\n<table border=\"0\" width=\"610\" cellspacing=\"0\" cellpadding=\"40\">\n<tbody>\n<tr>\n<td valign=\"top\">\n<div align=\"center\">\n<div align=\"center\">\n<p>\u00a0<\/p>\n<p><span style=\"font-size: x-large;\">Conf\u00e9rences<\/span><\/p>\n<p><span style=\"font-size: xx-large;\">De la symphonie: le lac L\u00e9man<\/span><\/p>\n<p>\u00a0<\/p>\n<div align=\"center\"><br \/>\n<p><\/p>\n<figure class=\"wp-block-image size-large\"><img loading=\"lazy\" decoding=\"async\" width=\"518\" height=\"132\" class=\"wp-image-6257\" src=\"http:\/\/www.irreel.ch\/blog\/wp-content\/uploads\/leman-loin.jpg\" alt=\"\" srcset=\"https:\/\/www.irreel.ch\/blog\/wp-content\/uploads\/leman-loin.jpg 518w, https:\/\/www.irreel.ch\/blog\/wp-content\/uploads\/leman-loin-300x76.jpg 300w, https:\/\/www.irreel.ch\/blog\/wp-content\/uploads\/leman-loin-150x38.jpg 150w\" sizes=\"auto, (max-width: 518px) 100vw, 518px\" \/><\/figure>\n<p><\/p>\n<p><a href=\"http:\/\/www.irreel.ch\/blog\/agenda\/curriculum-de-lauteur\/\">Daniel D.R. Thomas<\/a><\/p>\n<p>\u00a0<\/p>\n<\/div>\n<p>\u00a0<\/p>\n<\/div>\n<p>\u00a0<\/p>\n<\/div>\n<\/td>\n<\/tr>\n<\/tbody>\n<\/table>\n<p>\u00a0<\/p>\n<table border=\"0\" width=\"610\" cellspacing=\"0\" cellpadding=\"40\">\n<tbody>\n<tr>\n<td valign=\"top\">\n<div align=\"center\"><span style=\"font-family: Cochin; font-size: medium;\">Conf\u00e9rence :<br \/><\/span><span style=\"font-family: Cochin; font-size: x-large;\">Symphonie, le <a title=\"COMPOSITIONS: La symphonie le Lac L\u00e9man\" href=\"https:\/\/www.irreel.org\/blog\/symphonie-le-lac-leman\/\">Lac L\u00e9man<\/a><\/span><span style=\"font-family: Cochin; font-size: medium;\">:<br \/>Acte symphonique en trois mouvements<br \/>Daniel Thomas<br \/><\/span>\n<p>\u00a0<\/p>\n<p><span style=\"font-family: Cochin; font-size: medium;\">cette symphonie, une perception du monde :<br \/>1er mouvement, passage des oiseaux,<br \/>jeux d&rsquo;enfants sur la plage<br \/>2\u00e8me mouvement, r\u00eaverie en barque, myst\u00e8re sur les eaux<br \/>3\u00e8me mouvement: le soleil sur les vagues, reflets changeants.<br \/><\/span><span style=\"font-family: Lucida Handwriting; font-size: medium;\"><br \/><\/span><\/p>\n<table border=\"0\" width=\"100%\" cellspacing=\"0\" cellpadding=\"0\">\n<tbody>\n<tr>\n<td id=\"content\" width=\"490\">\n<div align=\"left\">\n<p><span style=\"font-family: Cochin; font-size: medium;\">mettre les pied dans l\u2019eau du lac et le miracle se produit, tout change, le monde appara\u00eet, vit, vibre, autrement, une expression vivante<br \/><\/span><\/p>\n<p><span style=\"font-family: Cochin; font-size: medium;\">La musique peinture, la musique geste, les silences dessinant, oui c\u2019est par les souvenirs que je l\u2019ai \u00e9crite, les traces, les r\u00e9miniscences, la marque, le lac L\u00e9man int\u00e9rioris\u00e9, le lac en moi, le lac L\u00e9man tel qu\u2019il est dans mon monde int\u00e9rieur, ce qui reste en nous, j\u2019ai \u00e9crit les traces dans ma m\u00e9moire, cette musique et le lac tel que je l\u2019ai v\u00e9cu dans mes innombrables baignades, et la marque qu\u2019il a laiss\u00e9 en moi, mais ce soir je vais vous parler du sens, ce que signifie cette musique,<br \/>cette symphonie : une perception du monde,<br \/>sentir le lac, vivre le lac ce sont des moments comme de m\u00e9ditation ou mystiques, une rencontre avec l\u2019\u00eatre,<\/span><\/p>\n<p><span style=\"font-family: Cochin; font-size: medium;\"> et l\u2019entr\u00e9e dans l\u2019eau, l\u2019approche du lac nous fait entrer dans les contrastes, dans ce qui nous est autre, \u00e9tranger, diff\u00e9rent, l\u2019ouverture \u00e0 l\u2019inconnu, au myst\u00e9re . \u00e0 l\u2019au-dela, je l\u2019ai exprim\u00e9 par toute une s\u00e9rie de contraires, d\u2019oppos\u00e9s:<br \/><\/span><\/p>\n<p>\u00a0<\/p>\n<\/div>\n<\/td>\n<\/tr>\n<tr>\n<td width=\"490\">\u00a0<\/td>\n<\/tr>\n<\/tbody>\n<\/table>\n<\/div>\n<\/td>\n<\/tr>\n<\/tbody>\n<\/table>\n<p>\u00a0<\/p>\n<table border=\"0\" width=\"610\" cellspacing=\"0\" cellpadding=\"40\">\n<tbody>\n<tr>\n<td valign=\"top\">\n<div align=\"center\">\n<table border=\"0\" width=\"100%\" cellspacing=\"0\" cellpadding=\"0\">\n<tbody>\n<tr>\n<td id=\"content\" width=\"490\">\n<div align=\"left\">\n<p><span style=\"font-family: Cochin; font-size: medium;\">diff\u00e9rents couples de contraires, d\u2019oppos\u00e9s :<\/span><\/p>\n<p><span style=\"font-family: Cochin; font-size: large;\"><b>Microcosme &#8211; macrocosme<\/b><\/span><span style=\"font-family: Cochin; font-size: medium;\">:<br \/>un parall\u00e8le, une corr\u00e9lation entre le macrocosme, les grands espaces, le lac, le ciel, les montagnes, les reflets, et le microcosme, l\u2019\u00eatre humain, tout petit, son village, sa famille, et si grand par son espace int\u00e9rieur, son v\u00e9cu du paysage,<\/span><\/p>\n<p>l\u2019harmonie des grands espaces, les jeux des teintes, les mouvements dansants de l\u2019eau, la danse des grandes formes du paysage<\/p>\n<p><span style=\"font-family: Cochin; font-size: large;\"><b>proche &#8211; lointain<\/b><\/span><span style=\"font-family: Cochin; font-size: medium;\"><b>:<\/b><br \/>fusion du proche et du lointain,<br \/>comme un envol dans l\u2019espace,<br \/>par les perceptions accentu\u00e9es par les qualit\u00e9s de transmissions du son des couleurs, des odeurs et des perceptions tactiles, sensitives de la peau, les qualit\u00e9s de transmission de l\u2019eau du lac et de l\u2019air du lac.<\/span><\/p>\n<p><span style=\"font-family: Cochin; font-size: large;\"><b>le soi &#8211; l\u2019autre<\/b><\/span><span style=\"font-family: Cochin; font-size: medium;\">:<br \/>ou le soi et le monde:<br \/>tout ce qui se passe en soi,<br \/>les r\u00e9percussions internes, la vie int\u00e9rieure, mouvements, vibrances, les \u00e9chos, les r\u00e9sonnances de ce qu\u2019on a v\u00e9cu, qu\u2019on a per\u00e7u, les r\u00e9miniscences, le souvenir du paysage, m\u00e9lange entre le monde ext\u00e9rieur et sa perception en nous. son image int\u00e9rieure,<br \/>limite difficile entre le soi et le monde, l\u2019ext\u00e9rieur et l\u2019int\u00e9rieur, du fait que le paysage et \u00e0 la fois en dehors de nous et en nous, et la musique fait cette synth\u00e8se magique du paysage grandiose et de l\u2019int\u00e9rieur de l\u2019esprit, tout en participant aussi \u00e0 cette ambivalence \u00e9trange et ambigu\u00eb, la musique est-elle en nous ou en dehors de nous ? elle unit le paysage et nous-m\u00eames, et elle s\u2019unit aussi elle-m\u00eame en tant que partie prenante du paysage, quand la musique se r\u00e9pand dans les airs (comme la musique d\u2019un carillon, qui vient du ciel ou la musique des vagues et des mouettes qui traverse le ciel, et qui se d\u00e9veloppe aussi en nous, par notre perception interne)<br \/><\/span><\/p>\n<p>\u00a0<\/p>\n<\/div>\n<\/td>\n<\/tr>\n<tr>\n<td width=\"490\">\u00a0<\/td>\n<\/tr>\n<\/tbody>\n<\/table>\n<\/div>\n<\/td>\n<\/tr>\n<\/tbody>\n<\/table>\n<p>\u00a0<\/p>\n<table border=\"0\" width=\"610\" cellspacing=\"0\" cellpadding=\"40\">\n<tbody>\n<tr>\n<td valign=\"top\">\n<div align=\"center\">\n<table border=\"0\" width=\"100%\" cellspacing=\"0\" cellpadding=\"0\">\n<tbody>\n<tr>\n<td id=\"content\" width=\"490\">\n<div align=\"center\">\n<div align=\"left\">\n<p><span style=\"font-family: Cochin; font-size: large;\"><b>le partiel et le tout<\/b><\/span><span style=\"font-family: Cochin; font-size: medium;\"> ou<br \/>le s\u00e9par\u00e9 et l\u2019uni:<br \/>se sentir \u00eatre le tout en soi, acc\u00e9der \u00e0 l\u2019\u00eatre total<br \/>totalit\u00e9 : jeu global des perceptions, nous projetant dans le grand tout, fragments de petits \u00e9v\u00e9nements jaillissants, donnant sensation d\u2019une insertion dans une globalit\u00e9, L\u2019\u00e9L\u00e9ment air nous s\u00e9pare davantage, sauf s\u2019il y a de la brise, alors que l\u2019eau nous donne sensation et perception d\u2019\u00eatre uni au tout, au monde, elle est toute proche, elle nous colle \u00e9 la peau et suit nos formes, nous fusionnons \u00e0 l\u2019\u00eatre.<\/span><\/p>\n<p><span style=\"font-family: Cochin; font-size: large;\"><b>le petit et le grand<\/b><\/span><span style=\"font-family: Cochin; font-size: medium;\">: on se sent petit quand on entre dans les eaux du lac, et on devient grand par ce que l\u2019on s\u2019unit au grand tout, les perceptions vont beaucoup plus loin que d\u2019habitude et s\u2019ouvrent \u00e0 des kilom\u00e8tres, longues tentacules agrandissant notre \u00eatre.<\/span><\/p>\n<p><span style=\"font-family: Cochin; font-size: large;\"><b>le connu et l\u2019inconnu<\/b><\/span><span style=\"font-family: Cochin; font-size: medium;\">: le lac et ses profondeurs, son cach\u00e9, son invisible, son lointain, participe de l\u2019inconnu, de l\u2019imaginaire,<\/span><\/p>\n<p><span style=\"font-family: Cochin; font-size: large;\"><b>le simple et le myst\u00e8re<\/b><\/span><span style=\"font-family: Cochin; font-size: medium;\">: c\u2019est un peu aussi comme le myst\u00e8re de l\u2019au del\u00e0, les profondeurs,<\/span><\/p>\n<p><span style=\"font-family: Cochin; font-size: large;\"><b>l\u2019ici et l\u2019au-dela<\/b><\/span><span style=\"font-family: Cochin; font-size: medium;\">: au-dela du lac, au-dela de la vie. au-dela de ce monde, comme les grecs qui pla\u00e7aient le s\u00e9jour des morts dans un rivage lointain au-del\u00e0 des mers, o\u00f9 n\u2019acc\u00e8de pas la lumi\u00e8re, le lac, acc\u00e8s \u00e0 un au-del\u00e0, image d\u2019un myst\u00e8re, porte secr\u00e8te<\/span><\/p>\n<p><span style=\"font-family: Cochin; font-size: large;\"><b>le pr\u00e9sent et l\u2019avenir<\/b><\/span><span style=\"font-family: Cochin; font-size: medium;\">: ma vie ici maintenant, et les eaux troubles du futur, comme un grand lac o\u00f9 l\u2019on plonge \u00e0 l\u2019aveugle.<\/span><\/p>\n<p><span style=\"font-family: Cochin; font-size: large;\"><b>le r\u00e9alis\u00e9 et le possible<\/b><\/span><span style=\"font-family: Cochin; font-size: medium;\">: aussi cette opposition entre ce que je suis, ce que j\u2019ai fait et je vis et le lac mouvant et opaque de tous les possibles, toutes les existences encore en possible.<br \/><\/span><\/p>\n<p>\u00a0<\/p>\n<\/div>\n<p>\u00a0<\/p>\n<\/div>\n<\/td>\n<\/tr>\n<tr>\n<td width=\"490\">\u00a0<\/td>\n<\/tr>\n<\/tbody>\n<\/table>\n<\/div>\n<\/td>\n<\/tr>\n<\/tbody>\n<\/table>\n<p>\u00a0<\/p>\n<table border=\"0\" width=\"610\" cellspacing=\"0\" cellpadding=\"40\">\n<tbody>\n<tr>\n<td valign=\"top\">\n<div align=\"center\">\n<table border=\"0\" width=\"100%\" cellspacing=\"0\" cellpadding=\"0\">\n<tbody>\n<tr>\n<td id=\"content\" width=\"490\">\n<div align=\"center\">\n<div align=\"left\">\n<p><span style=\"font-family: Cochin; font-size: large;\"><b>le limit\u00e9 et l\u2019illimit\u00e9<\/b><\/span><span style=\"font-family: Cochin; font-size: medium;\">: lieu de la sensation de ses limites, \u00e0 la fois en soi, et dans le monde,<\/span><\/p>\n<p>l\u2019homme et Dieu: l\u2019\u00eatre l\u00e0 et l\u2019\u00eatre tout court, l\u2019\u00eatre absolu<\/p>\n<p><span style=\"font-family: Cochin; font-size: large;\"><b>la lumi\u00e8re et l\u2019obscurit\u00e9<\/b><\/span><span style=\"font-family: Cochin; font-size: medium;\">: pour qui s\u2019enfonce dans les eaux, et rejoint le royaume des profondeurs<\/span><\/p>\n<p><span style=\"font-family: Cochin; font-size: large;\"><b>le clair et l\u2019opaque<\/b><\/span><span style=\"font-family: Cochin; font-size: medium;\">: le clair o\u00f9 l\u2019on vit, et l\u2019opaque des eaux, o\u00f9 l&rsquo;on ne peut plus voir,<\/span><\/p>\n<p>le rassurant et le ce qui fait peur: les menaces des profondeurs, de l\u2019inconnu o\u00f9 l\u2019on ne voit rien,<br \/>le fini et l\u2019infini:<\/p>\n<p>le clou\u00e9 au sol et l\u2019envol:<\/p>\n<p><span style=\"font-family: Cochin; font-size: large;\"><b>le solide et le liquide<\/b><\/span><span style=\"font-family: Cochin; font-size: medium;\"><b> <\/b>ou la terre et l\u2019eau:<br \/>les profondeurs de l\u2019\u00e2me, grande descente en soi, caract\u00e8re liquide de l\u2019\u00e2me humaine, avec ses mouvances, ses fluctuances, ses opacit\u00e9s, son imp\u00e9n\u00e9trabilit\u00e9, sa profondeur, la plong\u00e9e en soi,<\/span><\/p>\n<p><span style=\"font-family: Cochin; font-size: large;\"><b>le visible et l\u2019invisible<\/b><\/span><span style=\"font-family: Cochin; font-size: medium;\">: qui fait peur, qu\u2019on ne conna\u00eet pas, le non-humain,<\/span><\/p>\n<p><span style=\"font-family: Cochin; font-size: large;\"><b>le ferm\u00e9, l\u2019ouver<\/b><\/span><span style=\"font-family: Cochin; font-size: medium;\"><b>t<\/b>: le monde s\u2019ouvre, perceptions globales,<br \/>Int\u00e9rieur \u2013 ext\u00e9rieur:<\/span><\/p>\n<p>Le L\u00e9man ext\u00e9rieur, paysage,<br \/>m\u00e9taphore de notre espace int\u00e9rieur, que nous ne voyons pas<\/p>\n<p><span style=\"font-family: Cochin; font-size: medium;\"> L\u2019\u00eatre humain se projette dans le paysage, le monde ext\u00e9rieur pour se constituer, pour voir son \u00eatre intime, qu\u2019il ne peut voir,<br \/><\/span><\/p>\n<p>\u00a0<\/p>\n<\/div>\n<p>\u00a0<\/p>\n<\/div>\n<\/td>\n<\/tr>\n<tr>\n<td width=\"490\">\u00a0<\/td>\n<\/tr>\n<\/tbody>\n<\/table>\n<\/div>\n<\/td>\n<\/tr>\n<\/tbody>\n<\/table>\n<p>\u00a0<\/p>\n<table border=\"0\" width=\"610\" cellspacing=\"0\" cellpadding=\"40\">\n<tbody>\n<tr>\n<td valign=\"top\">\n<div align=\"center\">\n<table border=\"0\" width=\"100%\" cellspacing=\"0\" cellpadding=\"0\">\n<tbody>\n<tr>\n<td id=\"content\" width=\"490\">\n<div align=\"center\">\n<div align=\"left\">\n<p><span style=\"font-family: Cochin; font-size: large;\"><b>l\u2019ouverture vers l\u2019ext\u00e9rieur<\/b><\/span><span style=\"font-family: Cochin; font-size: medium;\">, l\u2019ouverture vers l\u2019int\u00e9rieur : Le lac L\u00e9man paysage du monde, \u00eatre d\u2019eau et de reflets, et le Lac en nous, soit comme image de l\u2019\u00e2me, le lac o\u00f9 l\u2019on se perd \u00e0 chercher ses souvenirs, soit comme image int\u00e9rioris\u00e9e du lac L\u00e9man, trace, souvenir, marque,<\/span><\/p>\n<p><span style=\"font-family: Cochin; font-size: large;\"><b>Conscient \u2013 inconscient<\/b><\/span><span style=\"font-family: Cochin; font-size: medium;\">:<br \/>les eaux sont pleinement une image de l\u2019inconscient, la plong\u00e9e dans l\u2019inconnu en soi, par del\u00e0 la conscience,<\/span><\/p>\n<p><span style=\"font-family: Cochin; font-size: large;\"><b>la surface, les profondeurs<\/b><\/span><span style=\"font-family: Cochin; font-size: medium;\">: la symphonie est une entr\u00e9e dans les profondeurs, vers le calme des grands fonds, du monde ouvert vibrant vivant, de l\u2019air au monde des profondeurs,<\/span><\/p>\n<p><span style=\"font-family: Cochin; font-size: large;\"><b>le s\u00e9par\u00e9 et l\u2019uni<\/b><\/span><span style=\"font-family: Cochin; font-size: medium;\">:<br \/>sensation d\u2019\u00eatre uni au monde, le bain donne une proximit\u00e9 \u00e0 l\u2019\u00eatre, \u00e0 un grand ensemble,<\/span><\/p>\n<p>L\u2019oubli, la fusion avec les \u00e9l\u00e9ments, l\u2019eau,<br \/>s\u2019enfoncer dans l\u2019oubli, la plong\u00e9e, la fusion avec les \u00e9l\u00e9ments, la disparition, passage dans les eaux, se m\u00e9langer, fusionner, l\u2019eau nous fait perdre nos limites corporelles,<\/p>\n<p><span style=\"font-family: Cochin; font-size: large;\"><b>l\u2019agitation \u2013 le calme<\/b><\/span><span style=\"font-family: Cochin; font-size: medium;\">: la paix retrouv\u00e9e. La grande paix du tout, la paix profonde du lac,<\/span><\/p>\n<p><span style=\"font-family: Cochin; font-size: large;\"><b>les sons et le silence<\/b><\/span><span style=\"font-family: Cochin; font-size: medium;\">: la plong\u00e9e dans le grand silence,<br \/>loin du monde des sons<\/span><\/p>\n<p>La vie \u2013 mouvements, vibrance<br \/>le fourmillement, le foisonnement, la vie d\u2019un lac<br \/>les enfants, qui crient, les rires, les jeux de plages,<br \/>richesse des \u00e9l\u00e9ments vivants,<br \/>colorations, atmosph\u00e8res terrestres vibrantes<\/p>\n<p>\u00a0<\/p>\n<p><\/p>\n<figure class=\"wp-block-image size-large\"><img loading=\"lazy\" decoding=\"async\" width=\"171\" height=\"44\" class=\"wp-image-6259\" src=\"http:\/\/www.irreel.ch\/blog\/wp-content\/uploads\/leman-loin-mini.jpg\" alt=\"\" srcset=\"https:\/\/www.irreel.ch\/blog\/wp-content\/uploads\/leman-loin-mini.jpg 171w, https:\/\/www.irreel.ch\/blog\/wp-content\/uploads\/leman-loin-mini-150x39.jpg 150w\" sizes=\"auto, (max-width: 171px) 100vw, 171px\" \/><\/figure>\n<\/div>\n<p>\u00a0<\/p>\n<\/div>\n<\/td>\n<\/tr>\n<tr>\n<td width=\"490\">\u00a0<\/td>\n<\/tr>\n<\/tbody>\n<\/table>\n<\/div>\n<\/td>\n<\/tr>\n<\/tbody>\n<\/table>\n<p>\u00a0<\/p>\n<table border=\"0\" width=\"610\" cellspacing=\"0\" cellpadding=\"40\">\n<tbody>\n<tr>\n<td valign=\"top\">\n<div align=\"center\">\n<table border=\"0\" width=\"100%\" cellspacing=\"0\" cellpadding=\"0\">\n<tbody>\n<tr>\n<td id=\"content\" width=\"490\">\n<div align=\"left\">\n<p><span style=\"font-family: Cochin; font-size: large;\"><b>Les perceptions<\/b><\/span><span style=\"font-family: Cochin; font-size: medium;\">,<br \/>les \u00e9l\u00e9ments sonores, les perceptions sensibles, visions, odeurs, perceptions de la peau, toucher de l\u2019air,<br \/>perceptions allant au loin,<br \/>toutes perceptions ouvertes, uni au vivre de l\u2019atmosph\u00e8re, respiration de la terre,<br \/>emport\u00e9 par les jeux sonores de l\u2019espace, qualit\u00e9 sonore du lac.<\/span><\/p>\n<p><span style=\"font-family: Cochin; font-size: large;\"><b>sensation de l\u2019\u00eatre<\/b><\/span><span style=\"font-family: Cochin; font-size: medium;\">:<br \/>l\u2019\u00eatre au milieu du tout, le bain dans l\u2019\u00eatre, la sensation du tout dans l\u2019un, le bain dans le lac donne une sensation de s\u2019unir \u00e0 l\u2019\u00eatre du monde,<\/span><\/p>\n<p>Le L\u00e9man une m\u00e9taphore de l\u2019\u00e2me humaine, avec ses irisations, son agitation en surface, ses vagues, et sa tranquillit\u00e9 profonde. Le grand espace invisible, peu connu, glisser de la surface dans les profondeurs.<\/p>\n<p><span style=\"font-family: Cochin; font-size: medium;\"> Cette symphonie est une d\u00e9marche d\u2019ordre spirituel, voire mystique, le passage du soi dans le tout, l\u2019ouverture du limit\u00e9 \u00e0 l\u2019illimit\u00e9, du fini \u00e0 l\u2019infini, la plong\u00e9e dans le silence des profondeurs.<br \/><\/span><\/p>\n<p>\u00a0<\/p>\n<\/div>\n<\/td>\n<\/tr>\n<tr>\n<td width=\"490\">\u00a0<\/td>\n<\/tr>\n<\/tbody>\n<\/table>\n<\/div>\n<\/td>\n<\/tr>\n<\/tbody>\n<\/table>\n<p>Conf\u00e9rences:<\/p>\n<table border=\"0\" cellspacing=\"0\" cellpadding=\"6\">\n<tbody>\n<tr>\n<td id=\"content\" valign=\"top\">\n<div align=\"center\">\n<div align=\"center\">\u00a0<\/div>\n<p>\u00a0<\/p>\n<\/div>\n<\/td>\n<\/tr>\n<tr>\n<td id=\"content\" valign=\"top\">\n<div align=\"center\"><span style=\"font-family: Baskerville; font-size: large;\"><i><br \/><\/i><\/span><span style=\"font-size: xx-large;\">Conf\u00e9rences<br \/><\/span><span style=\"font-size: large;\"><span style=\"font-size: large;\">ouvertures, portes, chemins, <br \/>entr\u00e9es sur l&rsquo;espace ouvert entre le ciel et la terre<\/span><\/span>\n<p>\u00a0<\/p>\n<p>\u00a0<\/p>\n<\/div>\n<p>\u00a0<\/p>\n<\/td>\n<\/tr>\n<tr>\n<td id=\"content\" valign=\"top\">\n<div align=\"center\">\n<div align=\"center\">\n<p>\u00a0<\/p>\n<\/div>\n<p>\u00a0<\/p>\n<\/div>\n<\/td>\n<\/tr>\n<tr>\n<td id=\"content\" valign=\"top\">\u00a0<\/td>\n<\/tr>\n<tr>\n<td id=\"content\" valign=\"top\">\n<div align=\"center\">\n<div align=\"center\">\n<div align=\"left\">\n<p>\u00a0<\/p>\n<p><br \/>espace imaginatif , &#8230;. dit tes interrogations, &#8230; conf\u00e9rence; ouvre le regard<br \/><span style=\"font-size: small;\"><br \/><\/span><br \/>chant, paroles, mots, sens , \u00e9crits, voix de l&rsquo;\u00eatre humain, exprime<\/p>\n<p><span style=\"font-size: x-large;\"><i><br \/><\/i><\/span><span style=\"font-size: medium;\"><i>Si vous souhaitez avoir une conf\u00e9rence dans votre r\u00e9gion,<\/i><\/span><i><b> <\/b><\/i><span style=\"font-size: medium;\"><i><b><a href=\"http:\/\/www.langages.ch\/blog\/?page_id=35\">contactez-nous<\/a><\/b>, beaucoup de sujets sont possibles, li\u00e9s aux th\u00e9matiques du site carillonneur.ch, ces conf\u00e9rences peuvent \u00eatre accompagn\u00e9es de musiques, en direct, au clavecin ou au piano ou autres formations, avec des improvisations, ou avec des compositions musicales, en sons num\u00e9riques. Elles peuvent \u00eatre aussi accompagn\u00e9es de peintures, en direct ou en diapositives<\/i><\/span><\/p>\n<p>\u00a0<\/p>\n<p>\u00a0<\/p>\n<\/div>\n<p>\u00a0<\/p>\n<\/div>\n<p>\u00a0<\/p>\n<\/div>\n<\/td>\n<\/tr>\n<tr>\n<td>\u00a0<\/td>\n<\/tr>\n<\/tbody>\n<\/table>\n\n\n<iframe loading=\"lazy\" width=\"100%\" height=\"694\" src=\"https:\/\/musescore.com\/user\/2300906\/scores\/6032831\/embed\" frameborder=\"0\" allowfullscreen allow=\"autoplay; fullscreen\"><\/iframe>\n<span><a href=\"https:\/\/musescore.com\/user\/2300906\/scores\/6032831\/s\/0Umjug\" target=\"_blank\" rel=\"noopener noreferrer\">Esquisse symphonique Le lac L\u00e9man<\/a> by <a href=\"https:\/\/musescore.com\/polymusicien\">polymusicien<\/a><\/span>\n","protected":false},"excerpt":{"rendered":"<p>Lac: \u00a0 Conf\u00e9rences De la symphonie: le lac L\u00e9man \u00a0 Daniel D.R. Thomas \u00a0 \u00a0 \u00a0 \u00a0 Conf\u00e9rence :Symphonie, le Lac L\u00e9man:Acte symphonique en trois mouvementsDaniel Thomas \u00a0 cette symphonie, une perception du monde&#46;&#46;&#46;<\/p>\n","protected":false},"author":191,"featured_media":2469,"comment_status":"open","ping_status":"closed","sticky":false,"template":"","format":"standard","meta":{"sfsi_plus_gutenberg_text_before_share":"","sfsi_plus_gutenberg_show_text_before_share":"","sfsi_plus_gutenberg_icon_type":"","sfsi_plus_gutenberg_icon_alignemt":"","sfsi_plus_gutenburg_max_per_row":"","_EventAllDay":false,"_EventTimezone":"","_EventStartDate":"","_EventEndDate":"","_EventStartDateUTC":"","_EventEndDateUTC":"","_EventShowMap":false,"_EventShowMapLink":false,"_EventURL":"","_EventCost":"","_EventCostDescription":"","_EventCurrencySymbol":"","_EventCurrencyCode":"","_EventCurrencyPosition":"","_EventDateTimeSeparator":"","_EventTimeRangeSeparator":"","_EventOrganizerID":[],"_EventVenueID":[],"_OrganizerEmail":"","_OrganizerPhone":"","_OrganizerWebsite":"","_VenueAddress":"","_VenueCity":"","_VenueCountry":"","_VenueProvince":"","_VenueState":"","_VenueZip":"","_VenuePhone":"","_VenueURL":"","_VenueStateProvince":"","_VenueLat":"","_VenueLng":"","_VenueShowMap":false,"_VenueShowMapLink":false,"footnotes":""},"categories":[295],"tags":[189,297],"class_list":["post-2036","post","type-post","status-publish","format-standard","has-post-thumbnail","hentry","category-essai-reflexion","tag-lac","tag-reflexion"],"_links":{"self":[{"href":"https:\/\/www.irreel.ch\/blog\/wp-json\/wp\/v2\/posts\/2036","targetHints":{"allow":["GET"]}}],"collection":[{"href":"https:\/\/www.irreel.ch\/blog\/wp-json\/wp\/v2\/posts"}],"about":[{"href":"https:\/\/www.irreel.ch\/blog\/wp-json\/wp\/v2\/types\/post"}],"author":[{"embeddable":true,"href":"https:\/\/www.irreel.ch\/blog\/wp-json\/wp\/v2\/users\/191"}],"replies":[{"embeddable":true,"href":"https:\/\/www.irreel.ch\/blog\/wp-json\/wp\/v2\/comments?post=2036"}],"version-history":[{"count":6,"href":"https:\/\/www.irreel.ch\/blog\/wp-json\/wp\/v2\/posts\/2036\/revisions"}],"predecessor-version":[{"id":6684,"href":"https:\/\/www.irreel.ch\/blog\/wp-json\/wp\/v2\/posts\/2036\/revisions\/6684"}],"wp:featuredmedia":[{"embeddable":true,"href":"https:\/\/www.irreel.ch\/blog\/wp-json\/wp\/v2\/media\/2469"}],"wp:attachment":[{"href":"https:\/\/www.irreel.ch\/blog\/wp-json\/wp\/v2\/media?parent=2036"}],"wp:term":[{"taxonomy":"category","embeddable":true,"href":"https:\/\/www.irreel.ch\/blog\/wp-json\/wp\/v2\/categories?post=2036"},{"taxonomy":"post_tag","embeddable":true,"href":"https:\/\/www.irreel.ch\/blog\/wp-json\/wp\/v2\/tags?post=2036"}],"curies":[{"name":"wp","href":"https:\/\/api.w.org\/{rel}","templated":true}]}}