{"id":2008,"date":"2011-01-05T22:58:43","date_gmt":"2011-01-05T20:58:43","guid":{"rendered":"http:\/\/www.irreel.org\/blog\/?p=2008"},"modified":"2019-03-04T21:37:31","modified_gmt":"2019-03-04T19:37:31","slug":"articles-un-lieu-monastique","status":"publish","type":"post","link":"https:\/\/www.irreel.ch\/blog\/articles-un-lieu-monastique\/","title":{"rendered":"Articles \/ un lieu monastique"},"content":{"rendered":"<p>Vallon:<\/p>\n<table border=\"0\" width=\"560\" cellspacing=\"16\" cellpadding=\"2\">\n<tbody>\n<tr>\n<td id=\"content\" valign=\"top\">\n<div align=\"center\"><\/div>\n<\/td>\n<\/tr>\n<tr>\n<td id=\"content\" valign=\"top\">\n<div align=\"center\"><span style=\"font-family: Baskerville; font-size: large;\"><i><br \/>\n<\/i><\/span><span style=\"font-size: xx-large;\">Au coeur du vallon du Talent<br \/>\n<\/span><span style=\"font-size: large;\"><span style=\"font-size: large;\">Un lieu monastique<\/span><\/span><\/p>\n<\/div>\n<\/td>\n<\/tr>\n<tr>\n<td id=\"content\" valign=\"top\">\n<div align=\"center\">\n<div align=\"left\">\n<p><span style=\"font-size: small;\"><br \/>\n<a href=\"http:\/\/www.irreel.ch\/articles\/vallon-du-talent.jpg\"><img loading=\"lazy\" decoding=\"async\" class=\"alignnone size-full wp-image-5067\" src=\"http:\/\/www.irreel.ch\/blog\/wp-content\/uploads\/vallon-du-talent-1.jpg\" alt=\"\" width=\"1015\" height=\"800\" srcset=\"https:\/\/www.irreel.ch\/blog\/wp-content\/uploads\/vallon-du-talent-1.jpg 1015w, https:\/\/www.irreel.ch\/blog\/wp-content\/uploads\/vallon-du-talent-1-150x118.jpg 150w, https:\/\/www.irreel.ch\/blog\/wp-content\/uploads\/vallon-du-talent-1-300x236.jpg 300w, https:\/\/www.irreel.ch\/blog\/wp-content\/uploads\/vallon-du-talent-1-768x605.jpg 768w\" sizes=\"auto, (max-width: 1015px) 100vw, 1015px\" \/><\/a><br \/>\n<\/span><\/p>\n<p><span style=\"font-size: small;\">Le vallon de Montheron en automne<\/span><\/p>\n<table border=\"0\" width=\"560\" cellspacing=\"2\" cellpadding=\"0\">\n<tbody>\n<tr>\n<td align=\"center\"><\/td>\n<\/tr>\n<\/tbody>\n<\/table>\n<p><i><span style=\"font-family: Baskerville; font-size: large;\">L\u2019ancienne abbaye de Montheron,<br \/>\nun lieu de paix dans la for\u00eat, le long d\u2019un ruisseau<br \/>\nChoisi par les moines cisterciens pour y construire leur abbaye il y a pr\u00e8s de 900 ans.<\/span><\/i><\/p>\n<p>La retraite<br \/>\nLa paix, le calme<br \/>\nA l\u2019\u00e9cart des routes,<br \/>\nLieu cach\u00e9, lieu secret, hors des sentiers<br \/>\nUn cours d\u2019eau, des rochers<br \/>\nPaysage taill\u00e9 dans la mollasse<br \/>\nB\u00e2timents barrant le fond de la vall\u00e9e<br \/>\nVoir et sentir le type de lieu choisi par les moines cisterciens<br \/>\nDe loin, d\u2019en haut<br \/>\nLa spiritualit\u00e9, le chant<br \/>\nLa paix, le calme<br \/>\nLa musique seule du ruisseau, le Talent,<br \/>\nAvec le chant des oiseaux et le chant des moines<br \/>\nLes r\u00e9sonnances de ce fonds de vall\u00e9e<br \/>\nUn lieu propice \u00e0 la m\u00e9ditation<br \/>\n\u00c0 la pri\u00e8re et surtout au chant<br \/>\nLa musique na\u00eet de ce lieu<br \/>\nLa paix<br \/>\nQui donne force et foi<br \/>\nQui emplit le c\u0153ur,<br \/>\nEt qui porte au chant<br \/>\nLa musique se d\u00e9veloppe d\u2019elle-m\u00eame ici<br \/>\nOn sent na\u00eetre en soi les phrases sonores<br \/>\nComme une polyphonie naturelle<br \/>\nVenant des pierres, venant de l\u2019air<\/p>\n<p>Un vallon retir\u00e9<br \/>\n\u00c0 voir depuis les hauts voisins de Froideville et de Grange-Neuve<br \/>\nCette vall\u00e9e o\u00f9 coule le Talent<br \/>\nUne eau claire, des sources<br \/>\nDes truites<br \/>\nEt le h\u00e9ron<br \/>\nLes bains de pied, de petites plages de galets le long du Talent<br \/>\nLa for\u00eat profonde tout autour<br \/>\nPlus loin les terres des moines<br \/>\nEn hiver les glaces impressionnantes, sur les rochers le long du Talent,<br \/>\nGrandes orgues de glaces, stalactites de glaces<\/p>\n<p>Aimer la paix de ce grand espace,<br \/>\nAu fonds de la vall\u00e9e,<br \/>\nEntre les c\u00f4teaux garnis d\u2019arbres, des feuillus ch\u00e2toyants sous la brise,<br \/>\nUn espace ferm\u00e9 sur lui-m\u00eame, propice au retour sur soi,<br \/>\nDans les profondeurs pour aller jusqu\u2019\u00e0 Dieu,<br \/>\nL\u2019oubli du monde et de ses pr\u00e9occupations incessantes, de ses distractions et divertissements qui \u00e9loignent l\u2019\u00eatre humain de la recherche de l\u2019essentiel et de la v\u00e9rit\u00e9 int\u00e9rieure.<br \/>\nL\u2019envie de m\u00e9diter, de lire, d\u2019\u00e9crire, de chanter des hymnes sacr\u00e9s,<br \/>\nLa seule pr\u00e9sence du ruisseau, bruissante, bruissonnante, buissonnante, sonnante, brise brune, bruit sonnant ruisselant et brisant nos sourdit\u00e9s.<br \/>\nRuisseau o\u00f9 l\u2019on peut r\u00eaver, avec ses petites criques, et ses plages bien dessin\u00e9es, son lit ondulant de mollasse verte et brune, agr\u00e9able sous le pied,<br \/>\nSes truites, habitant l\u2019endroit,<br \/>\nComme seule variation,<br \/>\nLes passages d\u2019oiseaux dans le ciel,<br \/>\nLe grand vol du h\u00e9ron,<br \/>\nLes groupes d\u2019oiseaux migrateurs,<br \/>\nComme aussi les passages de nuages, les envols nuageux,<br \/>\nComme des interm\u00e9diaires entre le ciel et nous, nous portant comme des escaliers toujours plus haut.<br \/>\nSentir profond\u00e9ment dans sa respiration entrer en soi la paix \u00e9vang\u00e9lique, laisser entrer en soi la grande pr\u00e9sence de Dieu.<\/p>\n<p>Sentir \u00e0 c\u00f4t\u00e9 des pierres, \u00e0 c\u00f4t\u00e9 du ruisseau, dans la vall\u00e9e, sentir monter l\u2019appel \u00e0 la pri\u00e8re et au chant, \u00e0 la m\u00e9ditation,<br \/>\nSortir du temps agit\u00e9 du monde, du temps secou\u00e9, hachur\u00e9 des hommes pour entrer dans une tout autre temporalit\u00e9, calme et ouverte, pleine de paix, propice \u00e0 la musique.<\/p>\n<p>Daniel Thomas, octobre 2006<br \/>\nPr\u00e9sident de l\u2019Assocation des amis de l\u2019abbaye de Montheron<\/p>\n<p><i><span style=\"font-family: Baskerville; font-size: large;\"> publi\u00e9 dans le cahier \u00ab\u00a0Jardins\u00a0\u00bb de l&rsquo;association oecum\u00e9nique des amis de Saint-Bernard de Clairvaux, Lausanne<\/span><\/i><\/p>\n<\/div>\n<div align=\"center\">\n<div align=\"center\"><\/div>\n<\/div>\n<\/div>\n<\/td>\n<\/tr>\n<\/tbody>\n<\/table>\n","protected":false},"excerpt":{"rendered":"<p>Vallon: Au coeur du vallon du Talent Un lieu monastique Le vallon de Montheron en automne L\u2019ancienne abbaye de Montheron, un lieu de paix dans la for\u00eat, le long d\u2019un ruisseau Choisi par les&#46;&#46;&#46;<\/p>\n","protected":false},"author":191,"featured_media":4404,"comment_status":"open","ping_status":"closed","sticky":false,"template":"","format":"standard","meta":{"sfsi_plus_gutenberg_text_before_share":"","sfsi_plus_gutenberg_show_text_before_share":"","sfsi_plus_gutenberg_icon_type":"","sfsi_plus_gutenberg_icon_alignemt":"","sfsi_plus_gutenburg_max_per_row":"","_EventAllDay":false,"_EventTimezone":"","_EventStartDate":"","_EventEndDate":"","_EventStartDateUTC":"","_EventEndDateUTC":"","_EventShowMap":false,"_EventShowMapLink":false,"_EventURL":"","_EventCost":"","_EventCostDescription":"","_EventCurrencySymbol":"","_EventCurrencyCode":"","_EventCurrencyPosition":"","_EventDateTimeSeparator":"","_EventTimeRangeSeparator":"","_EventOrganizerID":[],"_EventVenueID":[],"_OrganizerEmail":"","_OrganizerPhone":"","_OrganizerWebsite":"","_VenueAddress":"","_VenueCity":"","_VenueCountry":"","_VenueProvince":"","_VenueState":"","_VenueZip":"","_VenuePhone":"","_VenueURL":"","_VenueStateProvince":"","_VenueLat":"","_VenueLng":"","_VenueShowMap":false,"_VenueShowMapLink":false,"footnotes":""},"categories":[360],"tags":[362,363],"class_list":["post-2008","post","type-post","status-publish","format-standard","has-post-thumbnail","hentry","category-articles","tag-article","tag-moines"],"_links":{"self":[{"href":"https:\/\/www.irreel.ch\/blog\/wp-json\/wp\/v2\/posts\/2008","targetHints":{"allow":["GET"]}}],"collection":[{"href":"https:\/\/www.irreel.ch\/blog\/wp-json\/wp\/v2\/posts"}],"about":[{"href":"https:\/\/www.irreel.ch\/blog\/wp-json\/wp\/v2\/types\/post"}],"author":[{"embeddable":true,"href":"https:\/\/www.irreel.ch\/blog\/wp-json\/wp\/v2\/users\/191"}],"replies":[{"embeddable":true,"href":"https:\/\/www.irreel.ch\/blog\/wp-json\/wp\/v2\/comments?post=2008"}],"version-history":[{"count":9,"href":"https:\/\/www.irreel.ch\/blog\/wp-json\/wp\/v2\/posts\/2008\/revisions"}],"predecessor-version":[{"id":5068,"href":"https:\/\/www.irreel.ch\/blog\/wp-json\/wp\/v2\/posts\/2008\/revisions\/5068"}],"wp:featuredmedia":[{"embeddable":true,"href":"https:\/\/www.irreel.ch\/blog\/wp-json\/wp\/v2\/media\/4404"}],"wp:attachment":[{"href":"https:\/\/www.irreel.ch\/blog\/wp-json\/wp\/v2\/media?parent=2008"}],"wp:term":[{"taxonomy":"category","embeddable":true,"href":"https:\/\/www.irreel.ch\/blog\/wp-json\/wp\/v2\/categories?post=2008"},{"taxonomy":"post_tag","embeddable":true,"href":"https:\/\/www.irreel.ch\/blog\/wp-json\/wp\/v2\/tags?post=2008"}],"curies":[{"name":"wp","href":"https:\/\/api.w.org\/{rel}","templated":true}]}}