{"id":1992,"date":"2011-01-05T22:33:43","date_gmt":"2011-01-05T20:33:43","guid":{"rendered":"http:\/\/www.irreel.org\/blog\/?p=1992"},"modified":"2019-03-04T21:24:23","modified_gmt":"2019-03-04T19:24:23","slug":"articles-la-deesse-nuit","status":"publish","type":"post","link":"https:\/\/www.irreel.ch\/blog\/articles-la-deesse-nuit\/","title":{"rendered":"Articles \/ la d\u00e9esse Nuit"},"content":{"rendered":"<p>La Nuit:<\/p>\n<p>\u00a0<\/p>\n<p>\u00a0<\/p>\n<p>\u00a0<\/p>\n<table width=\"588\">\n<tbody>\n<tr>\n<td width=\"578\" height=\"746\">\n<p>\u00a0<\/p>\n<p><span style=\"font-size: small;\"> <br \/><\/span><br \/><span style=\"font-size: xx-large;\">LA DEESSE NUIT<br \/><\/span><span style=\"font-size: large;\">et sa famille<br \/>dans la th\u00e9ogonie d&rsquo;H\u00e9siode<br \/><\/span><span style=\"font-size: small;\">extraits du m\u00e9moire de Lettres, 1984<\/span><span style=\"font-size: x-large;\"><br \/><\/span><\/p>\n<p>\u00a0<\/p>\n<p>\u00a0<\/p>\n<table border=\"0\" width=\"580\">\n<tbody>\n<tr>\n<td align=\"center\">\u00a0<\/td>\n<\/tr>\n<\/tbody>\n<\/table>\n<p>\u00a0<\/p>\n<p>\u00a0<\/p>\n<p>\u00a0<\/p>\n<table border=\"0\" width=\"580\">\n<tbody>\n<tr>\n<td align=\"center\"><a href=\"http:\/\/www.irreel.ch\/articles\/deesse-nuit-grec\/nuit-roses2.jpg\"><img loading=\"lazy\" decoding=\"async\" class=\"alignnone size-full wp-image-5056\" src=\"http:\/\/www.irreel.ch\/blog\/wp-content\/uploads\/nuit-roses2-1.jpg\" alt=\"\" width=\"1092\" height=\"819\" srcset=\"https:\/\/www.irreel.ch\/blog\/wp-content\/uploads\/nuit-roses2-1.jpg 1092w, https:\/\/www.irreel.ch\/blog\/wp-content\/uploads\/nuit-roses2-1-150x113.jpg 150w, https:\/\/www.irreel.ch\/blog\/wp-content\/uploads\/nuit-roses2-1-300x225.jpg 300w, https:\/\/www.irreel.ch\/blog\/wp-content\/uploads\/nuit-roses2-1-768x576.jpg 768w, https:\/\/www.irreel.ch\/blog\/wp-content\/uploads\/nuit-roses2-1-1024x768.jpg 1024w\" sizes=\"auto, (max-width: 1092px) 100vw, 1092px\" \/><\/a><\/td>\n<\/tr>\n<\/tbody>\n<\/table>\n<p><span style=\"font-size: small;\">\u00a0<\/span><\/p>\n<p>\u00a0<\/p>\n<table border=\"0\" width=\"580\">\n<tbody>\n<tr>\n<td align=\"center\">\u00a0<\/td>\n<\/tr>\n<\/tbody>\n<\/table>\n<p><span style=\"font-size: small;\"> la nuit s&rsquo;approche, les couleurs s&rsquo;assombrissent, dans le jardin de l&rsquo;auteur<br \/><\/span><\/p>\n<p><br \/>Daniel D.R.Thomas<\/p>\n<p><span style=\"font-size: small;\"> <br \/><\/span><span style=\"font-size: small;\"><br \/><\/span><\/p>\n<p>\u00a0<\/p>\n<\/td>\n<\/tr>\n<\/tbody>\n<\/table>\n<p>\u00a0<\/p>\n<p>\u00a0<\/p>\n<p>\u00a0<\/p>\n<table border=\"0\">\n<tbody>\n<tr>\n<td valign=\"top\" width=\"584\" height=\"746\">\n<p>\u00a0<\/p>\n<p><br \/><span style=\"font-size: large;\"><i>LA DEESSE NUIT et sa famille<br \/>dans la th\u00e9ogonie d&rsquo;H\u00e9siode<\/i><br \/><\/span><span style=\"font-size: small;\">extraits du m\u00e9moire de Lettres, 1984<\/span><span style=\"font-size: x-large;\"><br \/><\/span><span style=\"font-size: small;\"><br \/><\/span><span style=\"font-size: large;\"><i>Introduction: beaucoup d&rsquo;\u00e9l\u00e9ments caract\u00e9risant la recherche carillonneur.ch, son monde, ses perceptions ont pour origine cet essai de 1984, qui parle de l&rsquo;ouverture entre le ciel et la terre, la naissance de la nuit, l&rsquo;apparition de la lumi\u00e8re. J&rsquo;ai choisi d&rsquo;en pr\u00e9senter quelques extraits les plus significatifs, qui sont le plus r\u00e9v\u00e9lant et porteurs quant \u00e0 la vision du monde.<\/i><\/span><\/p>\n<p>A commencer par ces chapitres sur le chaos, l&rsquo;origine, une ouverture. un espace ouvert (pas le sens contemporain).<\/p>\n<p><i> <\/i><span style=\"font-size: small;\">extraits: 1\/ le chaos originel, ouverture entre le ciel et la terre,<br \/>2\/ la Nuit, symbole de la mort <\/span><span style=\"font-size: large;\"><br \/><\/span><\/p>\n<\/td>\n<\/tr>\n<\/tbody>\n<\/table>\n<p>\u00a0<\/p>\n<p>\u00a0<\/p>\n<p><span style=\"font-size: medium;\">Le Chaos:<\/span><\/p>\n<p><span style=\"font-size: medium;\"> Le Chaos est le premier \u00eatre; il a donn\u00e9 naissance \u00e0 la Nuit. Qu&rsquo;est-il ce premier \u00eatre pour avoir pu donner naissance \u00e0 cette brume noire, immense, qu&rsquo;est la Nuit ? 1<\/span><\/p>\n<p><span style=\"font-size: medium;\"> a] Le Chaos, espace vide:<\/span><\/p>\n<p><span style=\"font-size: medium;\"> Aristote (Phys. JV, 208 b 26-33) interpr\u00eate le Chaos comme \u00ab\u00a0<a href=\"http:\/\/www.irreel.ch\/blog\/wp-content\/uploads\/chora-1.gif\"><img loading=\"lazy\" decoding=\"async\" class=\"alignnone size-full wp-image-5048\" src=\"http:\/\/www.irreel.ch\/blog\/wp-content\/uploads\/chora-1.gif\" alt=\"\" width=\"49\" height=\"21\" \/><\/a>\u00ab\u00a0, un espace libre, une place pour les \u00eatres \u00e0 na\u00eetre. Cette id\u00e9e de l&rsquo;espace comme pur r\u00e9ceptacle, du lieu priv\u00e9 de corps, est sans doute trop abstraite, trop \u00ab\u00a0moderne\u00a0\u00bb pour \u00eatre la conception d&rsquo;H\u00e9siode; mais je ne crois pas qu&rsquo;il nous faille pour autant consid\u00e9rer cette interpr\u00e9tation d&rsquo;Aristote comme compl\u00e8tement erron\u00e9e. Aristote n&rsquo;a pas pu se tromper tout-\u00e0-fait; je crois plut\u00f4t qu&rsquo;il nous faut chercher dans la ligne de l&rsquo;interpr\u00e9tation d&rsquo;Aristote, mais en nous approchant de quelque chose de plus concret.<br \/>H.Fr\u00e4nkel adopte l&rsquo;interpr\u00e9tation d&rsquo;Aristote (D.u.Ph. p. 112):\u00a0\u00bbAls erstes entstand nach Hesiod das Chaos (116), d.i. die klaffende Leere. Ehe etwas da war, gab es nur ein Nichts, eine Leere in welche die Dinge hineintreten werden und die alle Dinge umgibt.\u00a0\u00bb Au d\u00e9but apparut le vide, la place pour les \u00eatres \u00e0 venir.<\/span><\/p>\n<p><span style=\"font-size: medium;\"> b] Le Chaos, l&rsquo;ab\u00eeme, la b\u00e9ance, le gouffre sans fond:<\/span><\/p>\n<p><span style=\"font-size: medium;\"> L&rsquo;\u00e9tymologie du terme Chaos nous dirige vers l&rsquo;ouverture, la b\u00e9ance<br \/>( racine <a href=\"http:\/\/www.irreel.ch\/blog\/wp-content\/uploads\/chaf.gif\"><img loading=\"lazy\" decoding=\"async\" class=\"alignnone size-full wp-image-5049\" src=\"http:\/\/www.irreel.ch\/blog\/wp-content\/uploads\/chaf.gif\" alt=\"\" width=\"43\" height=\"19\" \/><\/a> s&rsquo;ouvrir, <a href=\"http:\/\/www.irreel.ch\/blog\/wp-content\/uploads\/chainein.gif\"><img loading=\"lazy\" decoding=\"async\" class=\"alignnone size-full wp-image-5050\" src=\"http:\/\/www.irreel.ch\/blog\/wp-content\/uploads\/chainein.gif\" alt=\"\" width=\"70\" height=\"22\" \/><\/a> , \u00a0<a href=\"http:\/\/www.irreel.ch\/blog\/wp-content\/uploads\/chaskein.gif\"><img loading=\"lazy\" decoding=\"async\" class=\"alignnone size-full wp-image-5051\" src=\"http:\/\/www.irreel.ch\/blog\/wp-content\/uploads\/chaskein.gif\" alt=\"\" width=\"77\" height=\"21\" \/><\/a>, s&rsquo;entrouvrir, b\u00e9er, <a href=\"http:\/\/www.irreel.ch\/blog\/wp-content\/uploads\/chasma.gif\"><img loading=\"lazy\" decoding=\"async\" class=\"alignnone size-full wp-image-5052\" src=\"http:\/\/www.irreel.ch\/blog\/wp-content\/uploads\/chasma.gif\" alt=\"\" width=\"65\" height=\"22\" \/><\/a>,<br \/>ouverture et <a href=\"http:\/\/www.irreel.ch\/blog\/wp-content\/uploads\/chaunos.gif\"><img loading=\"lazy\" decoding=\"async\" class=\"alignnone size-full wp-image-5053\" src=\"http:\/\/www.irreel.ch\/blog\/wp-content\/uploads\/chaunos.gif\" alt=\"\" width=\"65\" height=\"24\" \/><\/a>, trou\u00e9,poreux).<\/span><\/p>\n<p><span style=\"font-size: medium;\"> J.P.Vernant interpr\u00eate ainsi le Chaos ( Dict.Myth. vol.I, p. 255sq ):<br \/>\u00ab\u00a0Ne faut-il pas alors de repr\u00e9senter Chaos comme un gouffre sans fond, un espace d&rsquo;errance ind\u00e9finie, de chute ininterrompue semblable \u00e0 l&rsquo;immense ab\u00eeme, le \u00a0<a href=\"http:\/\/www.irreel.ch\/blog\/wp-content\/uploads\/chasma-meg.gif\"><img loading=\"lazy\" decoding=\"async\" class=\"alignnone size-full wp-image-5054\" src=\"http:\/\/www.irreel.ch\/blog\/wp-content\/uploads\/chasma-meg.gif\" alt=\"\" width=\"103\" height=\"23\" \/><\/a>du vers 740, dans la description du Tartare; &#8230;La B\u00e9ance qui na\u00eet avant toute chose n &lsquo;a pas de fond comme elle n&rsquo;a pas de sommet: elle est absence de stabilit\u00e9, absence de forme, absence de densit\u00e9, absence de plein. En tant que \u00ab\u00a0cavit\u00e9\u00a0\u00bb elle est moins un lieu abstrait -le vide &#8211; qu&rsquo;un ab\u00eeme, un tourbillon de vertige qui se creuse ind\u00e9finiment, sans direction, sans orientation.\u00a0\u00bb<\/span><\/p>\n<p><span style=\"font-size: medium;\"> La Terre r\u00e9pond au Chaos: elle est le solide, la s\u00fbre assise o\u00fb s&rsquo;appuyer:<br \/>(Th.117) \u00a0\u00bb <a href=\"http:\/\/www.irreel.ch\/blog\/wp-content\/uploads\/th-117.gif\"><img loading=\"lazy\" decoding=\"async\" class=\"alignnone size-full wp-image-5055\" src=\"http:\/\/www.irreel.ch\/blog\/wp-content\/uploads\/th-117.gif\" alt=\"\" width=\"401\" height=\"26\" \/><\/a>\u00ab\u00a0;le Chaos lui est l&rsquo;Ab\u00eeme sans fond, l&rsquo;Ouverture immense.<\/span><\/p>\n<p><span style=\"font-size: medium;\"> Cette interpr\u00e9tation ne contredit pas Aristote: le Chaos est bien l&rsquo;espace libre,<br \/><\/span><\/p>\n<p>\u00a0<\/p>\n<p>\u00a0<\/p>\n<p>\u00a0<\/p>\n<p>\u00a0<\/p>\n<table border=\"0\">\n<tbody>\n<tr>\n<td valign=\"top\" width=\"584\" height=\"746\">\n<p><span style=\"font-family: Lucida Handwriting; font-size: medium;\">\u00a0<\/span><\/p>\n<p>\u00a0<\/p>\n<p>\u00a0<\/p>\n<p>\u00a0<\/p>\n<table border=\"0\" width=\"100%\">\n<tbody>\n<tr>\n<td width=\"92%\">\n<p><span style=\"font-size: medium;\">une place pour les \u00eatres \u00e0 na\u00eetre, mais il n&rsquo;est pas le lieu abstrait; il est bien plut\u00f4t l&rsquo;espace libre concret d&rsquo;un ab\u00eeme, d&rsquo;une grande ouverture dans le monde, sans fond ni limite.2<\/span><\/p>\n<p>c] Le Chaos, espace libre entre le Ciel et le Terre:<\/p>\n<p>F.M.Cornford et G.S.Kirk d\u00e9fendent cette interpr\u00e9tation du Chaos comme ouverture entre le Ciel et la Terre donnant l&rsquo;espace n\u00e9cessaire aux \u00eatres pour y \u00e9voluer, comme si l&rsquo;apparition du Chaos d\u00e9signait la s\u00e9paration du Ciel et de la Terre et que le monde avant lui \u00e9tait comme un seul bloc, ferm\u00e9. Or H\u00e9siode dit bien que le Chaos est \u00ab\u00a0tout premier\u00a0\u00bb, il ne parle pas de \u00ab\u00a0l&rsquo;oeuf\u00a0\u00bb<br \/>du monde, de ce bloc ferm\u00e9 que le Chaos aurait ouvert; et, d&rsquo;autre part, il dit bien que la Terre appara\u00eet ensuite, puis que le Ciel na\u00eet de la Terre, qu&rsquo;il est donc d&rsquo;une g\u00e9n\u00e9ration plus jeune que la Terre. J.P.Vernant s&rsquo;exprime ainsi (op.cit. p. 255):\u00a0\u00bbMais que pouvait bien \u00eatre l&rsquo;espace entre ciel et terre quand n&rsquo;existaient encore ni le ciel ni la terre ?\u00a0\u00bb<\/p>\n<p><span style=\"font-size: medium;\"> O.Gigon a une fa\u00e7on proche mais n\u00e9anmoins diff\u00e9rente de comprendre le Chaos (U.g.Ph. p.28sqq) :\u00a0\u00bbWas bedeutet dies bei Hesiod? Wenn Hesiod nach dem Ursprung fragt, so meint er das <i>einfachste, undifferenzierste Wesen<\/i>&#8230;. . Aber er denkt nun auch Erde und Himmel weg. Der Ursprung ist <i>gestaltlos<\/i>, und um zum Ursprung zu gelangen, muss auch von diesen beiden letzten gestalteten Wesen abgesehen werden. Dann bleibt nur noch der <i>Raum zwischen Himmel und Erde<\/i> \u00fcbrig. Er ist das Chaos.\u00a0\u00bb Il ne parle pas de s\u00e9paration du Ciel et de la Terre, mais seulement de l&rsquo;apparition \u00e0 l&rsquo;origine de l&rsquo;espace entre le Ciel et la Terre. Je r\u00e9p\u00e8te ici la phrase de J.P.Vernant:\u00a0\u00bbMais que pouvait bien \u00eatre l&rsquo;espace entre ciel et terre quand n existaient encore ni le ciel ni la terre\u00a0\u00bb. Et, de plus il me semble que le Chaos d\u00e9signe aussi l&rsquo;espace sous la Terre, en tant que p\u00e8re de l&rsquo;Er\u00e8be, de l&rsquo;obscurit\u00e9 souterraine. Cette interpr\u00e9tation n&rsquo;est quand m\u00eame pas fausse dans toutes ses conclusions; quand il dit (p.30):\u00a0\u00bb&#8230; w\u00e4hrend Hesiod den viel radikaleren Begriff des klaffenden Raumes selbst vorgezogen hatte, der das Substrat Von Tag und Nacht zugleich ist\u00a0\u00bb, j&rsquo;accepte tout-\u00e0-fait son interpr\u00e9tation de l&rsquo;espace b\u00e9ant, substrat du Jour et de la Nuit, qui concorde avec celle de la B\u00e9ance, de l&rsquo;Ab\u00eeme; elle est seulement trop restreinte, le Chaos est plus immense, une fois la Terre apparue, il d\u00e9signera aussi bien l&rsquo;espace sur la Terre que l&rsquo;ab\u00eeme en-dessous.<br \/><\/span><\/p>\n<p>\u00a0<\/p>\n<\/td>\n<\/tr>\n<tr>\n<td width=\"92%\">\n<p>\u00a0<\/p>\n<p>\u00a0<\/p>\n<\/td>\n<\/tr>\n<\/tbody>\n<\/table>\n<p>\u00a0<\/p>\n<\/td>\n<\/tr>\n<\/tbody>\n<\/table>\n<p>\u00a0<\/p>\n\n\n<p>extrait du m\u00e9moire de litt\u00e9rature grecque, 1984&Prime;La d\u00e9esse Nuit et sa famille dans la Th\u00e9ogonie d&rsquo;H\u00e9siode\u00a0\u00bb Daniel Thomas , page 29:<\/p>\n\n\n\n<figure class=\"wp-block-image\"><img loading=\"lazy\" decoding=\"async\" width=\"521\" height=\"401\" src=\"http:\/\/www.irreel.ch\/blog\/wp-content\/uploads\/pgrecancien-nuit.gif\" alt=\"\" class=\"wp-image-5057\"\/><\/figure>\n","protected":false},"excerpt":{"rendered":"<p>La Nuit: \u00a0 \u00a0 \u00a0 \u00a0 LA DEESSE NUITet sa familledans la th\u00e9ogonie d&rsquo;H\u00e9siodeextraits du m\u00e9moire de Lettres, 1984 \u00a0 \u00a0 \u00a0 \u00a0 \u00a0 \u00a0 \u00a0 \u00a0 \u00a0 la nuit s&rsquo;approche, les couleurs s&rsquo;assombrissent,&#46;&#46;&#46;<\/p>\n","protected":false},"author":191,"featured_media":4406,"comment_status":"open","ping_status":"closed","sticky":false,"template":"","format":"standard","meta":{"sfsi_plus_gutenberg_text_before_share":"","sfsi_plus_gutenberg_show_text_before_share":"","sfsi_plus_gutenberg_icon_type":"","sfsi_plus_gutenberg_icon_alignemt":"","sfsi_plus_gutenburg_max_per_row":"","_EventAllDay":false,"_EventTimezone":"","_EventStartDate":"","_EventEndDate":"","_EventStartDateUTC":"","_EventEndDateUTC":"","_EventShowMap":false,"_EventShowMapLink":false,"_EventURL":"","_EventCost":"","_EventCostDescription":"","_EventCurrencySymbol":"","_EventCurrencyCode":"","_EventCurrencyPosition":"","_EventDateTimeSeparator":"","_EventTimeRangeSeparator":"","_EventOrganizerID":[],"_EventVenueID":[],"_OrganizerEmail":"","_OrganizerPhone":"","_OrganizerWebsite":"","_VenueAddress":"","_VenueCity":"","_VenueCountry":"","_VenueProvince":"","_VenueState":"","_VenueZip":"","_VenuePhone":"","_VenueURL":"","_VenueStateProvince":"","_VenueLat":"","_VenueLng":"","_VenueShowMap":false,"_VenueShowMapLink":false,"footnotes":""},"categories":[360,142],"tags":[362,267,448,361],"class_list":["post-1992","post","type-post","status-publish","format-standard","has-post-thumbnail","hentry","category-articles","category-langues","tag-article","tag-grec-ancien","tag-noir","tag-nuit"],"_links":{"self":[{"href":"https:\/\/www.irreel.ch\/blog\/wp-json\/wp\/v2\/posts\/1992","targetHints":{"allow":["GET"]}}],"collection":[{"href":"https:\/\/www.irreel.ch\/blog\/wp-json\/wp\/v2\/posts"}],"about":[{"href":"https:\/\/www.irreel.ch\/blog\/wp-json\/wp\/v2\/types\/post"}],"author":[{"embeddable":true,"href":"https:\/\/www.irreel.ch\/blog\/wp-json\/wp\/v2\/users\/191"}],"replies":[{"embeddable":true,"href":"https:\/\/www.irreel.ch\/blog\/wp-json\/wp\/v2\/comments?post=1992"}],"version-history":[{"count":25,"href":"https:\/\/www.irreel.ch\/blog\/wp-json\/wp\/v2\/posts\/1992\/revisions"}],"predecessor-version":[{"id":5058,"href":"https:\/\/www.irreel.ch\/blog\/wp-json\/wp\/v2\/posts\/1992\/revisions\/5058"}],"wp:featuredmedia":[{"embeddable":true,"href":"https:\/\/www.irreel.ch\/blog\/wp-json\/wp\/v2\/media\/4406"}],"wp:attachment":[{"href":"https:\/\/www.irreel.ch\/blog\/wp-json\/wp\/v2\/media?parent=1992"}],"wp:term":[{"taxonomy":"category","embeddable":true,"href":"https:\/\/www.irreel.ch\/blog\/wp-json\/wp\/v2\/categories?post=1992"},{"taxonomy":"post_tag","embeddable":true,"href":"https:\/\/www.irreel.ch\/blog\/wp-json\/wp\/v2\/tags?post=1992"}],"curies":[{"name":"wp","href":"https:\/\/api.w.org\/{rel}","templated":true}]}}