{"id":1939,"date":"2011-01-05T11:57:45","date_gmt":"2011-01-05T09:57:45","guid":{"rendered":"http:\/\/www.irreel.org\/blog\/?p=1939"},"modified":"2019-03-05T06:29:00","modified_gmt":"2019-03-05T04:29:00","slug":"poesie-polyglotte-germanique-suedois","status":"publish","type":"post","link":"https:\/\/www.irreel.ch\/blog\/poesie-polyglotte-germanique-suedois\/","title":{"rendered":"Po\u00e9sie polyglotte germanique \/ Su\u00e9dois"},"content":{"rendered":"<table border=\"0\" width=\"600\" cellspacing=\"0\" cellpadding=\"0\">\n<tbody>\n<tr>\n<td id=\"content\" valign=\"top\">\n<div align=\"center\">\n<div align=\"center\"><center><\/p>\n<div align=\"center\">\n<div align=\"center\">\n<div align=\"center\"><center><center><\/p>\n<div align=\"center\">\n<div align=\"center\"><center><center><br \/>\n<span style=\"font-size: xx-large;\">skuggor och dagrar<\/span><\/center><\/center><\/div>\n<\/div>\n<p><\/center><\/center><\/div>\n<\/div>\n<\/div>\n<p><\/center><\/div>\n<div align=\"center\"><center><\/p>\n<div align=\"center\">\n<div align=\"center\">\n<div align=\"center\"><center><center><\/p>\n<div align=\"center\">\n<div align=\"center\"><center><br \/>\n<center><center><br \/>\n<span style=\"font-size: large;\">ett underbarn<br \/>\nunder skuggande palmer<br \/>\nsaligen s\u00f6vd<br \/>\nsom genom ett under<br \/>\nfridfull och lugn<\/span><\/center><\/center><\/center><\/div>\n<\/div>\n<p><\/center><\/center><\/div>\n<\/div>\n<\/div>\n<p><\/center><\/div>\n<div align=\"center\"><center><\/p>\n<div align=\"center\">\n<div align=\"center\">\n<div align=\"center\"><center><br \/>\n<center><\/p>\n<div align=\"center\">\n<div align=\"center\"><center><br \/>\n<center><center><span style=\"font-size: large;\"><span style=\"font-size: large;\">uppjagad<br \/>\nandf\u00e5dd<br \/>\nse p\u00e5 himmelen<\/span><\/span><\/p>\n<p><span style=\"font-size: large;\"> och<br \/>\nandas<\/span><\/p>\n<p><\/center><\/center><\/center><\/div>\n<\/div>\n<p><\/center><\/center><\/div>\n<\/div>\n<\/div>\n<p><\/center><\/div>\n<p><span style=\"font-size: x-large;\">\u00a0<\/span><\/p>\n<\/div>\n<\/td>\n<\/tr>\n<tr>\n<td id=\"content\" valign=\"top\" bgcolor=\"white\">\n<p style=\"text-align: center;\"><span style=\"font-size: small;\">traduction<\/span><\/p>\n<p style=\"text-align: center;\"><span style=\"font-size: small;\">ombres et lumi\u00e8res<\/span><\/p>\n<p style=\"text-align: center;\"><span style=\"font-size: small;\">un enfant prodige<br \/>\nsous des palmiers donnant de l&rsquo;ombre<br \/>\ncomme un bienheureux , endormi<br \/>\ncomme par un miracle<br \/>\npaisible et calme<\/span><br \/>\n<span style=\"font-size: small;\">agit\u00e9<br \/>\nhors d&rsquo;haleine<br \/>\nregarde dans le ciel<\/span><\/p>\n<p style=\"text-align: center;\"><span style=\"font-size: small;\">et<br \/>\nrespire<\/span><\/p>\n<p style=\"text-align: center;\"><span style=\"font-size: small;\">\u00a0<\/span><\/p>\n<p style=\"text-align: center;\"><span style=\"font-size: small;\">Licht und Schatten<\/span><\/p>\n<p style=\"text-align: center;\"><span style=\"font-size: small;\">ein Wunderkind<br \/>\nunter schattenspendenden Palmern<br \/>\nselig eingeschl\u00e4fert<br \/>\nwie durch ein Wunder<br \/>\nfriedlich und ruhig<\/span><\/p>\n<p style=\"text-align: center;\"><span style=\"font-size: small;\">beunruhigt<br \/>\nausser Atem<br \/>\nschaue im Himmel<\/span><\/p>\n<p style=\"text-align: center;\"><span style=\"font-size: small;\">und<br \/>\natme<\/span><\/p>\n<p style=\"text-align: center;\">\n<\/td>\n<\/tr>\n<tr>\n<td id=\"content\" valign=\"top\">\n<div align=\"center\">\n<div align=\"center\">\n<div align=\"center\">\n<div align=\"center\"><center><\/p>\n<div align=\"center\"><span style=\"font-family: Baskerville; font-size: x-large;\"><i><br \/>\n<\/i><\/span><span style=\"color: #3333ff;\"><br \/>\n<\/span> Daniel Thomas<\/p>\n<p><span style=\"font-family: New Berolina MT; font-size: large;\">I b\u00e5ten,<br \/>\nintryck fr\u00e5n standen,<br \/>\ndimmor,<br \/>\nmoln \u00f6ver havet,<br \/>\nen dialog mellan komposit\u00f6ren och improvisat\u00f6ren,<br \/>\nen dialog mellan musiken och landskapet,<br \/>\nen genornstr\u00f6mning av platsens atmosf\u00e4r,<br \/>\narbetet ombord, p\u00e5 vattnet,<br \/>\ns\u00f6kandet efter milda f\u00e4<br \/>\nuttryck f\u00f6r himlens nyanser,<br \/>\nmolnens besl\u00f6jade passager,<br \/>\ngripande intryck av v\u00e5r existens p\u00e5 jorden,<br \/>\nmellan hav och himmel,<br \/>\nf\u00f6rnimmelser som passerar,<br \/>\nuttryckta i klanger,<br \/>\ni anhopningar av noter,<br \/>\ni strukturer hos skisserna av ljud,<br \/>\ni linjer av melodiska b\u00e5gar,<br \/>\ni en klingande erinran om \u00f6ppna landskap<br \/>\ni f\u00f6rundrade \u00f6gon<br \/>\nhos den som ser.<br \/>\n<\/span><\/p>\n<div align=\"center\">\n<div align=\"center\">\n<div align=\"center\"><center><\/p>\n<p><\/center><\/div>\n<\/div>\n<p>_________<\/p>\n<\/div>\n<div align=\"center\">\n<div align=\"center\">\n<div align=\"center\"><center><\/p>\n<div align=\"center\"><span style=\"font-family: Times; font-size: medium;\"><span style=\"font-family: Times; font-size: medium;\"><b>\u00a0efter f\u00f6rloppet av ett \u00e5r<br \/>\nett l\u00e5ngt, ensamt \u00e5r<\/b><\/span><\/span><\/p>\n<p><span style=\"font-family: Times; font-size: medium;\"><b> inte ett live var h\u00e4r<br \/>\ni skogbevuxet land<br \/>\n<\/b><\/span><span style=\"color: #cc00cc; font-family: Times; font-size: medium;\"><b><br \/>\n<\/b><b>stormen anstallde stor skada<\/b><b><br \/>\n<\/b><b>s\u00e5 l\u00e5ngt \u00f6gat n\u00e5r<\/b><b><br \/>\n<\/b><\/span><span style=\"font-family: Times; font-size: medium;\"><b><br \/>\nen rolos m\u00e4nniska<br \/>\ndet spelar mycket liten roll<\/b><\/span><\/p>\n<p><b> <\/b><b> <\/b><span style=\"color: #3399ff; font-family: Times; font-size: medium;\"><b>han l\u00e5ter inte hindra sig<br \/>\nvad h\u00e4r du f\u00f6r en?<\/b><\/span><\/p>\n<p><b> <\/b><span style=\"color: #3399ff; font-family: Times; font-size: medium;\"><b> en purpurr\u00f6d puss<br \/>\nfast det regnade mycket<br \/>\n<\/b><\/span><span style=\"color: #339900; font-family: Times; font-size: medium;\"><b><br \/>\n<\/b><b>en purpurr\u00f6d puss<\/b><b><br \/>\n<\/b><b>i skogbevuxet land<\/b><b><br \/>\n<\/b><\/span><span style=\"font-family: Times; font-size: medium;\"><b><br \/>\n<\/b><\/span><\/p>\n<\/div>\n<p><\/center><\/div>\n<\/div>\n<\/div>\n<div align=\"center\">\n<div align=\"center\">\n<div align=\"center\"><center><\/p>\n<div align=\"center\"><span style=\"font-size: small;\"><span style=\"font-size: small;\">Nach Verlauf eines Jahr,<br \/>\nein langes, einsames Jahr,<\/span><\/span><\/p>\n<p>keine Menschenseele war hier<br \/>\nin Waldland<\/p>\n<p>der Sturm hat grosse Sch\u00e4den angerichtet<br \/>\nso weit das Auge reicht<\/p>\n<p>ein ruheloses Mensch<br \/>\nes ist belanglos<\/p>\n<p>nichts kann ihn aufhalten<br \/>\nwer bist du eigentlich?<\/p>\n<p>ein purpurroter Kuss<br \/>\ntrotz dem vielen Regen<\/p>\n<p><span style=\"font-size: small;\"> ein purpurroter Kuss<br \/>\nin Waldland<br \/>\n<\/span><\/p>\n<\/div>\n<p><\/center><\/div>\n<\/div>\n<\/div>\n<div align=\"center\">\n<div align=\"center\">\n<div align=\"center\"><center><\/p>\n<div align=\"center\"><span style=\"font-size: small;\"><span style=\"font-size: small;\"><br \/>\nUn ann\u00e9e \u00e9tant pass\u00e9e,<br \/>\nune longue et solitaire ann\u00e9e,<\/span><\/span><\/p>\n<p>il n\u2019y avait pas \u00e2me qui vive<br \/>\nen contr\u00e9e bois\u00e9e<\/p>\n<p>la temp\u00eate a caus\u00e9 de gros d\u00e9gats<br \/>\nsi loin que porte le regard<\/p>\n<p>un \u00eatre sans repos<br \/>\ncela n\u2019a pas d\u2019importance<\/p>\n<p>rien ne peut l\u2019arr\u00eater,<br \/>\nquel type d\u2019homme es-tu?<\/p>\n<p>un baiser rouge pourpre<br \/>\nmalgr\u00e9 la grande pluie<\/p>\n<p>un baiser rouge pourpre<br \/>\nen contr\u00e9e bois\u00e9e<\/p>\n<\/div>\n<p><\/center><\/div>\n<\/div>\n<\/div>\n<\/div>\n<p><\/center><\/div>\n<\/div>\n<\/div>\n<\/div>\n<\/td>\n<\/tr>\n<tr>\n<td id=\"content\" valign=\"top\"><\/td>\n<\/tr>\n<tr>\n<td id=\"content\" valign=\"top\"><\/td>\n<\/tr>\n<tr>\n<td id=\"content\" valign=\"top\"><\/td>\n<\/tr>\n<tr>\n<td><\/td>\n<\/tr>\n<\/tbody>\n<\/table>\n","protected":false},"excerpt":{"rendered":"<p>skuggor och dagrar ett underbarn under skuggande palmer saligen s\u00f6vd som genom ett under fridfull och lugn uppjagad andf\u00e5dd se p\u00e5 himmelen och andas \u00a0 traduction ombres et lumi\u00e8res un enfant prodige sous des&#46;&#46;&#46;<\/p>\n","protected":false},"author":191,"featured_media":4481,"comment_status":"open","ping_status":"closed","sticky":false,"template":"","format":"standard","meta":{"sfsi_plus_gutenberg_text_before_share":"","sfsi_plus_gutenberg_show_text_before_share":"","sfsi_plus_gutenberg_icon_type":"","sfsi_plus_gutenberg_icon_alignemt":"","sfsi_plus_gutenburg_max_per_row":"","_EventAllDay":false,"_EventTimezone":"","_EventStartDate":"","_EventEndDate":"","_EventStartDateUTC":"","_EventEndDateUTC":"","_EventShowMap":false,"_EventShowMapLink":false,"_EventURL":"","_EventCost":"","_EventCostDescription":"","_EventCurrencySymbol":"","_EventCurrencyCode":"","_EventCurrencyPosition":"","_EventDateTimeSeparator":"","_EventTimeRangeSeparator":"","_EventOrganizerID":[],"_EventVenueID":[],"_OrganizerEmail":"","_OrganizerPhone":"","_OrganizerWebsite":"","_VenueAddress":"","_VenueCity":"","_VenueCountry":"","_VenueProvince":"","_VenueState":"","_VenueZip":"","_VenuePhone":"","_VenueURL":"","_VenueStateProvince":"","_VenueLat":"","_VenueLng":"","_VenueShowMap":false,"_VenueShowMapLink":false,"footnotes":""},"categories":[116,207,120],"tags":[341,339,340,342,141,541],"class_list":["post-1939","post","type-post","status-publish","format-standard","has-post-thumbnail","hentry","category-allemand","category-essai-polyglotte","category-suedois","tag-essaer-pa-svenska","tag-essai-suedois","tag-essais-in-swedish","tag-essays-auf-schwedisch","tag-polyglotte","tag-suedois"],"_links":{"self":[{"href":"https:\/\/www.irreel.ch\/blog\/wp-json\/wp\/v2\/posts\/1939","targetHints":{"allow":["GET"]}}],"collection":[{"href":"https:\/\/www.irreel.ch\/blog\/wp-json\/wp\/v2\/posts"}],"about":[{"href":"https:\/\/www.irreel.ch\/blog\/wp-json\/wp\/v2\/types\/post"}],"author":[{"embeddable":true,"href":"https:\/\/www.irreel.ch\/blog\/wp-json\/wp\/v2\/users\/191"}],"replies":[{"embeddable":true,"href":"https:\/\/www.irreel.ch\/blog\/wp-json\/wp\/v2\/comments?post=1939"}],"version-history":[{"count":12,"href":"https:\/\/www.irreel.ch\/blog\/wp-json\/wp\/v2\/posts\/1939\/revisions"}],"predecessor-version":[{"id":5103,"href":"https:\/\/www.irreel.ch\/blog\/wp-json\/wp\/v2\/posts\/1939\/revisions\/5103"}],"wp:featuredmedia":[{"embeddable":true,"href":"https:\/\/www.irreel.ch\/blog\/wp-json\/wp\/v2\/media\/4481"}],"wp:attachment":[{"href":"https:\/\/www.irreel.ch\/blog\/wp-json\/wp\/v2\/media?parent=1939"}],"wp:term":[{"taxonomy":"category","embeddable":true,"href":"https:\/\/www.irreel.ch\/blog\/wp-json\/wp\/v2\/categories?post=1939"},{"taxonomy":"post_tag","embeddable":true,"href":"https:\/\/www.irreel.ch\/blog\/wp-json\/wp\/v2\/tags?post=1939"}],"curies":[{"name":"wp","href":"https:\/\/api.w.org\/{rel}","templated":true}]}}