{"id":1933,"date":"2011-01-05T11:30:33","date_gmt":"2011-01-05T09:30:33","guid":{"rendered":"http:\/\/www.irreel.org\/blog\/?p=1933"},"modified":"2017-02-05T19:56:28","modified_gmt":"2017-02-05T17:56:28","slug":"curriculum-en-allemand","status":"publish","type":"post","link":"https:\/\/www.irreel.ch\/blog\/curriculum-en-allemand\/","title":{"rendered":"Curriculum en allemand"},"content":{"rendered":"<p><img loading=\"lazy\" decoding=\"async\" src=\"http:\/\/www.irreel.ch\/blog\/wp-content\/uploads\/moments-de-peinture-en-hiver_Fotor2_clair_bleu.jpg\" alt=\"\" width=\"1000\" height=\"750\" class=\"alignleft size-full wp-image-4490\" srcset=\"https:\/\/www.irreel.ch\/blog\/wp-content\/uploads\/moments-de-peinture-en-hiver_Fotor2_clair_bleu.jpg 1000w, https:\/\/www.irreel.ch\/blog\/wp-content\/uploads\/moments-de-peinture-en-hiver_Fotor2_clair_bleu-150x113.jpg 150w, https:\/\/www.irreel.ch\/blog\/wp-content\/uploads\/moments-de-peinture-en-hiver_Fotor2_clair_bleu-300x225.jpg 300w, https:\/\/www.irreel.ch\/blog\/wp-content\/uploads\/moments-de-peinture-en-hiver_Fotor2_clair_bleu-768x576.jpg 768w\" sizes=\"auto, (max-width: 1000px) 100vw, 1000px\" \/><strong>Daniel Thomas, curriculum en allemand<\/strong><\/p>\n<p>Daniel Dominique Ren\u00e9 Thomas<\/p>\n<p>Lizenziert der Universit\u00e4t im Jahre 1984 (Griechisch, Latein und Philosophie).<br \/>\nIm Jahre 1992 erlangt er einen prix de virtuosit\u00e9 des Konservatorium in Lausanne (f\u00fcr die Orgel). Nun ist er Organist der Abbaye de Montheron bei Lausanne und auch der schwedischen Kirche im Prieur\u00e9 de Pully.<br \/>\nEr gibt Orgelkonzerten in verschiedenen europ\u00e4ischen L\u00e4ndern, wie in Schweden, und ausserdem in Mexico.<br \/>\nEr widmet sich der musikalischen Zusammensetzung: Er schreibt f\u00fcr verschiedene Gesamtheit oder f\u00fcr seine Instrumente, \u201eMarionetten\u201c, septuor \u201ele lac L\u00e9man\u201c, \u00ab\u00a0le merle bleu\u00a0\u00bb f\u00fcr Gitarre und Cembalo, \u2026<br \/>\nEr ist auch Carillonneur. Er spielt das Glockenspiel in der Kirche Chantemerle in Pully bei Lausanne.<br \/>\nEr spielt auch in Duo und in Trio mit verschiedenen Instrumentalisten und S\u00e4ngern am Klavier oder am Cembalo.<\/p>\n<p><strong>D\u00e9marche Artistique Daniel Thomas<\/strong><\/p>\n<p>Untersuchungen \u00fcber der menschlichen Redeweise, in ihrer wesentlichen Einheit, aus der wilden Stimme der Fr\u00fchzeit vor der deutlichen Sprache, zum Zeichnen auf den W\u00e4nden der Grotten, zu den der Welt gegen\u00fcber fortgeworfenen W\u00f6rtern,zu den geschrieenen oder gesungenen T\u00f6nen, zu den Rythmen der wilden Percussionen.<\/p>\n<p>Unter verschiedenen Formen, durch anderen Sinnen aber mit gewissen Konstanten identische , gemeine Elemente wie Kontraste, Hervorhebung, Nuanzierungen, Rythmus, Gliederung, in diesen menschlichen Reden herauskommen.<\/p>\n<p>Ein Zentrales Element der Einheit dieser Reden ist die Geb\u00e4rde: die Geb\u00e4rde des Armes, der Hand im Zeichnen, die Geb\u00e4rde der Fingern, des K\u00f6rpers am Klavier, die Geb\u00e4rde der Lippen, der Zunge, des Atmens im Gespr\u00e4ch, die Geb\u00e4rden des Tanzens. Es gibt erstaunliche Korrespondanzen zwischen den verschiedenen Geb\u00e4rden.<\/p>\n<p>Arbeit an der musikalischen Schrift und der Improvisation, in Beziehung mit den aus dem Weltall bekommten Wahrnehmungen, den nat\u00fcrlichen Ph\u00e4nomemen, den lebendigen Wesen: eine Einstellung im Klang , in bilderreichen T\u00f6nen von Wesen wie ein Berg, in seinem spectacul\u00e4ren und mysteri\u00f6sen Dasein, wie das Wasser,in seinen unendlichen Variationen der Nuanzen, T\u00f6nen, Rythmen, eine Einstellung in Kl\u00e4ngen von Wesen wie der Mensch, Portr\u00e4t dieses unermesslichen unbekannten Raumes des Anderen gegen\u00fcber uns.<\/p>\n<p>Improvisationen mit klanglichen Tr\u00fcmmergesteinen und rythmischen Kontrasten in Beziehung mit aus dem Himmel , im Licht, durch die Augen wahrgenommenen und im Ged\u00e4chtnis eingeschriebenen Elementen. Improvisationen \u00fcber getroffenen Tieren mit ihrem so erstaunlichen anderen, nicht-menschlichen Dasein.<\/p>\n<p>In der Praxis Orgel- oder Klavierrezitalen, oder beide, oder auch mit anderen Instrumenten (Glockenspielen, Glocken, Gongen, Lockpfeifen, verschiedene Perkussionen), allein oder im Dialog mit einem Maler, einem Schriftsteller, einem Schauspieler oder einem Singer (Improvisationen in kreativer \u00dcbereinstimmung mit Malereien oder Texten).<\/p>\n","protected":false},"excerpt":{"rendered":"<p>Daniel Thomas, curriculum en allemand Daniel Dominique Ren\u00e9 Thomas Lizenziert der Universit\u00e4t im Jahre 1984 (Griechisch, Latein und Philosophie). Im Jahre 1992 erlangt er einen prix de virtuosit\u00e9 des Konservatorium in Lausanne (f\u00fcr die&#46;&#46;&#46;<\/p>\n","protected":false},"author":191,"featured_media":4490,"comment_status":"open","ping_status":"closed","sticky":false,"template":"","format":"standard","meta":{"sfsi_plus_gutenberg_text_before_share":"","sfsi_plus_gutenberg_show_text_before_share":"","sfsi_plus_gutenberg_icon_type":"","sfsi_plus_gutenberg_icon_alignemt":"","sfsi_plus_gutenburg_max_per_row":"","_EventAllDay":false,"_EventTimezone":"","_EventStartDate":"","_EventEndDate":"","_EventStartDateUTC":"","_EventEndDateUTC":"","_EventShowMap":false,"_EventShowMapLink":false,"_EventURL":"","_EventCost":"","_EventCostDescription":"","_EventCurrencySymbol":"","_EventCurrencyCode":"","_EventCurrencyPosition":"","_EventDateTimeSeparator":"","_EventTimeRangeSeparator":"","_EventOrganizerID":[],"_EventVenueID":[],"_OrganizerEmail":"","_OrganizerPhone":"","_OrganizerWebsite":"","_VenueAddress":"","_VenueCity":"","_VenueCountry":"","_VenueProvince":"","_VenueState":"","_VenueZip":"","_VenuePhone":"","_VenueURL":"","_VenueStateProvince":"","_VenueLat":"","_VenueLng":"","_VenueShowMap":false,"_VenueShowMapLink":false,"footnotes":""},"categories":[116,239],"tags":[538,561],"class_list":["post-1933","post","type-post","status-publish","format-standard","has-post-thumbnail","hentry","category-allemand","category-curriculum","tag-allemand","tag-curriculum"],"_links":{"self":[{"href":"https:\/\/www.irreel.ch\/blog\/wp-json\/wp\/v2\/posts\/1933","targetHints":{"allow":["GET"]}}],"collection":[{"href":"https:\/\/www.irreel.ch\/blog\/wp-json\/wp\/v2\/posts"}],"about":[{"href":"https:\/\/www.irreel.ch\/blog\/wp-json\/wp\/v2\/types\/post"}],"author":[{"embeddable":true,"href":"https:\/\/www.irreel.ch\/blog\/wp-json\/wp\/v2\/users\/191"}],"replies":[{"embeddable":true,"href":"https:\/\/www.irreel.ch\/blog\/wp-json\/wp\/v2\/comments?post=1933"}],"version-history":[{"count":4,"href":"https:\/\/www.irreel.ch\/blog\/wp-json\/wp\/v2\/posts\/1933\/revisions"}],"predecessor-version":[{"id":4492,"href":"https:\/\/www.irreel.ch\/blog\/wp-json\/wp\/v2\/posts\/1933\/revisions\/4492"}],"wp:featuredmedia":[{"embeddable":true,"href":"https:\/\/www.irreel.ch\/blog\/wp-json\/wp\/v2\/media\/4490"}],"wp:attachment":[{"href":"https:\/\/www.irreel.ch\/blog\/wp-json\/wp\/v2\/media?parent=1933"}],"wp:term":[{"taxonomy":"category","embeddable":true,"href":"https:\/\/www.irreel.ch\/blog\/wp-json\/wp\/v2\/categories?post=1933"},{"taxonomy":"post_tag","embeddable":true,"href":"https:\/\/www.irreel.ch\/blog\/wp-json\/wp\/v2\/tags?post=1933"}],"curies":[{"name":"wp","href":"https:\/\/api.w.org\/{rel}","templated":true}]}}