{"id":1905,"date":"2011-01-05T10:28:59","date_gmt":"2011-01-05T08:28:59","guid":{"rendered":"http:\/\/www.irreel.org\/blog\/?p=1905"},"modified":"2019-03-13T20:14:59","modified_gmt":"2019-03-13T18:14:59","slug":"poesie-polyglotte-romane-patois-vaudois","status":"publish","type":"post","link":"https:\/\/www.irreel.ch\/blog\/poesie-polyglotte-romane-patois-vaudois\/","title":{"rendered":"Po\u00e9sie polyglotte romane \/ Patois vaudois"},"content":{"rendered":"\n<figure class=\"wp-block-image\"><img loading=\"lazy\" decoding=\"async\" width=\"1024\" height=\"516\" src=\"http:\/\/www.irreel.ch\/blog\/wp-content\/uploads\/patois-vaudois-1024x516.jpg\" alt=\"\" class=\"wp-image-5119\" srcset=\"https:\/\/www.irreel.ch\/blog\/wp-content\/uploads\/patois-vaudois-1024x516.jpg 1024w, https:\/\/www.irreel.ch\/blog\/wp-content\/uploads\/patois-vaudois-150x76.jpg 150w, https:\/\/www.irreel.ch\/blog\/wp-content\/uploads\/patois-vaudois-300x151.jpg 300w, https:\/\/www.irreel.ch\/blog\/wp-content\/uploads\/patois-vaudois-768x387.jpg 768w, https:\/\/www.irreel.ch\/blog\/wp-content\/uploads\/patois-vaudois.jpg 1198w\" sizes=\"auto, (max-width: 1024px) 100vw, 1024px\" \/><\/figure>\n\n\n<p><\/p>\n<p><\/p>\n<table border=\"0\" width=\"600\" cellspacing=\"0\" cellpadding=\"0\">\n<tbody>\n<tr>\n<td id=\"content\" valign=\"top\">\n<div align=\"center\">&#8211;<p><\/p>\n<p><\/p>\n<p><span style=\"font-family: Lucida Handwriting; font-size: xx-large;\"><i><span style=\"color: #003399;\">bon b\u00e2ogro<\/span><\/i><\/span><\/p><i>\n<\/i><p><i><\/i><span style=\"font-family: Lucida Handwriting;\"><i><span style=\"font-size: x-large;\"><span style=\"color: #660066;\">essai en patois vaudois<\/span><\/span><\/i><\/span><\/p><i>\n<\/i><p><i><\/i><span style=\"font-family: Lucida Handwriting; font-size: medium;\"><i>(franco-proven\u00e7al) et traduction en fran\u00e7ais de l&rsquo;\u00eele-de-France<\/i><\/span><\/p><i>\n<\/i><p><i><\/i><span style=\"font-family: Lucida Handwriting;\"><i><span style=\"font-size: x-large;\"><\/span><\/i><\/span><\/p><i>\n<\/i><p><i><\/i><span style=\"color: #4d2845; font-family: Lucida Handwriting; font-size: large;\">Se f\u00e2 b\u00ee tein<br>dein l\u00e8 z&rsquo;erbett\u00e8<br>la dzenelye <br>et s\u00e8 pudzin<\/span><\/p>\n<p>lo petit fres\u00ee<br>l&rsquo;av\u00e2i \u00e2obly\u00e2 d&rsquo;\u00e8tats\u00ee s\u00e8 sol\u00e2<\/p>\n<p>te di rein,<br>bon b\u00e2ogro?<br>ne s\u00e9 pas<\/p>\n<p>et quasu tota la n\u00e9<br>ne p\u00e2o-to rein esplliqu\u00e2?<\/p>\n<p>onna brava dzein vin v\u00e8 li:<br>t&rsquo;o\u00fbyo<\/p>\n<p>que faly\u00e2i pay\u00ee treinta<br>vaitc\u00e9 cein que t\u00e8 foudr\u00e2 f\u00e9re<br>&lsquo;na raveu \u00e8toffeinta<br>tot \u00e8toumi<br>\u00e2o s\u00e8coo! su fotu<\/p>\n<p>dzeintimeint<br>medze &lsquo;na boun &lsquo; esp\u00e9ce de pere<\/p>\n<p>lo s\u00e8l\u00e2o <br>qu&rsquo;\u00e8 dz\u00e0 l\u00e8v\u00e2<br>on ovr\u00e2dzo \u00e8reinteint<br>&lsquo;na raveu \u00e8toffeinta<br>tot \u00e8toumi<\/p>\n<p><span style=\"color: #4d2845; font-family: Lucida Handwriting; font-size: large;\"> tot \u00e9pou\u00e2ir\u00ee <br>lo petit fres\u00ee<br>des\u00e2i rein <br>rein <br>tot \u00e9pou\u00e2ir\u00ee<\/span><\/p>\n<p><\/p>\n<\/div>\n<p><\/p>\n<\/td>\n<\/tr>\n<tr>\n<td id=\"content\" valign=\"top\">\n<p><\/p>\n<\/td>\n<\/tr>\n<tr>\n<td id=\"content\" valign=\"top\">\n<div align=\"center\">\n<div align=\"center\"><span style=\"color: #4d2845; font-size: large;\"><br><\/span>\n<div align=\"center\"><span style=\"color: #3a3b62; font-family: Lucida Handwriting; font-size: medium;\"><span style=\"color: #3a3b62; font-family: Lucida Handwriting; font-size: medium;\">traduction:<\/span><\/span><p><\/p>\n<p><\/p>\n<p>S&rsquo;il fait beau temps<br>dans les herbettes<br>la poule<br>et ses poussins<\/p>\n<p>le petit fris\u00e9<br>il avait oubli\u00e9 d&rsquo;attacher ses souliers<\/p>\n<p>tu ne dis rien<br>bon bougre?<br>je ne sais pas<\/p>\n<p>et quasi toute la nuit<br>ne peux-tu rien expliquer?<\/p>\n<p>une brave personne vient vers lui<br>je t&rsquo;entends<\/p>\n<p>qu&rsquo;il fallait payer trente fr.<br>voici ce qu&rsquo;il te faudra faire<br>une chaleur \u00e9touffante<br>tout \u00e9tourdi<br>au secours!<br>je suis fichu<\/p>\n<p>gentiment<br>il mange une bonne esp\u00e8ce de poire<\/p>\n<p>le soleil<br>qui est d\u00e9j\u00e0 lev\u00e9<br>un travail \u00e9reintant<br>une chaleur \u00e9touffante<br>tout \u00e9tourdi<\/p>\n<p><span style=\"color: #3a3b62; font-family: Lucida Handwriting; font-size: medium;\"> tout apeur\u00e9<br>le petit fris\u00e9<br>ne disait rien<br>rien<br>tout apeur\u00e9<br><\/span><\/p>\n<p><\/p><center><\/center><\/div>\n<p><\/p>\n<\/div>\n<p><\/p>\n<\/div>\n<p><\/p>\n<\/td>\n<\/tr>\n<tr>\n<td id=\"content\" valign=\"top\">\n<p><\/p>\n<p><\/p>\n<\/td>\n<\/tr>\n<tr>\n<td id=\"content\" valign=\"top\">\n<p><\/p>\n<p><\/p>\n<p><\/p>\n<p><\/p>\n<\/td>\n<\/tr>\n<tr>\n<td id=\"content\" valign=\"top\">&nbsp;<\/td>\n<\/tr>\n<tr>\n<td>\n<p><\/p>\n<p><\/p>\n<\/td>\n<\/tr>\n<\/tbody>\n<\/table>","protected":false},"excerpt":{"rendered":"<p>&#8211; bon b\u00e2ogro essai en patois vaudois (franco-proven\u00e7al) et traduction en fran\u00e7ais de l&rsquo;\u00eele-de-France Se f\u00e2 b\u00ee teindein l\u00e8 z&rsquo;erbett\u00e8la dzenelye et s\u00e8 pudzin lo petit fres\u00eel&rsquo;av\u00e2i \u00e2obly\u00e2 d&rsquo;\u00e8tats\u00ee s\u00e8 sol\u00e2 te di rein,bon&#46;&#46;&#46;<\/p>\n","protected":false},"author":191,"featured_media":5119,"comment_status":"open","ping_status":"closed","sticky":false,"template":"","format":"standard","meta":{"sfsi_plus_gutenberg_text_before_share":"","sfsi_plus_gutenberg_show_text_before_share":"","sfsi_plus_gutenberg_icon_type":"","sfsi_plus_gutenberg_icon_alignemt":"","sfsi_plus_gutenburg_max_per_row":"","_EventAllDay":false,"_EventTimezone":"","_EventStartDate":"","_EventEndDate":"","_EventStartDateUTC":"","_EventEndDateUTC":"","_EventShowMap":false,"_EventShowMapLink":false,"_EventURL":"","_EventCost":"","_EventCostDescription":"","_EventCurrencySymbol":"","_EventCurrencyCode":"","_EventCurrencyPosition":"","_EventDateTimeSeparator":"","_EventTimeRangeSeparator":"","_EventOrganizerID":[],"_EventVenueID":[],"_OrganizerEmail":"","_OrganizerPhone":"","_OrganizerWebsite":"","_VenueAddress":"","_VenueCity":"","_VenueCountry":"","_VenueProvince":"","_VenueState":"","_VenueZip":"","_VenuePhone":"","_VenueURL":"","_VenueStateProvince":"","_VenueLat":"","_VenueLng":"","_VenueShowMap":false,"_VenueShowMapLink":false,"footnotes":""},"categories":[207],"tags":[648,320,524,141],"class_list":["post-1905","post","type-post","status-publish","format-standard","has-post-thumbnail","hentry","category-essai-polyglotte","tag-franco-provencal","tag-patois","tag-poesie","tag-polyglotte"],"_links":{"self":[{"href":"https:\/\/www.irreel.ch\/blog\/wp-json\/wp\/v2\/posts\/1905","targetHints":{"allow":["GET"]}}],"collection":[{"href":"https:\/\/www.irreel.ch\/blog\/wp-json\/wp\/v2\/posts"}],"about":[{"href":"https:\/\/www.irreel.ch\/blog\/wp-json\/wp\/v2\/types\/post"}],"author":[{"embeddable":true,"href":"https:\/\/www.irreel.ch\/blog\/wp-json\/wp\/v2\/users\/191"}],"replies":[{"embeddable":true,"href":"https:\/\/www.irreel.ch\/blog\/wp-json\/wp\/v2\/comments?post=1905"}],"version-history":[{"count":11,"href":"https:\/\/www.irreel.ch\/blog\/wp-json\/wp\/v2\/posts\/1905\/revisions"}],"predecessor-version":[{"id":5836,"href":"https:\/\/www.irreel.ch\/blog\/wp-json\/wp\/v2\/posts\/1905\/revisions\/5836"}],"wp:featuredmedia":[{"embeddable":true,"href":"https:\/\/www.irreel.ch\/blog\/wp-json\/wp\/v2\/media\/5119"}],"wp:attachment":[{"href":"https:\/\/www.irreel.ch\/blog\/wp-json\/wp\/v2\/media?parent=1905"}],"wp:term":[{"taxonomy":"category","embeddable":true,"href":"https:\/\/www.irreel.ch\/blog\/wp-json\/wp\/v2\/categories?post=1905"},{"taxonomy":"post_tag","embeddable":true,"href":"https:\/\/www.irreel.ch\/blog\/wp-json\/wp\/v2\/tags?post=1905"}],"curies":[{"name":"wp","href":"https:\/\/api.w.org\/{rel}","templated":true}]}}