{"id":1880,"date":"2011-01-05T08:50:20","date_gmt":"2011-01-05T06:50:20","guid":{"rendered":"http:\/\/www.irreel.org\/blog\/?p=1880"},"modified":"2019-03-04T16:19:05","modified_gmt":"2019-03-04T14:19:05","slug":"essais-poetiques-les-acanthopterigiens","status":"publish","type":"post","link":"https:\/\/www.irreel.ch\/blog\/essais-poetiques-les-acanthopterigiens\/","title":{"rendered":"Essais po\u00e9tiques \/ Les acanthopt\u00e9rigiens"},"content":{"rendered":"\n<figure class=\"wp-block-image\"><img loading=\"lazy\" decoding=\"async\" width=\"1024\" height=\"445\" src=\"http:\/\/www.irreel.ch\/blog\/wp-content\/uploads\/le-photographe_Fotor-1024x445.jpg\" alt=\"\" class=\"wp-image-5025\" srcset=\"https:\/\/www.irreel.ch\/blog\/wp-content\/uploads\/le-photographe_Fotor-1024x445.jpg 1024w, https:\/\/www.irreel.ch\/blog\/wp-content\/uploads\/le-photographe_Fotor-150x65.jpg 150w, https:\/\/www.irreel.ch\/blog\/wp-content\/uploads\/le-photographe_Fotor-300x130.jpg 300w, https:\/\/www.irreel.ch\/blog\/wp-content\/uploads\/le-photographe_Fotor-768x333.jpg 768w, https:\/\/www.irreel.ch\/blog\/wp-content\/uploads\/le-photographe_Fotor.jpg 1200w\" sizes=\"auto, (max-width: 1024px) 100vw, 1024px\" \/><\/figure>\n\n\n<p>Plies:<\/p><p>\t\t\t\t\t\t\t\t\t\t<\/p><p>\t\t\t\t\t\t\t\t\t<\/p><table width=\"600\" border=\"0\" cellspacing=\"2\" cellpadding=\"0\" background=\"http:\/\/www.irreel.ch\/a-images-de-fonds\/papier-a4\/papier-creme-clair-tres.jpg\" height=\"746\">\n<tbody><tr>\n\t\t\t\t\t\t\t\t\t\t\t<td valign=\"top\">\n\t\t\t\t\t\t\t\t\t\t\t\t<div align=\"center\">\n\t\t\t\t\t\t\t\t\t\t\t\t\t<br>\n\t\t\t\t\t\t\t\t\t\t\t\t\tLe magasinier<p><\/p>\n<p>\t\t\t\t\t\t\t\t\t\t\t\t\t<font size=\"4\"><\/font><\/p><font size=\"4\">\n<\/font><p><font size=\"4\">\t\t\t\t\t\t\t\t\t\t\t\t\t\t\t\t\t\t\t&nbsp;&nbsp;<\/font><font face=\"New Berolina MT\" size=\"4\">le magasinier<br>\n\t\t\t\t\t\t\t\t\t\t\t\t\t\t\tdes baraquement polaires<br>\n\t\t\t\t\t\t\t\t\t\t\t\t\t\t\tle poissonnier<br>\n\t\t\t\t\t\t\t\t\t\t\t\t\t\tchasse-mar\u00e9e<br>\n\t\t\t\t\t\t\t\t\t\t\t\t\t\t\tles turbots,<br>\n\t\t\t\t\t\t\t\t\t\t\t\t\t\t\tles plies,<br>\n\t\t\t\t\t\t\t\t\t\t\t\t\t\t\tles limandes,<br>\n\t\t\t\t\t\t\t\t\t\t\t\t\t\t\tles soles ,<br>\n\t\t\t\t\t\t\t\t\t\t\t\t\t\t\tqu&rsquo;il a dans sa cale ,<br>\n\t\t\t\t\t\t\t\t\t\t\t\t\t\tles acanthopt\u00e9rigiens ,<br>\n\t\t\t\t\t\t\t\t\t\t\t\t\t\tces r\u00e9coltes prodigieuses<br>\n\t\t\t\t\t\t\t\t\t\t\t\t\t\t\ttel est le photographe<br>\n\t\t\t\t\t\t\t\t\t\t\t\t\t\t\tamassant les apparences<br>\n\t\t\t\t\t\t\t\t\t\t\t\t\t\t\tpoissons des mers<br>\n\t\t\t\t\t\t\t\t\t\t\t\t\t\t\taux couleurs bizarres<br>\n\t\t\t\t\t\t\t\t\t\t\t\t\t\tet aux formes \u00e9tranges<br>\n\t\t\t\t\t\t\t\t\t\t\t\t\t\t\tcollectionneur<br>\n\t\t\t\t\t\t\t\t\t\t\t\t\t\t\tde monstres<br>\n\t\t\t\t\t\t\t\t\t\t\t\t\t\tant\u00e9diluviens<br>\n\t\t\t\t\t\t\t\t\t\t\t\t\t<\/font><\/p>\n<p>\t\t\t\t\t\t\t\t\t\t\t\t\t\n\t\t\t\t\t\t\t\t\t\t\t\t\t<\/p><\/div>\n<p>\t\t\t\t\t\t\t\t\t\t\t<\/p><\/td>\n<\/tr>\n<\/tbody><\/table>\n<p>\t\t\t\t\t\t\t\t\t<\/p>","protected":false},"excerpt":{"rendered":"<p>Plies: Le magasinier &nbsp;&nbsp;le magasinier des baraquement polaires le poissonnier chasse-mar\u00e9e les turbots, les plies, les limandes, les soles , qu&rsquo;il a dans sa cale , les acanthopt\u00e9rigiens , ces r\u00e9coltes prodigieuses tel est&#46;&#46;&#46;<\/p>\n","protected":false},"author":191,"featured_media":5025,"comment_status":"open","ping_status":"closed","sticky":false,"template":"","format":"standard","meta":{"sfsi_plus_gutenberg_text_before_share":"","sfsi_plus_gutenberg_show_text_before_share":"","sfsi_plus_gutenberg_icon_type":"","sfsi_plus_gutenberg_icon_alignemt":"","sfsi_plus_gutenburg_max_per_row":"","_EventAllDay":false,"_EventTimezone":"","_EventStartDate":"","_EventEndDate":"","_EventStartDateUTC":"","_EventEndDateUTC":"","_EventShowMap":false,"_EventShowMapLink":false,"_EventURL":"","_EventCost":"","_EventCostDescription":"","_EventCurrencySymbol":"","_EventCurrencyCode":"","_EventCurrencyPosition":"","_EventDateTimeSeparator":"","_EventTimeRangeSeparator":"","_EventOrganizerID":[],"_EventVenueID":[],"_OrganizerEmail":"","_OrganizerPhone":"","_OrganizerWebsite":"","_VenueAddress":"","_VenueCity":"","_VenueCountry":"","_VenueProvince":"","_VenueState":"","_VenueZip":"","_VenuePhone":"","_VenueURL":"","_VenueStateProvince":"","_VenueLat":"","_VenueLng":"","_VenueShowMap":false,"_VenueShowMapLink":false,"footnotes":""},"categories":[311],"tags":[524],"class_list":["post-1880","post","type-post","status-publish","format-standard","has-post-thumbnail","hentry","category-essais-poetiques","tag-poesie"],"_links":{"self":[{"href":"https:\/\/www.irreel.ch\/blog\/wp-json\/wp\/v2\/posts\/1880","targetHints":{"allow":["GET"]}}],"collection":[{"href":"https:\/\/www.irreel.ch\/blog\/wp-json\/wp\/v2\/posts"}],"about":[{"href":"https:\/\/www.irreel.ch\/blog\/wp-json\/wp\/v2\/types\/post"}],"author":[{"embeddable":true,"href":"https:\/\/www.irreel.ch\/blog\/wp-json\/wp\/v2\/users\/191"}],"replies":[{"embeddable":true,"href":"https:\/\/www.irreel.ch\/blog\/wp-json\/wp\/v2\/comments?post=1880"}],"version-history":[{"count":4,"href":"https:\/\/www.irreel.ch\/blog\/wp-json\/wp\/v2\/posts\/1880\/revisions"}],"predecessor-version":[{"id":5026,"href":"https:\/\/www.irreel.ch\/blog\/wp-json\/wp\/v2\/posts\/1880\/revisions\/5026"}],"wp:featuredmedia":[{"embeddable":true,"href":"https:\/\/www.irreel.ch\/blog\/wp-json\/wp\/v2\/media\/5025"}],"wp:attachment":[{"href":"https:\/\/www.irreel.ch\/blog\/wp-json\/wp\/v2\/media?parent=1880"}],"wp:term":[{"taxonomy":"category","embeddable":true,"href":"https:\/\/www.irreel.ch\/blog\/wp-json\/wp\/v2\/categories?post=1880"},{"taxonomy":"post_tag","embeddable":true,"href":"https:\/\/www.irreel.ch\/blog\/wp-json\/wp\/v2\/tags?post=1880"}],"curies":[{"name":"wp","href":"https:\/\/api.w.org\/{rel}","templated":true}]}}