{"id":1873,"date":"2011-01-05T08:40:41","date_gmt":"2011-01-05T06:40:41","guid":{"rendered":"http:\/\/www.irreel.org\/blog\/?p=1873"},"modified":"2019-03-04T16:07:41","modified_gmt":"2019-03-04T14:07:41","slug":"essais-poetiques-les-mots","status":"publish","type":"post","link":"https:\/\/www.irreel.ch\/blog\/essais-poetiques-les-mots\/","title":{"rendered":"Essais po\u00e9tiques \/ Les mots"},"content":{"rendered":"\n<figure class=\"wp-block-image\"><img loading=\"lazy\" decoding=\"async\" width=\"1024\" height=\"585\" src=\"http:\/\/www.irreel.ch\/blog\/wp-content\/uploads\/les-mots_Fotor-1024x585.jpg\" alt=\"\" class=\"wp-image-5021\" srcset=\"https:\/\/www.irreel.ch\/blog\/wp-content\/uploads\/les-mots_Fotor-1024x585.jpg 1024w, https:\/\/www.irreel.ch\/blog\/wp-content\/uploads\/les-mots_Fotor-150x86.jpg 150w, https:\/\/www.irreel.ch\/blog\/wp-content\/uploads\/les-mots_Fotor-300x171.jpg 300w, https:\/\/www.irreel.ch\/blog\/wp-content\/uploads\/les-mots_Fotor-768x438.jpg 768w, https:\/\/www.irreel.ch\/blog\/wp-content\/uploads\/les-mots_Fotor.jpg 1200w\" sizes=\"auto, (max-width: 1024px) 100vw, 1024px\" \/><\/figure>\n\n\n<p>Les mots:<\/p>\n<p>&nbsp;<\/p>\n<p>&nbsp;<br>\n<\/p><table border=\"0\" width=\"600\" cellspacing=\"2\" cellpadding=\"0\">\n<tbody>\n<tr>\n<td valign=\"top\">\n<div align=\"center\">\n<p>&nbsp;<\/p>\n<p><span style=\"font-size: x-large;\">les mots<\/span><\/p>\n<p>les mots constituent notre . . identit\u00e9<br>\n. . . . . le mot que tu craches<br>\nou que tu dis avec un baiser,<br>\n. . . . . . . . . . . . . c&rsquo;est toi,<br>\nle mot qui prend source<br>\ndans la nuit ou sur l&rsquo;herbe,<br>\n. . . . . . . . . . . . . c&rsquo;est toi,<\/p>\n<p>tu es . . comme une tour<br>\ndont chaque pierre est un mot,<br>\non croit . te voir, te saisir,<br>\nton regard parle aussi<br>\n. . de toi,<\/p>\n<p>mais sans mots tu es . . tout autre,<br>\nessaie de changer tous les mots<br>\nqui sont en toi, . . est-ce que tu te reconna\u00eetras?<br>\nJ&rsquo;ai cherch\u00e9 . . qui tu \u00e9tais,<br>\nj&rsquo;ai cherch\u00e9 ce . qui . te . formait,<br>\net j ai . vu . que les mots te dessinaient,<br>\nque . les mots te nourrissaient,<br>\nils te poussent . . aux actes que tu veux,<br>\nce sont eux . . qui te font te lever le matin,<\/p>\n<p>\u00e9cris-les ces mots,<br>\net aussi . . cherches-en d&rsquo;autres,<br>\npour prendre d&rsquo;autres dimensions encore,<\/p>\n<p>. . . ces mots, je les cherche,<br>\nje les ai . longtemps cru sans importance,<br>\nj&rsquo;ai cru qu&rsquo;ils nous passaient dessus,<br>\n. . . . . . . . . . . . ou \u00e0 c\u00f4t\u00e9<br>\nsans que . .l&rsquo;on change du tout,<br>\net j&rsquo;ai vu aujourd&rsquo;hui . . que . je m&rsquo;\u00e9tais tromp\u00e9,<br>\n`<br>\nj&rsquo;ai vu que rien de ce que l&rsquo;on est,<br>\n. . . ni fait, ne vient sans eux,<br>\n`<br>\nj&rsquo;ai vu que les mots nous poussent,<br>\nnous font agir, . nous . retiennent,<br>\nnous bloquent, . . nous mettent des chaines,<br>\nou au contraire nous . . font prendre<br>\ndes voies ouvertes, . . de lointaines marches,<br>\n. . . . . . devenir tout autre,<br>\ncertains se prennent . . pour Napol\u00e9on,<br>\nou pour le pape, . . . . .<\/p>\n<p><span style=\"font-size: medium;\"><br>\nLe Mont . , 15 ao\u00fbt 1997<br>\nDaniel Thomas<br>\n<\/span><\/p>\n<p><span style=\"font-family: Comic Sans MS;\"><br>\n<\/span><span style=\"font-family: Comic Sans MS; font-size: xx-small;\"><\/span><\/p>\n<\/div>\n<p>&nbsp;<\/p>\n<p>&nbsp;<\/p><\/td>\n<\/tr>\n<\/tbody>\n<\/table>\n<p>&nbsp;<\/p>","protected":false},"excerpt":{"rendered":"<p>Les mots: &nbsp; &nbsp; &nbsp; les mots les mots constituent notre . . identit\u00e9 . . . . . le mot que tu craches ou que tu dis avec un baiser, . . .&#46;&#46;&#46;<\/p>\n","protected":false},"author":191,"featured_media":5021,"comment_status":"open","ping_status":"closed","sticky":false,"template":"","format":"standard","meta":{"sfsi_plus_gutenberg_text_before_share":"","sfsi_plus_gutenberg_show_text_before_share":"","sfsi_plus_gutenberg_icon_type":"","sfsi_plus_gutenberg_icon_alignemt":"","sfsi_plus_gutenburg_max_per_row":"","_EventAllDay":false,"_EventTimezone":"","_EventStartDate":"","_EventEndDate":"","_EventStartDateUTC":"","_EventEndDateUTC":"","_EventShowMap":false,"_EventShowMapLink":false,"_EventURL":"","_EventCost":"","_EventCostDescription":"","_EventCurrencySymbol":"","_EventCurrencyCode":"","_EventCurrencyPosition":"","_EventDateTimeSeparator":"","_EventTimeRangeSeparator":"","_EventOrganizerID":[],"_EventVenueID":[],"_OrganizerEmail":"","_OrganizerPhone":"","_OrganizerWebsite":"","_VenueAddress":"","_VenueCity":"","_VenueCountry":"","_VenueProvince":"","_VenueState":"","_VenueZip":"","_VenuePhone":"","_VenueURL":"","_VenueStateProvince":"","_VenueLat":"","_VenueLng":"","_VenueShowMap":false,"_VenueShowMapLink":false,"footnotes":""},"categories":[311],"tags":[312,524],"class_list":["post-1873","post","type-post","status-publish","format-standard","has-post-thumbnail","hentry","category-essais-poetiques","tag-mot","tag-poesie"],"_links":{"self":[{"href":"https:\/\/www.irreel.ch\/blog\/wp-json\/wp\/v2\/posts\/1873","targetHints":{"allow":["GET"]}}],"collection":[{"href":"https:\/\/www.irreel.ch\/blog\/wp-json\/wp\/v2\/posts"}],"about":[{"href":"https:\/\/www.irreel.ch\/blog\/wp-json\/wp\/v2\/types\/post"}],"author":[{"embeddable":true,"href":"https:\/\/www.irreel.ch\/blog\/wp-json\/wp\/v2\/users\/191"}],"replies":[{"embeddable":true,"href":"https:\/\/www.irreel.ch\/blog\/wp-json\/wp\/v2\/comments?post=1873"}],"version-history":[{"count":9,"href":"https:\/\/www.irreel.ch\/blog\/wp-json\/wp\/v2\/posts\/1873\/revisions"}],"predecessor-version":[{"id":5022,"href":"https:\/\/www.irreel.ch\/blog\/wp-json\/wp\/v2\/posts\/1873\/revisions\/5022"}],"wp:featuredmedia":[{"embeddable":true,"href":"https:\/\/www.irreel.ch\/blog\/wp-json\/wp\/v2\/media\/5021"}],"wp:attachment":[{"href":"https:\/\/www.irreel.ch\/blog\/wp-json\/wp\/v2\/media?parent=1873"}],"wp:term":[{"taxonomy":"category","embeddable":true,"href":"https:\/\/www.irreel.ch\/blog\/wp-json\/wp\/v2\/categories?post=1873"},{"taxonomy":"post_tag","embeddable":true,"href":"https:\/\/www.irreel.ch\/blog\/wp-json\/wp\/v2\/tags?post=1873"}],"curies":[{"name":"wp","href":"https:\/\/api.w.org\/{rel}","templated":true}]}}