{"id":1801,"date":"2011-01-04T21:29:43","date_gmt":"2011-01-04T19:29:43","guid":{"rendered":"http:\/\/www.irreel.org\/blog\/?p=1801"},"modified":"2017-02-05T12:49:14","modified_gmt":"2017-02-05T10:49:14","slug":"curriculum-en-espagnol","status":"publish","type":"post","link":"https:\/\/www.irreel.ch\/blog\/curriculum-en-espagnol\/","title":{"rendered":"Curriculum en espagnol"},"content":{"rendered":"<p>Daniel Thomas, curriculum en espagnol:<\/p>\n<table border=\"0\" cellspacing=\"0\" cellpadding=\"0\" width=\"600\" bgcolor=\"white\">\n<tbody>\n<tr>\n<td id=\"content\" valign=\"top\">\n<div>\n<div>\n<div>\n<div>\n<div>\n<div>\n<p><a href=\"http:\/\/www.irreel.ch\/curriculum\/images\/texmelucan.jpg\"><img loading=\"lazy\" decoding=\"async\" src=\"http:\/\/www.irreel.ch\/blog\/wp-content\/uploads\/texmelucan_Fotor-1.jpg\" alt=\"\" width=\"721\" height=\"632\" class=\"alignleft size-full wp-image-4463\" srcset=\"https:\/\/www.irreel.ch\/blog\/wp-content\/uploads\/texmelucan_Fotor-1.jpg 721w, https:\/\/www.irreel.ch\/blog\/wp-content\/uploads\/texmelucan_Fotor-1-150x131.jpg 150w, https:\/\/www.irreel.ch\/blog\/wp-content\/uploads\/texmelucan_Fotor-1-300x263.jpg 300w\" sizes=\"auto, (max-width: 721px) 100vw, 721px\" \/><\/a><\/p>\n<p>En concert au Mexique \u00e0 Texmelucan<\/p>\n<p><span style=\"font-family: Comic Sans MS; font-size: small;\">Daniel Thomas, curriculum en espagnol<\/span><\/p>\n<p>La vida es una aventura,<\/p>\n<p>es cursos, lengua y comunicaci\u00f3n, cada d\u00eda nos ense\u00f1a nuevas v\u00edas, los descubrimientos y los encuentros.<\/p>\n<p>Se puede transmitir en im\u00e1genes lo que se experimenta, la lengua visual: estudi\u00e9 <strong>la pintura<\/strong> de forma autodidacta. Expongo obras ilustradas en t\u00e9cnicas mixtas o monotypes, impresiones coloreadas de los d\u00edas, que evolucionan paralelamente a mis composiciones musicales. En otras exposiciones, expuse al Museo de la L\u00e1mina del Estado de M\u00e9xico.<\/p>\n<p>Se tienen <strong>las palabras<\/strong> para decir su vida y encontrar los seres: obtuve en 1984, la licenciatura en letras (griego, latino, filosof\u00eda) en Lausana, soy pol\u00edglota y escribo poemas y ensayos en numerosas lenguas. Me gustan las palabras, en sus transformaciones de una lengua.<\/p>\n<p>Y sobre todo, se tiene <strong>la m\u00fasica<\/strong>, una lengua que pasa las fronteras de las lenguas, que habla por los contrastes, el dibujo de gestos sonoros en el tiempo: me gusta principalmente la composici\u00f3n musical, escribo para distintos conjuntos o para instrumentos solo como la guitarra, el carill\u00f3n o el piano, paisajes e impresiones musicales\u2026 me gustan tambi\u00e9n el \u00f3rgano y sus colores sonoros orquestales: obtuve en 1992 el diploma de virtuosidad en \u00f3rgano del Conservatorio de Lausana y soy titular de los \u00f3rganos de la Abad\u00eda de Montheron, dando numerosos conciertos vinculados al \u00f3rgano. Me gusta mucho tambi\u00e9n el carill\u00f3n, m\u00fasica de las campanas en el cielo: segu\u00ed cursos de carill\u00f3n en Amersfoort (Holanda) y en Malinas (B\u00e9lgica). Soy carillonneur a la iglesia de Chantemerle en Pully (Lausana).<\/p>\n<\/div>\n<\/div>\n<\/div>\n<\/div>\n<\/div>\n<\/div>\n<\/td>\n<\/tr>\n<tr>\n<td id=\"content\" valign=\"top\"><em><span style=\"font-family: Baskerville;\"> <\/span><\/em><\/p>\n<p><em> <\/em><\/p>\n<p><span style=\"font-size: x-small;\"> <\/span><\/td>\n<\/tr>\n<tr>\n<td id=\"content\" valign=\"top\"><\/td>\n<\/tr>\n<tr>\n<td id=\"content\" valign=\"top\"><\/td>\n<\/tr>\n<\/tbody>\n<\/table>\n<p>Article:<\/p>\n<p><span style=\"font-size: small;\"><span style=\"font-size: small;\"><strong><a href=\"http:\/\/www.carillonneur.ch\/a-presse\/catedral-puebla.html\"><img loading=\"lazy\" decoding=\"async\" src=\"http:\/\/www.carillonneur.ch\/a-presse\/catedral-puebla-2.jpg\" border=\"0\" alt=\"\" width=\"108\" height=\"210\" \/><\/a><br \/>\n<\/strong><\/span><span style=\"font-size: small;\"><br \/>\nDaniel Thomas ofreci\u00f3 gran concierto en Catedral.<br \/>\nmai 1994 Puebla Mexico<br \/>\n<\/span><span style=\"font-size: small;\"><strong>Excelente concierto se ofreci\u00f3 en la Catedral Angelopolitana<\/strong><\/span><br \/>\nLa Catedr\u00e1l Angelopolitana sirvi\u00f3 como escenario para el sensacional concierto que ofreci\u00f3 el organista Daniel Thomas, esto dentro de la Temporada de Gran Concierto de Puebla a la cual se dio cita un select\u00f3&rsquo; n\u00famero de personas, quienes disfrutaron de este sensacional acto<br \/>\nCabe senalar que este evento&rsquo; se llev\u00f3 a cabo por la Secretaria de Cultura,&rsquo; la&rsquo;cual. se ha, mostrado empe\u00f1ada en ofrecer event\u00f3s de calidad; y en esta ocasi\u00f3n s\u00ed le atin\u00f3, ya que l\u00e1s pers\u00f3n\u00e1s que asistieron se mostraron muy complacidas con.lo que aqu\u00ed estaban presenciando.<br \/>\n<\/span><span style=\"font-size: small;\">De igual forma ,se puede decir &lsquo;q\u00fae Daniel Thomas es un organista suizo y su repertori\u00f3 est\u00e1 principalmente concentrado sobre la, musica sinf\u00f3nica&rsquo; francesa y alemana de grandes maestros, tal es el caso de C\u00e9sar Franc, Widor, Schmidt Max Reger;, y sobre la m\u00fasica barroca alemana con Bach, Buxte-hude, entre otros grandes concertistas.<br \/>\nEs \u00e1si como se llev\u00f3 a cabo en la Catedral de Puebla este sensacional concierto, el cual podemos decir que fue todo un \u00e9xito, ya que las personas que \u00e1sistieron estaban completamente&rsquo; halagadas con el evento.<\/span><\/p>\n<p><span style=\"font-size: small;\">novembre ,\u00a0<span style=\"font-size: large;\">1996<\/span>, el Sol de Puebla<br \/>\ndos interpretaciones del autor omo \u00ab\u00a0<span style=\"font-size: large;\">Fleurs d&rsquo;automne\u00a0\u00bb y \u00ab\u00a0Improvisation: oc\u00e9an, nuages, montagne<\/span>\u00a0\u00bb en donde se interpretar\u00e1n todas en el majestuoso \u00f3rgano de la Catedral de Puebla emitiendo sonidos que lograron cautivar la atenci\u00f3n de las personas reunidas en ese recinto.<\/span><\/p>\n<p><span style=\"font-size: small;\"><a href=\"http:\/\/www.carillonneur.ch\/b-images-irreel\/el-sol-de-puebla-1996.jpg\"><img loading=\"lazy\" decoding=\"async\" src=\"http:\/\/www.carillonneur.ch\/dossier-de-presse\/puebla-1996.jpg\" border=\"0\" alt=\"\" width=\"106\" height=\"170\" \/><\/a><\/span><\/p>\n","protected":false},"excerpt":{"rendered":"<p>Daniel Thomas, curriculum en espagnol: En concert au Mexique \u00e0 Texmelucan Daniel Thomas, curriculum en espagnol La vida es una aventura, es cursos, lengua y comunicaci\u00f3n, cada d\u00eda nos ense\u00f1a nuevas v\u00edas, los descubrimientos&#46;&#46;&#46;<\/p>\n","protected":false},"author":191,"featured_media":4463,"comment_status":"open","ping_status":"closed","sticky":false,"template":"","format":"standard","meta":{"sfsi_plus_gutenberg_text_before_share":"","sfsi_plus_gutenberg_show_text_before_share":"","sfsi_plus_gutenberg_icon_type":"","sfsi_plus_gutenberg_icon_alignemt":"","sfsi_plus_gutenburg_max_per_row":"","_EventAllDay":false,"_EventTimezone":"","_EventStartDate":"","_EventEndDate":"","_EventStartDateUTC":"","_EventEndDateUTC":"","_EventShowMap":false,"_EventShowMapLink":false,"_EventURL":"","_EventCost":"","_EventCostDescription":"","_EventCurrencySymbol":"","_EventCurrencyCode":"","_EventCurrencyPosition":"","_EventDateTimeSeparator":"","_EventTimeRangeSeparator":"","_EventOrganizerID":[],"_EventVenueID":[],"_OrganizerEmail":"","_OrganizerPhone":"","_OrganizerWebsite":"","_VenueAddress":"","_VenueCity":"","_VenueCountry":"","_VenueProvince":"","_VenueState":"","_VenueZip":"","_VenuePhone":"","_VenueURL":"","_VenueStateProvince":"","_VenueLat":"","_VenueLng":"","_VenueShowMap":false,"_VenueShowMapLink":false,"footnotes":""},"categories":[239,121],"tags":[290,294,561,542,293,287,292,288,291,289],"class_list":["post-1801","post","type-post","status-publish","format-standard","has-post-thumbnail","hentry","category-curriculum","category-espagnol","tag-campanero","tag-composicion","tag-curriculum","tag-espagnol","tag-improvisacion","tag-organista","tag-organista-concertista","tag-organo","tag-paisajes","tag-pintura"],"_links":{"self":[{"href":"https:\/\/www.irreel.ch\/blog\/wp-json\/wp\/v2\/posts\/1801","targetHints":{"allow":["GET"]}}],"collection":[{"href":"https:\/\/www.irreel.ch\/blog\/wp-json\/wp\/v2\/posts"}],"about":[{"href":"https:\/\/www.irreel.ch\/blog\/wp-json\/wp\/v2\/types\/post"}],"author":[{"embeddable":true,"href":"https:\/\/www.irreel.ch\/blog\/wp-json\/wp\/v2\/users\/191"}],"replies":[{"embeddable":true,"href":"https:\/\/www.irreel.ch\/blog\/wp-json\/wp\/v2\/comments?post=1801"}],"version-history":[{"count":9,"href":"https:\/\/www.irreel.ch\/blog\/wp-json\/wp\/v2\/posts\/1801\/revisions"}],"predecessor-version":[{"id":4464,"href":"https:\/\/www.irreel.ch\/blog\/wp-json\/wp\/v2\/posts\/1801\/revisions\/4464"}],"wp:featuredmedia":[{"embeddable":true,"href":"https:\/\/www.irreel.ch\/blog\/wp-json\/wp\/v2\/media\/4463"}],"wp:attachment":[{"href":"https:\/\/www.irreel.ch\/blog\/wp-json\/wp\/v2\/media?parent=1801"}],"wp:term":[{"taxonomy":"category","embeddable":true,"href":"https:\/\/www.irreel.ch\/blog\/wp-json\/wp\/v2\/categories?post=1801"},{"taxonomy":"post_tag","embeddable":true,"href":"https:\/\/www.irreel.ch\/blog\/wp-json\/wp\/v2\/tags?post=1801"}],"curies":[{"name":"wp","href":"https:\/\/api.w.org\/{rel}","templated":true}]}}