{"id":1760,"date":"2011-01-04T19:09:19","date_gmt":"2011-01-04T17:09:19","guid":{"rendered":"http:\/\/www.irreel.org\/blog\/?p=1760"},"modified":"2019-03-05T07:59:58","modified_gmt":"2019-03-05T05:59:58","slug":"poesie-polyglotte-europe-esperanto","status":"publish","type":"post","link":"https:\/\/www.irreel.ch\/blog\/poesie-polyglotte-europe-esperanto\/","title":{"rendered":"Po\u00e9sie polyglotte Europe \/ Esperanto"},"content":{"rendered":"\n<figure class=\"wp-block-image\"><img loading=\"lazy\" decoding=\"async\" width=\"1024\" height=\"320\" src=\"http:\/\/www.irreel.ch\/blog\/wp-content\/uploads\/esperanto-1024x320.jpg\" alt=\"\" class=\"wp-image-5146\" srcset=\"https:\/\/www.irreel.ch\/blog\/wp-content\/uploads\/esperanto-1024x320.jpg 1024w, https:\/\/www.irreel.ch\/blog\/wp-content\/uploads\/esperanto-150x47.jpg 150w, https:\/\/www.irreel.ch\/blog\/wp-content\/uploads\/esperanto-300x94.jpg 300w, https:\/\/www.irreel.ch\/blog\/wp-content\/uploads\/esperanto-768x240.jpg 768w, https:\/\/www.irreel.ch\/blog\/wp-content\/uploads\/esperanto.jpg 1260w\" sizes=\"auto, (max-width: 1024px) 100vw, 1024px\" \/><\/figure>\n\n\n<p>Esperanto:<br>\n<\/p><table style=\"text-align: center;\" border=\"0\" width=\"600\" cellspacing=\"0\" cellpadding=\"0\">\n<tbody>\n<tr>\n<td id=\"content\" valign=\"top\">\n<div>\n<p><span style=\"font-family: Comic Sans MS; font-size: small;\">Tio estas io nova<\/span><\/p>\n<p>essai en esp\u00e9ranto<\/p>\n<p>et traduction en fran\u00e7ais<\/p>\n<p>Daniel Thomas<\/p>\n<div>\n<div>\n<div>\n<div>\n<div>\n<div>\n<div>\n<p><img loading=\"lazy\" decoding=\"async\" class=\"alignnone size-full wp-image-5082\" src=\"http:\/\/www.irreel.ch\/blog\/wp-content\/uploads\/pesperanto-haleluja.gif\" alt=\"\" width=\"351\" height=\"385\"><\/p>\n<\/div>\n<\/div>\n<\/div>\n<\/div>\n<\/div>\n<\/div>\n<\/div>\n<div>\n<div>\n<div>\n<div>\n<div>\n<div>\n<div>\n<\/div>\n<\/div>\n<\/div>\n<\/div>\n<\/div>\n<\/div>\n<\/div>\n<div>\n<div>\n<div>\n<div>\n<div>\n<div>\n<div>\n<div>\n<div>\n<p><span style=\"font-family: Courier New; font-size: medium;\">traduction :<\/span><\/p>\n<p>l\u2019air que l\u2019on respire<\/p>\n<p>c\u2019est quelque chose de nouveau<\/p>\n<p>nous \u00e9tions comme dans un r\u00eave<\/p>\n<p>un esp\u00e8ce de passage serr\u00e9,<\/p>\n<p>par lequel souffle souvent du vent,<\/p>\n<p>je viens de parcourir la terre<\/p>\n<p>et de m\u2019y promener<\/p>\n<p>le palmier n\u2019appartient \u00e0 personne<\/p>\n<p>chaque arbre, chaque brin d\u2019herbe, la mer,<\/p>\n<p>le ciel et les nuages<\/p>\n<p>c\u2019est quelque chose de nouveau<\/p>\n<p>que des oiseaux volent sur la terre<\/p>\n<p>vers l\u2019\u00e9tendue des cieux<\/p>\n<p>alleluia!<\/p>\n<\/div>\n<\/div>\n<\/div>\n<\/div>\n<\/div>\n<\/div>\n<\/div>\n<\/div>\n<\/div>\n<div>\n<div>\n<div>\n<div>\n<div><\/div>\n<\/div>\n<\/div>\n<\/div>\n<\/div>\n<div>\n<div>\n<div><\/div>\n<\/div>\n<\/div>\n<\/div>\n<\/td>\n<\/tr>\n<tr>\n<td id=\"content\" valign=\"top\">\n<div>\n<div>\n<div>\n<div>\n<div>\n<div>\n<div>\n<div>\n<div>\n<p><span style=\"font-size: x-small;\">la enspiradon de aero<\/span><\/p>\n<p>tio estas io nova<\/p>\n<p>tiam ni estis kiel songantoj,<\/p>\n<p>ian mallargigitan trairejon,<\/p>\n<p>tra kiu ofte blovadas vento<\/p>\n<p>mi vagadis sur la tero<\/p>\n<p>kaj rondiradis sur gi<\/p>\n<p>la palmo apartenas al neniu<\/p>\n<p>Ciu arbo, Ciu herbotrunketo, la maro,<\/p>\n<p>la cielo kaj la nuboj<\/p>\n<p>tio estas io nova<\/p>\n<p>birdoj ekflugu super la tero,<\/p>\n<p>sub la ciela firmajo<\/p>\n<p>Haleluja!<\/p>\n<\/div>\n<\/div>\n<\/div>\n<\/div>\n<\/div>\n<\/div>\n<\/div>\n<\/div>\n<\/div>\n<\/td>\n<\/tr>\n<\/tbody>\n<\/table>","protected":false},"excerpt":{"rendered":"<p>Esperanto: Tio estas io nova essai en esp\u00e9ranto et traduction en fran\u00e7ais Daniel Thomas traduction : l\u2019air que l\u2019on respire c\u2019est quelque chose de nouveau nous \u00e9tions comme dans un r\u00eave un esp\u00e8ce de&#46;&#46;&#46;<\/p>\n","protected":false},"author":191,"featured_media":5146,"comment_status":"open","ping_status":"closed","sticky":false,"template":"","format":"standard","meta":{"sfsi_plus_gutenberg_text_before_share":"","sfsi_plus_gutenberg_show_text_before_share":"","sfsi_plus_gutenberg_icon_type":"","sfsi_plus_gutenberg_icon_alignemt":"","sfsi_plus_gutenburg_max_per_row":"","_EventAllDay":false,"_EventTimezone":"","_EventStartDate":"","_EventEndDate":"","_EventStartDateUTC":"","_EventEndDateUTC":"","_EventShowMap":false,"_EventShowMapLink":false,"_EventURL":"","_EventCost":"","_EventCostDescription":"","_EventCurrencySymbol":"","_EventCurrencyCode":"","_EventCurrencyPosition":"","_EventDateTimeSeparator":"","_EventTimeRangeSeparator":"","_EventOrganizerID":[],"_EventVenueID":[],"_OrganizerEmail":"","_OrganizerPhone":"","_OrganizerWebsite":"","_VenueAddress":"","_VenueCity":"","_VenueCountry":"","_VenueProvince":"","_VenueState":"","_VenueZip":"","_VenuePhone":"","_VenueURL":"","_VenueStateProvince":"","_VenueLat":"","_VenueLng":"","_VenueShowMap":false,"_VenueShowMapLink":false,"footnotes":""},"categories":[207],"tags":[259,260,262,261,141],"class_list":["post-1760","post","type-post","status-publish","format-standard","has-post-thumbnail","hentry","category-essai-polyglotte","tag-esperanto","tag-essai-en-esperanto","tag-essays-auf-esperanto","tag-essays-in-esperanto","tag-polyglotte"],"_links":{"self":[{"href":"https:\/\/www.irreel.ch\/blog\/wp-json\/wp\/v2\/posts\/1760","targetHints":{"allow":["GET"]}}],"collection":[{"href":"https:\/\/www.irreel.ch\/blog\/wp-json\/wp\/v2\/posts"}],"about":[{"href":"https:\/\/www.irreel.ch\/blog\/wp-json\/wp\/v2\/types\/post"}],"author":[{"embeddable":true,"href":"https:\/\/www.irreel.ch\/blog\/wp-json\/wp\/v2\/users\/191"}],"replies":[{"embeddable":true,"href":"https:\/\/www.irreel.ch\/blog\/wp-json\/wp\/v2\/comments?post=1760"}],"version-history":[{"count":7,"href":"https:\/\/www.irreel.ch\/blog\/wp-json\/wp\/v2\/posts\/1760\/revisions"}],"predecessor-version":[{"id":5147,"href":"https:\/\/www.irreel.ch\/blog\/wp-json\/wp\/v2\/posts\/1760\/revisions\/5147"}],"wp:featuredmedia":[{"embeddable":true,"href":"https:\/\/www.irreel.ch\/blog\/wp-json\/wp\/v2\/media\/5146"}],"wp:attachment":[{"href":"https:\/\/www.irreel.ch\/blog\/wp-json\/wp\/v2\/media?parent=1760"}],"wp:term":[{"taxonomy":"category","embeddable":true,"href":"https:\/\/www.irreel.ch\/blog\/wp-json\/wp\/v2\/categories?post=1760"},{"taxonomy":"post_tag","embeddable":true,"href":"https:\/\/www.irreel.ch\/blog\/wp-json\/wp\/v2\/tags?post=1760"}],"curies":[{"name":"wp","href":"https:\/\/api.w.org\/{rel}","templated":true}]}}