{"id":1748,"date":"2011-01-04T14:10:17","date_gmt":"2011-01-04T12:10:17","guid":{"rendered":"http:\/\/www.irreel.org\/blog\/?p=1748"},"modified":"2022-12-21T15:29:48","modified_gmt":"2022-12-21T14:29:48","slug":"poesie-polyglotte-germanique-bernois","status":"publish","type":"post","link":"https:\/\/www.irreel.ch\/blog\/poesie-polyglotte-germanique-bernois\/","title":{"rendered":"Po\u00e9sie polyglotte germanique \/ Bernois"},"content":{"rendered":"<p style=\"text-align: left;\">Bernois:<\/p>\n<table border=\"0\" cellspacing=\"0\" cellpadding=\"0\" width=\"600\" background=\"http:\/\/www.irreel.ch\/a-images-de-fonds\/papier-a4\/froisse-a4-blanc-vert.jpg\">\n<tbody>\n<tr>\n<td id=\"content\" valign=\"center\" background=\"http:\/\/www.irreel.ch\/a-images-de-fonds\/papier-a4\/lumieres-a4-blanc.jpg\">\n<div>\n<p><em><span style=\"font-size: large;\"> <\/span><\/em><\/p>\n<p style=\"text-align: center;\"><em> <\/em><span style=\"font-family: Baskerville; font-size: xx-large;\"><em><span style=\"color: #003399;\">Chumm hie!<\/span><\/em><\/span><\/p>\n<p><em> <\/em><span style=\"font-family: Baskerville; font-size: x-large;\"><em> <\/em><\/span><\/p>\n<p style=\"text-align: center;\"><em> <\/em><span style=\"font-family: Baskerville; color: #2e52be; font-size: x-large;\"><em>i fr\u00f6ie mi<\/em><\/span><\/p>\n<p style=\"text-align: center;\"><span style=\"color: #0000ff;\"><em>w\u00e4r kennt se nid<\/em><\/span><\/p>\n<p style=\"text-align: center;\"><span style=\"color: #0000ff;\"><em>scho am Morge<\/em><\/span><\/p>\n<p style=\"text-align: center;\"><span style=\"color: #0000ff;\"><em>fr\u00fcech am s\u00e4chsi<\/em><\/span><\/p>\n<p style=\"text-align: center;\"><span style=\"color: #0000ff;\"><em>aafangs Sept\u00e4mber<\/em><\/span><\/p>\n<p style=\"text-align: center;\"><span style=\"color: #0000ff;\"><em>I vergisse d\u00e4 Tag nie<\/em><\/span><\/p>\n<p style=\"text-align: center;\"><span style=\"color: #0000ff;\"><em>so isch er gsi<\/em><\/span><\/p>\n<p style=\"text-align: center;\"><span style=\"color: #0000ff;\"><em>m\u00e4ngi het eifach<\/em><\/span><\/p>\n<p style=\"text-align: center;\"><span style=\"color: #0000ff;\"><em>d Kraft n\u00fcmme gha<\/em><\/span><\/p>\n<p style=\"text-align: center;\"><span style=\"color: #0000ff;\"><em>nach em \u00c4sse<\/em><\/span><\/p>\n<p style=\"text-align: center;\"><span style=\"color: #0000ff;\"><em>es m\u00e4ngisch<\/em><\/span><\/p>\n<p style=\"text-align: center;\"><span style=\"color: #0000ff;\"><em>scho gr\u00e4gnet het<\/em><\/span><\/p>\n<p style=\"text-align: center;\"><span style=\"color: #0000ff;\"><em>vier starchi Manne<\/em><\/span><\/p>\n<p style=\"text-align: center;\"><span style=\"color: #0000ff;\"><em>es Gsp\u00e4ngscht<\/em><\/span><\/p>\n<p style=\"text-align: center;\"><span style=\"color: #0000ff;\"><em>chumm hie!<\/em><\/span><\/p>\n<p style=\"text-align: center;\"><span style=\"color: #0000ff;\"><em>chumm hie!<\/em><\/span><span style=\"font-size: large;\"> <\/span><\/p>\n<div>\n<div>\n<div>\n<div><\/div>\n<\/div>\n<\/div>\n<\/div>\n<p><span style=\"font-size: large;\"> <\/span><\/p>\n<\/div>\n<\/td>\n<\/tr>\n<\/tbody>\n<\/table>\n","protected":false},"excerpt":{"rendered":"<p>Bernois: Chumm hie! i fr\u00f6ie mi w\u00e4r kennt se nid scho am Morge fr\u00fcech am s\u00e4chsi aafangs Sept\u00e4mber I vergisse d\u00e4 Tag nie so isch er gsi m\u00e4ngi het eifach d Kraft n\u00fcmme gha&#46;&#46;&#46;<\/p>\n","protected":false},"author":191,"featured_media":3964,"comment_status":"open","ping_status":"closed","sticky":false,"template":"","format":"standard","meta":{"sfsi_plus_gutenberg_text_before_share":"","sfsi_plus_gutenberg_show_text_before_share":"","sfsi_plus_gutenberg_icon_type":"","sfsi_plus_gutenberg_icon_alignemt":"","sfsi_plus_gutenburg_max_per_row":"","_EventAllDay":false,"_EventTimezone":"","_EventStartDate":"","_EventEndDate":"","_EventStartDateUTC":"","_EventEndDateUTC":"","_EventShowMap":false,"_EventShowMapLink":false,"_EventURL":"","_EventCost":"","_EventCostDescription":"","_EventCurrencySymbol":"","_EventCurrencyCode":"","_EventCurrencyPosition":"","_EventDateTimeSeparator":"","_EventTimeRangeSeparator":"","_EventOrganizerID":[],"_EventVenueID":[],"_OrganizerEmail":"","_OrganizerPhone":"","_OrganizerWebsite":"","_VenueAddress":"","_VenueCity":"","_VenueCountry":"","_VenueProvince":"","_VenueState":"","_VenueZip":"","_VenuePhone":"","_VenueURL":"","_VenueStateProvince":"","_VenueLat":"","_VenueLng":"","_VenueShowMap":false,"_VenueShowMapLink":false,"footnotes":""},"categories":[116,207],"tags":[245,247,248,141,690,249],"class_list":["post-1748","post","type-post","status-publish","format-standard","has-post-thumbnail","hentry","category-allemand","category-essai-polyglotte","tag-bernois","tag-essai-en-bernois","tag-essays-auf-berndeutsch","tag-polyglotte","tag-suisse-allemand","tag-uf-barndutsch"],"_links":{"self":[{"href":"https:\/\/www.irreel.ch\/blog\/wp-json\/wp\/v2\/posts\/1748","targetHints":{"allow":["GET"]}}],"collection":[{"href":"https:\/\/www.irreel.ch\/blog\/wp-json\/wp\/v2\/posts"}],"about":[{"href":"https:\/\/www.irreel.ch\/blog\/wp-json\/wp\/v2\/types\/post"}],"author":[{"embeddable":true,"href":"https:\/\/www.irreel.ch\/blog\/wp-json\/wp\/v2\/users\/191"}],"replies":[{"embeddable":true,"href":"https:\/\/www.irreel.ch\/blog\/wp-json\/wp\/v2\/comments?post=1748"}],"version-history":[{"count":6,"href":"https:\/\/www.irreel.ch\/blog\/wp-json\/wp\/v2\/posts\/1748\/revisions"}],"predecessor-version":[{"id":3965,"href":"https:\/\/www.irreel.ch\/blog\/wp-json\/wp\/v2\/posts\/1748\/revisions\/3965"}],"wp:featuredmedia":[{"embeddable":true,"href":"https:\/\/www.irreel.ch\/blog\/wp-json\/wp\/v2\/media\/3964"}],"wp:attachment":[{"href":"https:\/\/www.irreel.ch\/blog\/wp-json\/wp\/v2\/media?parent=1748"}],"wp:term":[{"taxonomy":"category","embeddable":true,"href":"https:\/\/www.irreel.ch\/blog\/wp-json\/wp\/v2\/categories?post=1748"},{"taxonomy":"post_tag","embeddable":true,"href":"https:\/\/www.irreel.ch\/blog\/wp-json\/wp\/v2\/tags?post=1748"}],"curies":[{"name":"wp","href":"https:\/\/api.w.org\/{rel}","templated":true}]}}