{"id":1738,"date":"2011-01-04T13:04:24","date_gmt":"2011-01-04T11:04:24","guid":{"rendered":"http:\/\/www.irreel.org\/blog\/?p=1738"},"modified":"2019-03-05T08:02:34","modified_gmt":"2019-03-05T06:02:34","slug":"poesie-polyglotte-romane-corse","status":"publish","type":"post","link":"https:\/\/www.irreel.ch\/blog\/poesie-polyglotte-romane-corse\/","title":{"rendered":"Po\u00e9sie polyglotte romane \/ Corse"},"content":{"rendered":"<p>Corse:<\/p>\n<table style=\"text-align: center;\" border=\"0\" width=\"600\" cellspacing=\"0\" cellpadding=\"0\">\n<tbody>\n<tr>\n<td id=\"content\" valign=\"top\">\n<div>\n<div>\n<div>\n<div>\n<div>\n<div>\n<p><span style=\"font-family: Courier New; font-size: medium;\">H\u00e8 ghjornu!&#8230;<\/span><\/p>\n<p>longu \u00e0 mare,<\/p>\n<p>tramezu ad lecce<\/p>\n<p>v\u2019abbagliuleghja u sole?<\/p>\n<p>h\u00e8 una<\/p>\n<p>chi mi tene da fratellu<\/p>\n<p>listessa \u00e0 quelle<\/p>\n<p>di una volta<\/p>\n<p>s\u00ec scimita?<\/p>\n<p>longu \u00e0 mare,<\/p>\n<p>ti ricordi<\/p>\n<p>in quest\u2019ultima nivata?<\/p>\n<p>induve vai?<\/p>\n<p>sente la canzunella<\/p>\n<p>di a funtana<\/p>\n<\/div>\n<\/div>\n<\/div>\n<\/div>\n<\/div>\n<div>\n<div>\n<div>\n<div>\n<div>\n<p>traduction:<\/p>\n<p><span style=\"font-family: Courier New;\">Il fait jour!&#8230;<\/span><\/p>\n<p>le long de la mer,<\/p>\n<p>parmi les ch\u00eanes verts<\/p>\n<p>le soleil vous \u00e9blouit-il?<\/p>\n<p>c&rsquo;en est une<\/p>\n<p>qui m\u2019aime comme un fr\u00e8re<\/p>\n<p>pareille \u00e0 celles<\/p>\n<p>d&rsquo;autrefois<\/p>\n<p>es-tu devenue folle?<\/p>\n<p>le long de la mer,<\/p>\n<p>te souviens-tu<\/p>\n<p>du dernier temps de neige?<\/p>\n<p>o\u00f9 vas-tu?<\/p>\n<p>\u00e9couter la chansonnette<\/p>\n<p>d&rsquo;une fontaine<\/p>\n<\/div>\n<\/div>\n<\/div>\n<\/div>\n<\/div>\n<div>\n<div>\n<div><\/div>\n<\/div>\n<\/div>\n<div><\/div>\n<\/div>\n<\/td>\n<\/tr>\n<tr>\n<td id=\"content\" valign=\"top\">\n<div>\n<div>\n<div>\n<div>\n<div>\n<div>\n<\/div>\n<p><img loading=\"lazy\" decoding=\"async\" class=\"alignnone size-full wp-image-5149\" src=\"http:\/\/www.irreel.ch\/blog\/wp-content\/uploads\/montagnes.jpg\" alt=\"\" width=\"340\" height=\"246\" srcset=\"https:\/\/www.irreel.ch\/blog\/wp-content\/uploads\/montagnes.jpg 340w, https:\/\/www.irreel.ch\/blog\/wp-content\/uploads\/montagnes-150x109.jpg 150w, https:\/\/www.irreel.ch\/blog\/wp-content\/uploads\/montagnes-300x217.jpg 300w\" sizes=\"auto, (max-width: 340px) 100vw, 340px\" \/><\/p>\n<p><span style=\"font-family: Baskerville; font-size: medium;\"><em>dessin de l&rsquo;auteur, montagnes<\/em><\/span><\/p>\n<\/div>\n<\/div>\n<\/div>\n<\/div>\n<\/div>\n<\/td>\n<\/tr>\n<tr>\n<td id=\"content\" valign=\"top\">\n<div>\n<p><span style=\"color: #006666; font-size: medium;\"><em>E cumencia u ventu,<\/em><\/span><\/p>\n<p><em>sendu<\/em><\/p>\n<p><em>n\u2019un valdu monda foltu<\/em><\/p>\n<p><em>a mani matina<\/em><\/p>\n<p><em>E duv\u2019ha d\u2019anda?<\/em><\/p>\n<p><em>Viaghja,<\/em><\/p>\n<p><em>davant\u2019\u00e0 un paesu<\/em><\/p>\n<p><em>pa a strada,<\/em><\/p>\n<p><em>passa<\/em><\/p>\n<p><em>ha da runc\u00e0 un asinu<\/em><\/p>\n<p><em>runc\u00e0<\/em><\/p>\n<p><em>H\u00e8 andata, ha\u2019mpiuta a so gerra<\/em><\/p>\n<p><em>L\u2019aqua un curri pi\u00f9!<\/em><\/p>\n<p><em>u jacaru<\/em><\/p>\n<p><em>(ci vulia ddu viaghjessi drittu)<\/em><\/p>\n<p><em>cuntinuaia ad abbaghj\u00e0<\/em><\/p>\n<p><em>mi manghjuccicaia ssi mela<\/em><\/p>\n<p><em>davant\u2019\u00e0 un paesu<\/em><\/p>\n<p><em>pa a strada,<\/em><\/p>\n<p><em>erani dui chjucuchji!<\/em><\/p>\n<p><em>Poss\u2019entra par scaldami un pocu \u00e0 u to focu?<\/em><\/p>\n<p><em>cuntinuaia ad abbaghj\u00e0<\/em><\/p>\n<p><em>u jacaru<\/em><\/p>\n<p><span style=\"font-size: small;\">Traduction:<\/span><\/p>\n<p>le vent a commenc\u00e9<\/p>\n<p>\u00e9tant<\/p>\n<p>dans la for\u00eat tr\u00e8s \u00e9paisse<\/p>\n<p>le matin<\/p>\n<p>Et o\u00f9 vas-tu?<\/p>\n<p>Elle marche,<\/p>\n<p>devant un village<\/p>\n<p>sur la route ,<\/p>\n<p>elle passe<\/p>\n<p>l\u00e0-bas va braire un \u00e2ne<\/p>\n<p>braire<\/p>\n<p>Elle est all\u00e9e, elle a empli sa cruche<\/p>\n<p>L\u2019eau ne court plus<\/p>\n<p>le chien<\/p>\n<p>(il fallait qu\u2019elle aille tout droit)<\/p>\n<p>continuait \u00e0 aboyer<\/p>\n<p>je grignotais ces pommes<\/p>\n<p>devant un village<\/p>\n<p>sur la route ,<\/p>\n<p>il y avait deux petits enfants!<\/p>\n<p>je peux entrer me chauffer un peu?<\/p>\n<p>continuait \u00e0 aboyer<\/p>\n<p>le chien<\/p>\n<\/div>\n<\/td>\n<\/tr>\n<\/tbody>\n<\/table>\n<p style=\"text-align: center;\">\n<p style=\"text-align: center;\">\n","protected":false},"excerpt":{"rendered":"<p>Corse: H\u00e8 ghjornu!&#8230; longu \u00e0 mare, tramezu ad lecce v\u2019abbagliuleghja u sole? h\u00e8 una chi mi tene da fratellu listessa \u00e0 quelle di una volta s\u00ec scimita? longu \u00e0 mare, ti ricordi in quest\u2019ultima&#46;&#46;&#46;<\/p>\n","protected":false},"author":191,"featured_media":5149,"comment_status":"open","ping_status":"closed","sticky":false,"template":"","format":"standard","meta":{"sfsi_plus_gutenberg_text_before_share":"","sfsi_plus_gutenberg_show_text_before_share":"","sfsi_plus_gutenberg_icon_type":"","sfsi_plus_gutenberg_icon_alignemt":"","sfsi_plus_gutenburg_max_per_row":"","_EventAllDay":false,"_EventTimezone":"","_EventStartDate":"","_EventEndDate":"","_EventStartDateUTC":"","_EventEndDateUTC":"","_EventShowMap":false,"_EventShowMapLink":false,"_EventURL":"","_EventCost":"","_EventCostDescription":"","_EventCurrencySymbol":"","_EventCurrencyCode":"","_EventCurrencyPosition":"","_EventDateTimeSeparator":"","_EventTimeRangeSeparator":"","_EventOrganizerID":[],"_EventVenueID":[],"_OrganizerEmail":"","_OrganizerPhone":"","_OrganizerWebsite":"","_VenueAddress":"","_VenueCity":"","_VenueCountry":"","_VenueProvince":"","_VenueState":"","_VenueZip":"","_VenuePhone":"","_VenueURL":"","_VenueStateProvince":"","_VenueLat":"","_VenueLng":"","_VenueShowMap":false,"_VenueShowMapLink":false,"footnotes":""},"categories":[207],"tags":[242,253,254,255,141],"class_list":["post-1738","post","type-post","status-publish","format-standard","has-post-thumbnail","hentry","category-essai-polyglotte","tag-corse","tag-essais-en-corse","tag-essays-auf-korsisch","tag-poems-in-corsican","tag-polyglotte"],"_links":{"self":[{"href":"https:\/\/www.irreel.ch\/blog\/wp-json\/wp\/v2\/posts\/1738","targetHints":{"allow":["GET"]}}],"collection":[{"href":"https:\/\/www.irreel.ch\/blog\/wp-json\/wp\/v2\/posts"}],"about":[{"href":"https:\/\/www.irreel.ch\/blog\/wp-json\/wp\/v2\/types\/post"}],"author":[{"embeddable":true,"href":"https:\/\/www.irreel.ch\/blog\/wp-json\/wp\/v2\/users\/191"}],"replies":[{"embeddable":true,"href":"https:\/\/www.irreel.ch\/blog\/wp-json\/wp\/v2\/comments?post=1738"}],"version-history":[{"count":9,"href":"https:\/\/www.irreel.ch\/blog\/wp-json\/wp\/v2\/posts\/1738\/revisions"}],"predecessor-version":[{"id":5150,"href":"https:\/\/www.irreel.ch\/blog\/wp-json\/wp\/v2\/posts\/1738\/revisions\/5150"}],"wp:featuredmedia":[{"embeddable":true,"href":"https:\/\/www.irreel.ch\/blog\/wp-json\/wp\/v2\/media\/5149"}],"wp:attachment":[{"href":"https:\/\/www.irreel.ch\/blog\/wp-json\/wp\/v2\/media?parent=1738"}],"wp:term":[{"taxonomy":"category","embeddable":true,"href":"https:\/\/www.irreel.ch\/blog\/wp-json\/wp\/v2\/categories?post=1738"},{"taxonomy":"post_tag","embeddable":true,"href":"https:\/\/www.irreel.ch\/blog\/wp-json\/wp\/v2\/tags?post=1738"}],"curies":[{"name":"wp","href":"https:\/\/api.w.org\/{rel}","templated":true}]}}