{"id":1727,"date":"2011-01-04T09:54:21","date_gmt":"2011-01-04T07:54:21","guid":{"rendered":"http:\/\/www.irreel.org\/blog\/?p=1727"},"modified":"2019-03-05T08:07:31","modified_gmt":"2019-03-05T06:07:31","slug":"poesie-polyglotte-romane-portugais","status":"publish","type":"post","link":"https:\/\/www.irreel.ch\/blog\/poesie-polyglotte-romane-portugais\/","title":{"rendered":"Po\u00e9sie polyglotte romane \/ Portugais"},"content":{"rendered":"\n<figure class=\"wp-block-image\"><img decoding=\"async\" src=\"http:\/\/www.irreel.ch\/blog\/wp-content\/uploads\/roses-bleus-montant2_Fotorrougeclair-clair.jpg\" alt=\"\"\/><figcaption>Transparences des voix<\/figcaption><\/figure>\n\n\n<p style=\"text-align: center;\">Essai<\/p>\n<table style=\"text-align: center;\" border=\"0\" width=\"600\" cellspacing=\"0\" cellpadding=\"0\">\n<tbody>\n<tr>\n<td id=\"content\" valign=\"top\">\n<div>\n<p><\/p>\n<p><\/p>\n<p><\/p>\n<div>\n<div>\n<div>\n<p><span style=\"font-family: Baskerville; font-size: large;\"><em> falo para ti<\/em><\/span><\/p>\n<\/div>\n<\/div>\n<\/div>\n<div>\n<div>\n<div>\n<p><span style=\"font-family: Baskerville; font-size: large;\"><em>de viva voz:<\/em><\/span><\/p>\n<\/div>\n<\/div>\n<\/div>\n<div>\n<div>\n<div>\n<p><span style=\"font-family: Baskerville; font-size: large;\"><em>a m\u00fasica estanca as l\u00e1grimas dos homens.<\/em><\/span><\/p>\n<\/div>\n<\/div>\n<\/div>\n<div>\n<div>\n<div>\n<p><span style=\"font-family: Baskerville; font-size: large;\"><em>homen disp\u00f5e do que Deus p\u00f5e,<\/em><\/span><\/p>\n<\/div>\n<\/div>\n<\/div>\n<div>\n<div>\n<div>\n<p><span style=\"font-family: Baskerville; font-size: large;\"><em>ainda bem!<\/em><\/span><\/p>\n<\/div>\n<\/div>\n<\/div>\n<div>\n<div>\n<div>\n<p><span style=\"font-family: Baskerville; font-size: large;\"><em>com seu ouvido delicado,<\/em><\/span><\/p>\n<\/div>\n<\/div>\n<\/div>\n<div>\n<div>\n<div>\n<p><span style=\"font-family: Baskerville; font-size: large;\"><em>santo com cara de diabo,<\/em><\/span><\/p>\n<\/div>\n<\/div>\n<\/div>\n<div>\n<div>\n<div>\n<p><span style=\"font-family: Baskerville; font-size: large;\"><em>da a ultima dem\u00e3o<\/em><\/span><\/p>\n<\/div>\n<\/div>\n<\/div>\n<div>\n<div>\n<div>\n<p><span style=\"font-family: Baskerville; font-size: large;\"><em>\u00e0 fantasia,<\/em><\/span><\/p>\n<\/div>\n<\/div>\n<\/div>\n<div>\n<div>\n<div>\n<p><span style=\"font-family: Baskerville; font-size: large;\"><em>de un momento para o outro<\/em><\/span><\/p>\n<\/div>\n<\/div>\n<\/div>\n<div>\n<div>\n<div>\n<p><span style=\"font-family: Baskerville; font-size: large;\"><em>ser\u00e1 demasiado tardo.<\/em><\/span><\/p>\n<\/div>\n<\/div>\n<\/div>\n<div>\n<div>\n<div>\n<p><span style=\"font-family: Baskerville; font-size: large;\"><em>quando \u00e9 o momento propicio<\/em><\/span><\/p>\n<\/div>\n<\/div>\n<\/div>\n<div>\n<div>\n<div>\n<p><span style=\"font-family: Baskerville; font-size: large;\"><em>aos namorados?<\/em><\/span><\/p>\n<\/div>\n<\/div>\n<\/div>\n<div>\n<div>\n<div>\n<p><span style=\"font-family: Baskerville; font-size: large;\"><em>em cima de un tapete de verdura<\/em><\/span><\/p>\n<\/div>\n<\/div>\n<\/div>\n<div>\n<div>\n<div>\n<p><span style=\"font-family: Baskerville; font-size: large;\"><em>tapa os olhos,<\/em><\/span><\/p>\n<\/div>\n<\/div>\n<\/div>\n<div>\n<div>\n<div>\n<p><span style=\"font-family: Baskerville; font-size: large;\"><em>tapa tamb\u00e9m os ouvidos,<\/em><\/span><\/p>\n<\/div>\n<\/div>\n<\/div>\n<div>\n<div>\n<div>\n<p><span style=\"font-family: Baskerville; font-size: large;\"><em>escuta em ti,<\/em><\/span><\/p>\n<\/div>\n<\/div>\n<\/div>\n<div>\n<div>\n<div>\n<p><span style=\"font-family: Baskerville; font-size: large;\"><em>m\u00fasica viva , eterna,<\/em><\/span><\/p>\n<\/div>\n<\/div>\n<\/div>\n<div>\n<div>\n<div>\n<p><span style=\"font-family: Baskerville; font-size: large;\"><em>regato sussurrando em ti,<\/em><\/span><\/p>\n<\/div>\n<\/div>\n<\/div>\n<div>\n<div>\n<div>\n<p><span style=\"font-family: Baskerville; font-size: large;\"><em>\u00e1gua corrente de un rio,<\/em><\/span><\/p>\n<\/div>\n<\/div>\n<\/div>\n<div>\n<div>\n<div>\n<p><span style=\"font-family: Baskerville; font-size: large;\"><em>escuta!<\/em><\/span><\/p>\n<\/div>\n<\/div>\n<\/div>\n<\/div>\n<\/td>\n<\/tr>\n<\/tbody>\n<\/table>","protected":false},"excerpt":{"rendered":"<p>Essai falo para ti de viva voz: a m\u00fasica estanca as l\u00e1grimas dos homens. homen disp\u00f5e do que Deus p\u00f5e, ainda bem! com seu ouvido delicado, santo com cara de diabo, da a ultima&#46;&#46;&#46;<\/p>\n","protected":false},"author":191,"featured_media":4836,"comment_status":"open","ping_status":"closed","sticky":false,"template":"","format":"standard","meta":{"sfsi_plus_gutenberg_text_before_share":"","sfsi_plus_gutenberg_show_text_before_share":"","sfsi_plus_gutenberg_icon_type":"","sfsi_plus_gutenberg_icon_alignemt":"","sfsi_plus_gutenburg_max_per_row":"","_EventAllDay":false,"_EventTimezone":"","_EventStartDate":"","_EventEndDate":"","_EventStartDateUTC":"","_EventEndDateUTC":"","_EventShowMap":false,"_EventShowMapLink":false,"_EventURL":"","_EventCost":"","_EventCostDescription":"","_EventCurrencySymbol":"","_EventCurrencyCode":"","_EventCurrencyPosition":"","_EventDateTimeSeparator":"","_EventTimeRangeSeparator":"","_EventOrganizerID":[],"_EventVenueID":[],"_OrganizerEmail":"","_OrganizerPhone":"","_OrganizerWebsite":"","_VenueAddress":"","_VenueCity":"","_VenueCountry":"","_VenueProvince":"","_VenueState":"","_VenueZip":"","_VenuePhone":"","_VenueURL":"","_VenueStateProvince":"","_VenueLat":"","_VenueLng":"","_VenueShowMap":false,"_VenueShowMapLink":false,"footnotes":""},"categories":[207,113],"tags":[256,258,257,141,536],"class_list":["post-1727","post","type-post","status-publish","format-standard","has-post-thumbnail","hentry","category-essai-polyglotte","category-portugais","tag-essais-en-portugais","tag-essays-auf-portugiesisch","tag-poems-in-portuguese","tag-polyglotte","tag-portugais"],"_links":{"self":[{"href":"https:\/\/www.irreel.ch\/blog\/wp-json\/wp\/v2\/posts\/1727","targetHints":{"allow":["GET"]}}],"collection":[{"href":"https:\/\/www.irreel.ch\/blog\/wp-json\/wp\/v2\/posts"}],"about":[{"href":"https:\/\/www.irreel.ch\/blog\/wp-json\/wp\/v2\/types\/post"}],"author":[{"embeddable":true,"href":"https:\/\/www.irreel.ch\/blog\/wp-json\/wp\/v2\/users\/191"}],"replies":[{"embeddable":true,"href":"https:\/\/www.irreel.ch\/blog\/wp-json\/wp\/v2\/comments?post=1727"}],"version-history":[{"count":8,"href":"https:\/\/www.irreel.ch\/blog\/wp-json\/wp\/v2\/posts\/1727\/revisions"}],"predecessor-version":[{"id":5152,"href":"https:\/\/www.irreel.ch\/blog\/wp-json\/wp\/v2\/posts\/1727\/revisions\/5152"}],"wp:featuredmedia":[{"embeddable":true,"href":"https:\/\/www.irreel.ch\/blog\/wp-json\/wp\/v2\/media\/4836"}],"wp:attachment":[{"href":"https:\/\/www.irreel.ch\/blog\/wp-json\/wp\/v2\/media?parent=1727"}],"wp:term":[{"taxonomy":"category","embeddable":true,"href":"https:\/\/www.irreel.ch\/blog\/wp-json\/wp\/v2\/categories?post=1727"},{"taxonomy":"post_tag","embeddable":true,"href":"https:\/\/www.irreel.ch\/blog\/wp-json\/wp\/v2\/tags?post=1727"}],"curies":[{"name":"wp","href":"https:\/\/api.w.org\/{rel}","templated":true}]}}