{"id":1721,"date":"2011-01-04T09:34:41","date_gmt":"2011-01-04T07:34:41","guid":{"rendered":"http:\/\/www.irreel.org\/blog\/?p=1721"},"modified":"2019-03-13T11:05:41","modified_gmt":"2019-03-13T09:05:41","slug":"curriculum-portugais","status":"publish","type":"post","link":"https:\/\/www.irreel.ch\/blog\/curriculum-portugais\/","title":{"rendered":"Curriculum en portugais"},"content":{"rendered":"\n<p>Daniel Dom\u00ednique Ren\u00e9 Thomas nasceu em Lausanne na Su\u00ed\u00e7a em 1959.<br>Efectuou em paralelo estudos de Letras na Universidade de Lausanne e M\u00fasica no Conservat\u00f3rio de Lausanne, e uma investiga\u00e7\u00e3o autodidata em pintura.<br>Obtem em 1984, a licen\u00e7a de Letras (grego, latino, filosofia) com um ensaio sobre a Deusa da Noite e a sua fam\u00edlia na teogonia de Hesiodes; e seguidamente estuda e pratica numerosas l\u00ednguas da Europa.<br>Escreve poemas e ensaios : \u00ab&nbsp;\u00e1gua cinzento&nbsp;\u00bb, \u00ab&nbsp;a \u00e1gua claque&nbsp;\u00bb, \u00ab&nbsp;magasinier baraquements polares&nbsp;\u00bb, \u00ab&nbsp;wunderreich&nbsp;\u00bb, \u00ab&nbsp;sneuwwit&nbsp;\u00bb, \u00ab&nbsp;I havet&nbsp;\u00bb, em numerosas l\u00ednguas.<br>Obtem em 1992 o titulo \u00ab&nbsp;virtuosit\u00e9&nbsp;\u00bb de \u00f3rg\u00e3o do Conservat\u00f3rio de Lausanne.<br>\u00c9 atualmente titular dos \u00f3rg\u00e3os na Abadia de Montheron.<br>Estudou pintura em especial nos museus de Londres, onde residiu um ano em 1980-81, sobretudo no British Museum.<br>Exp\u00f5e a partir de 1983 regularmente na Su\u00ed\u00e7a e no estrangeiro (no exterior) &nbsp;\u00bb composi\u00e7\u00f5es florestais&nbsp;\u00bb, &nbsp;\u00bb Melodias moment\u00e2neas&nbsp;\u00bb, &nbsp;\u00bb Momentos de olhar&nbsp;\u00bb? obras de pintura a \u00f3leo ou a acrilico que evolui paralelamente \u00e0s suas composi\u00e7\u00f5es musicais ou as suas improvisa\u00e7\u00f5es.<br>Em 1998, exp\u00f4s no Museu da Estampa do Estado do M\u00e9xico.<br>Deu recitais de \u00f3rg\u00e3o e de cravo em v\u00e1rios pa\u00edses da Europa, incluindo Su\u00e9cia, Finl\u00e2ndia, Espanha e M\u00e9xico (Puebla, Oaxaca, Tlaxcala? ) (com ajuda de Pro Helvetia).<br>Nos concertos, ao lado de pe\u00e7as do repert\u00f3rio, improvisa m\u00fasicas inspiradas em fen\u00f3menos naturais, paisagens, montanhas, lagos, jogos de \u00e1guas, flores, p\u00e1ssaros, retratos.<\/p>\n\n\n\n<div class=\"wp-block-image\"><figure class=\"aligncenter\"><img loading=\"lazy\" decoding=\"async\" width=\"640\" height=\"886\" src=\"http:\/\/www.irreel.ch\/blog\/wp-content\/uploads\/automobiliste_Fotor.jpg\" alt=\"\" class=\"wp-image-5370\" srcset=\"https:\/\/www.irreel.ch\/blog\/wp-content\/uploads\/automobiliste_Fotor.jpg 640w, https:\/\/www.irreel.ch\/blog\/wp-content\/uploads\/automobiliste_Fotor-108x150.jpg 108w, https:\/\/www.irreel.ch\/blog\/wp-content\/uploads\/automobiliste_Fotor-217x300.jpg 217w\" sizes=\"auto, (max-width: 640px) 100vw, 640px\" \/><figcaption>Dessins: l&rsquo;auteur en voyage. Desenhos: o autor em uma viagem.<\/figcaption><\/figure><\/div>\n\n\n\n<p>Comp\u00f5e para diferentes conjuntos ou para instrumentos solistas como piano, \u00f3rg\u00e3o ou carrilh\u00e3o, &nbsp;\u00bb fantasia aqu\u00e1tica&nbsp;\u00bb, &nbsp;\u00bb Varia\u00e7\u00f5es para piano&nbsp;\u00bb, &nbsp;\u00bb conto para guitarra e orquestra&nbsp;\u00bb, sinfonia &nbsp;\u00bb o ver\u00e3o&nbsp;\u00bb\u2026.<br>Frequentou cursos de carrilh\u00e3o (carillon) em Amersfoort (Holanda) e Mechelen (B\u00e9lgica).<br>\u00c9 carillonneur na Igreja de Chantemerle em Lausanne.<br>E deu recitais de carrilh\u00e3o na Su\u00ed\u00e7a e no estrangeiro.<br>Improvisa ao piano tamb\u00e9m, para teatro ou r\u00e1dio (um espect\u00e1culo &nbsp;\u00bb jogos fables&nbsp;\u00bb, de canto e piano).<br>Improvisa e comp\u00f5e m\u00fasicas para cinema (retratos cruzados).<br>D\u00e1 confer\u00eancias sobre composi\u00e7\u00e3o musical relacionada \u00e0 pintura e a outros temas ligados \u00e0 sua arte.<br>Preside v\u00e1rias associa\u00e7\u00f5es culturais.<\/p>\n","protected":false},"excerpt":{"rendered":"<p>Daniel Dom\u00ednique Ren\u00e9 Thomas nasceu em Lausanne na Su\u00ed\u00e7a em 1959.Efectuou em paralelo estudos de Letras na Universidade de Lausanne e M\u00fasica no Conservat\u00f3rio de Lausanne, e uma investiga\u00e7\u00e3o autodidata em pintura.Obtem em 1984,&#46;&#46;&#46;<\/p>\n","protected":false},"author":191,"featured_media":5370,"comment_status":"open","ping_status":"closed","sticky":false,"template":"","format":"standard","meta":{"sfsi_plus_gutenberg_text_before_share":"","sfsi_plus_gutenberg_show_text_before_share":"","sfsi_plus_gutenberg_icon_type":"","sfsi_plus_gutenberg_icon_alignemt":"","sfsi_plus_gutenburg_max_per_row":"","_EventAllDay":false,"_EventTimezone":"","_EventStartDate":"","_EventEndDate":"","_EventStartDateUTC":"","_EventEndDateUTC":"","_EventShowMap":false,"_EventShowMapLink":false,"_EventURL":"","_EventCost":"","_EventCostDescription":"","_EventCurrencySymbol":"","_EventCurrencyCode":"","_EventCurrencyPosition":"","_EventDateTimeSeparator":"","_EventTimeRangeSeparator":"","_EventOrganizerID":[],"_EventVenueID":[],"_OrganizerEmail":"","_OrganizerPhone":"","_OrganizerWebsite":"","_VenueAddress":"","_VenueCity":"","_VenueCountry":"","_VenueProvince":"","_VenueState":"","_VenueZip":"","_VenuePhone":"","_VenueURL":"","_VenueStateProvince":"","_VenueLat":"","_VenueLng":"","_VenueShowMap":false,"_VenueShowMapLink":false,"footnotes":""},"categories":[239,113],"tags":[353,561,351,350,349,536,352],"class_list":["post-1721","post","type-post","status-publish","format-standard","has-post-thumbnail","hentry","category-curriculum","category-portugais","tag-cravo","tag-curriculum","tag-curriculum-vitae-en-portugais","tag-em-portugues","tag-en-portugais","tag-portugais","tag-recitais-de-orgao"],"_links":{"self":[{"href":"https:\/\/www.irreel.ch\/blog\/wp-json\/wp\/v2\/posts\/1721","targetHints":{"allow":["GET"]}}],"collection":[{"href":"https:\/\/www.irreel.ch\/blog\/wp-json\/wp\/v2\/posts"}],"about":[{"href":"https:\/\/www.irreel.ch\/blog\/wp-json\/wp\/v2\/types\/post"}],"author":[{"embeddable":true,"href":"https:\/\/www.irreel.ch\/blog\/wp-json\/wp\/v2\/users\/191"}],"replies":[{"embeddable":true,"href":"https:\/\/www.irreel.ch\/blog\/wp-json\/wp\/v2\/comments?post=1721"}],"version-history":[{"count":7,"href":"https:\/\/www.irreel.ch\/blog\/wp-json\/wp\/v2\/posts\/1721\/revisions"}],"predecessor-version":[{"id":5808,"href":"https:\/\/www.irreel.ch\/blog\/wp-json\/wp\/v2\/posts\/1721\/revisions\/5808"}],"wp:featuredmedia":[{"embeddable":true,"href":"https:\/\/www.irreel.ch\/blog\/wp-json\/wp\/v2\/media\/5370"}],"wp:attachment":[{"href":"https:\/\/www.irreel.ch\/blog\/wp-json\/wp\/v2\/media?parent=1721"}],"wp:term":[{"taxonomy":"category","embeddable":true,"href":"https:\/\/www.irreel.ch\/blog\/wp-json\/wp\/v2\/categories?post=1721"},{"taxonomy":"post_tag","embeddable":true,"href":"https:\/\/www.irreel.ch\/blog\/wp-json\/wp\/v2\/tags?post=1721"}],"curies":[{"name":"wp","href":"https:\/\/api.w.org\/{rel}","templated":true}]}}