{"id":1685,"date":"2011-01-04T07:16:53","date_gmt":"2011-01-04T05:16:53","guid":{"rendered":"http:\/\/www.irreel.org\/blog\/?p=1685"},"modified":"2019-03-12T06:54:34","modified_gmt":"2019-03-12T04:54:34","slug":"peintures-acrylic-au-pinceau","status":"publish","type":"post","link":"https:\/\/www.irreel.ch\/blog\/peintures-acrylic-au-pinceau\/","title":{"rendered":"Peintures \/ acrylique au pinceau"},"content":{"rendered":"<p>Peintures:<\/p>\n<table style=\"height: 430px;\" border=\"0\" width=\"679\" cellspacing=\"0\" cellpadding=\"0\">\n<tbody>\n<tr>\n<td width=\"1\" height=\"32\"><\/td>\n<\/tr>\n<tr>\n<td colspan=\"2\" rowspan=\"2\" width=\"32\" height=\"321\"><\/td>\n<td rowspan=\"2\" align=\"left\" valign=\"top\" width=\"272\" height=\"321\"><img loading=\"lazy\" decoding=\"async\" class=\"alignnone size-full wp-image-5747\" src=\"http:\/\/www.irreel.ch\/blog\/wp-content\/uploads\/eclat-de-joie.gif\" alt=\"\" width=\"190\" height=\"235\" \/><\/td>\n<td colspan=\"2\" align=\"left\" valign=\"top\" width=\"240\" height=\"160\">\u00e9clat de joie, acrylique au pinceau sur papier, 1996, 50 \/ 65 cm<\/td>\n<td colspan=\"2\" width=\"134\" height=\"160\"><\/td>\n<td width=\"1\" height=\"160\"><\/td>\n<\/tr>\n<tr>\n<td colspan=\"3\" align=\"left\" valign=\"top\" width=\"336\" height=\"161\">Menant une double carri\u00e8re de peintre et d&rsquo;organiste, le Lausannois Daniel Thomas, auteur de cet \u00ab\u00a0\u00c9clat de joie\u00a0\u00bb, jette ses sensations sur la toile, des figurations complexes qu&rsquo;il lui arrive de combiner avec des improvisations musicales. Parrainage Culturel Soci\u00e9t\u00e9 Coop\u00e9rative Migros Vaud.<\/p>\n<p>(texte figurant sur une carte de voeux Migros Vaud )<\/td>\n<td width=\"38\" height=\"161\"><\/td>\n<td width=\"1\" height=\"161\"><\/td>\n<\/tr>\n<tr>\n<td width=\"16\" height=\"76\"><\/td>\n<td colspan=\"3\" align=\"left\" valign=\"top\" width=\"368\" height=\"76\"><span style=\"font-size: large;\">acryliques au pinceau<\/span><\/td>\n<\/tr>\n<\/tbody>\n<\/table>\n","protected":false},"excerpt":{"rendered":"<p>Peintures: \u00e9clat de joie, acrylique au pinceau sur papier, 1996, 50 \/ 65 cm Menant une double carri\u00e8re de peintre et d&rsquo;organiste, le Lausannois Daniel Thomas, auteur de cet \u00ab\u00a0\u00c9clat de joie\u00a0\u00bb, jette ses&#46;&#46;&#46;<\/p>\n","protected":false},"author":191,"featured_media":5747,"comment_status":"open","ping_status":"closed","sticky":false,"template":"","format":"standard","meta":{"sfsi_plus_gutenberg_text_before_share":"","sfsi_plus_gutenberg_show_text_before_share":"","sfsi_plus_gutenberg_icon_type":"","sfsi_plus_gutenberg_icon_alignemt":"","sfsi_plus_gutenburg_max_per_row":"","_EventAllDay":false,"_EventTimezone":"","_EventStartDate":"","_EventEndDate":"","_EventStartDateUTC":"","_EventEndDateUTC":"","_EventShowMap":false,"_EventShowMapLink":false,"_EventURL":"","_EventCost":"","_EventCostDescription":"","_EventCurrencySymbol":"","_EventCurrencyCode":"","_EventCurrencyPosition":"","_EventDateTimeSeparator":"","_EventTimeRangeSeparator":"","_EventOrganizerID":[],"_EventVenueID":[],"_OrganizerEmail":"","_OrganizerPhone":"","_OrganizerWebsite":"","_VenueAddress":"","_VenueCity":"","_VenueCountry":"","_VenueProvince":"","_VenueState":"","_VenueZip":"","_VenuePhone":"","_VenueURL":"","_VenueStateProvince":"","_VenueLat":"","_VenueLng":"","_VenueShowMap":false,"_VenueShowMapLink":false,"footnotes":""},"categories":[221],"tags":[646,558,236],"class_list":["post-1685","post","type-post","status-publish","format-standard","has-post-thumbnail","hentry","category-peintures","tag-acrylique","tag-peintures","tag-pinceau"],"_links":{"self":[{"href":"https:\/\/www.irreel.ch\/blog\/wp-json\/wp\/v2\/posts\/1685","targetHints":{"allow":["GET"]}}],"collection":[{"href":"https:\/\/www.irreel.ch\/blog\/wp-json\/wp\/v2\/posts"}],"about":[{"href":"https:\/\/www.irreel.ch\/blog\/wp-json\/wp\/v2\/types\/post"}],"author":[{"embeddable":true,"href":"https:\/\/www.irreel.ch\/blog\/wp-json\/wp\/v2\/users\/191"}],"replies":[{"embeddable":true,"href":"https:\/\/www.irreel.ch\/blog\/wp-json\/wp\/v2\/comments?post=1685"}],"version-history":[{"count":4,"href":"https:\/\/www.irreel.ch\/blog\/wp-json\/wp\/v2\/posts\/1685\/revisions"}],"predecessor-version":[{"id":5749,"href":"https:\/\/www.irreel.ch\/blog\/wp-json\/wp\/v2\/posts\/1685\/revisions\/5749"}],"wp:featuredmedia":[{"embeddable":true,"href":"https:\/\/www.irreel.ch\/blog\/wp-json\/wp\/v2\/media\/5747"}],"wp:attachment":[{"href":"https:\/\/www.irreel.ch\/blog\/wp-json\/wp\/v2\/media?parent=1685"}],"wp:term":[{"taxonomy":"category","embeddable":true,"href":"https:\/\/www.irreel.ch\/blog\/wp-json\/wp\/v2\/categories?post=1685"},{"taxonomy":"post_tag","embeddable":true,"href":"https:\/\/www.irreel.ch\/blog\/wp-json\/wp\/v2\/tags?post=1685"}],"curies":[{"name":"wp","href":"https:\/\/api.w.org\/{rel}","templated":true}]}}