{"id":1654,"date":"2011-01-03T20:15:31","date_gmt":"2011-01-03T18:15:31","guid":{"rendered":"http:\/\/www.irreel.org\/blog\/?p=1654"},"modified":"2024-10-18T17:27:53","modified_gmt":"2024-10-18T15:27:53","slug":"dessins-de-personnages","status":"publish","type":"post","link":"https:\/\/www.irreel.ch\/blog\/dessins-de-personnages\/","title":{"rendered":"a \/ Dessins de personnages"},"content":{"rendered":"\n<figure class=\"wp-block-image\"><img loading=\"lazy\" decoding=\"async\" width=\"1024\" height=\"482\" src=\"http:\/\/www.irreel.ch\/blog\/wp-content\/uploads\/dessins-personnages-1024x482.jpg\" alt=\"\" class=\"wp-image-5396\" srcset=\"https:\/\/www.irreel.ch\/blog\/wp-content\/uploads\/dessins-personnages-1024x482.jpg 1024w, https:\/\/www.irreel.ch\/blog\/wp-content\/uploads\/dessins-personnages-150x71.jpg 150w, https:\/\/www.irreel.ch\/blog\/wp-content\/uploads\/dessins-personnages-300x141.jpg 300w, https:\/\/www.irreel.ch\/blog\/wp-content\/uploads\/dessins-personnages-768x362.jpg 768w, https:\/\/www.irreel.ch\/blog\/wp-content\/uploads\/dessins-personnages-520x245.jpg 520w, https:\/\/www.irreel.ch\/blog\/wp-content\/uploads\/dessins-personnages-720x340.jpg 720w, https:\/\/www.irreel.ch\/blog\/wp-content\/uploads\/dessins-personnages.jpg 1200w\" sizes=\"auto, (max-width: 1024px) 100vw, 1024px\" \/><figcaption class=\"wp-element-caption\">Dialoguer avec les \u00eatres, les dessiner!<\/figcaption><\/figure>\n\n\n\n<p>Dessins de personnages imaginaires ou d&rsquo;apr\u00e8s mod\u00e8le, \u00e9tudes d&rsquo;\u00eatres vivants!<\/p>\n\n\n\n<figure class=\"wp-block-image\"><img loading=\"lazy\" decoding=\"async\" width=\"200\" height=\"274\" src=\"http:\/\/www.irreel.ch\/blog\/wp-content\/uploads\/esquisse-gris-rose.jpeg\" alt=\"\" class=\"wp-image-5365\" srcset=\"https:\/\/www.irreel.ch\/blog\/wp-content\/uploads\/esquisse-gris-rose.jpeg 200w, https:\/\/www.irreel.ch\/blog\/wp-content\/uploads\/esquisse-gris-rose-109x150.jpeg 109w\" sizes=\"auto, (max-width: 200px) 100vw, 200px\" \/><figcaption class=\"wp-element-caption\">esquisse bleu rose, 36 \/ 47 cm, craie \u00e0 l&rsquo;huile,<\/figcaption><\/figure>\n\n\n\n<figure class=\"wp-block-image\"><img loading=\"lazy\" decoding=\"async\" width=\"218\" height=\"300\" src=\"http:\/\/www.irreel.ch\/blog\/wp-content\/uploads\/pingouin-218x300.gif\" alt=\"\" class=\"wp-image-5313\" srcset=\"https:\/\/www.irreel.ch\/blog\/wp-content\/uploads\/pingouin-218x300.gif 218w, https:\/\/www.irreel.ch\/blog\/wp-content\/uploads\/pingouin-109x150.gif 109w\" sizes=\"auto, (max-width: 218px) 100vw, 218px\" \/><figcaption class=\"wp-element-caption\">\u00e9trange personnage, grand pingouin, se tient droit,&nbsp;va-t-il parler?<\/figcaption><\/figure>\n\n\n\n<figure class=\"wp-block-image\"><img loading=\"lazy\" decoding=\"async\" width=\"300\" height=\"269\" src=\"http:\/\/www.irreel.ch\/blog\/wp-content\/uploads\/rois-mages-300x269.jpg\" alt=\"\" class=\"wp-image-5163\" srcset=\"https:\/\/www.irreel.ch\/blog\/wp-content\/uploads\/rois-mages-300x269.jpg 300w, https:\/\/www.irreel.ch\/blog\/wp-content\/uploads\/rois-mages-150x135.jpg 150w, https:\/\/www.irreel.ch\/blog\/wp-content\/uploads\/rois-mages-768x689.jpg 768w, https:\/\/www.irreel.ch\/blog\/wp-content\/uploads\/rois-mages.jpg 900w\" sizes=\"auto, (max-width: 300px) 100vw, 300px\" \/><figcaption class=\"wp-element-caption\">les rois mages apr\u00e8s l&rsquo;\u00e9toile<\/figcaption><\/figure>\n\n\n\n<figure class=\"wp-block-image\"><img loading=\"lazy\" decoding=\"async\" width=\"160\" height=\"224\" src=\"http:\/\/www.irreel.ch\/blog\/wp-content\/uploads\/associes.gif\" alt=\"\" class=\"wp-image-5337\"\/><figcaption class=\"wp-element-caption\">dialogue<\/figcaption><\/figure>\n\n\n\n<figure class=\"wp-block-image\"><img loading=\"lazy\" decoding=\"async\" width=\"164\" height=\"206\" src=\"http:\/\/www.irreel.ch\/blog\/wp-content\/uploads\/marabout.jpeg\" alt=\"\" class=\"wp-image-5310\" srcset=\"https:\/\/www.irreel.ch\/blog\/wp-content\/uploads\/marabout.jpeg 164w, https:\/\/www.irreel.ch\/blog\/wp-content\/uploads\/marabout-119x150.jpeg 119w\" sizes=\"auto, (max-width: 164px) 100vw, 164px\" \/><figcaption class=\"wp-element-caption\">le marabout va-t-il aussi dialoguer?<\/figcaption><\/figure>\n\n\n\n<p>Voir les articles \u00ab\u00a0dessin de personnages\u00a0\u00bb <a href=\"https:\/\/www.irreel.ch\/blog\/tag\/dessin-de-personnages\/\">https:\/\/www.irreel.ch\/blog\/tag\/dessin-de-personnages\/<\/a><\/p>\n","protected":false},"excerpt":{"rendered":"<p>Dessins de personnages imaginaires ou d&rsquo;apr\u00e8s mod\u00e8le, \u00e9tudes d&rsquo;\u00eatres vivants! Voir les articles \u00ab\u00a0dessin de personnages\u00a0\u00bb https:\/\/www.irreel.ch\/blog\/tag\/dessin-de-personnages\/<\/p>\n","protected":false},"author":191,"featured_media":5396,"comment_status":"open","ping_status":"closed","sticky":false,"template":"","format":"standard","meta":{"sfsi_plus_gutenberg_text_before_share":"","sfsi_plus_gutenberg_show_text_before_share":"","sfsi_plus_gutenberg_icon_type":"","sfsi_plus_gutenberg_icon_alignemt":"","sfsi_plus_gutenburg_max_per_row":"","_EventAllDay":false,"_EventTimezone":"","_EventStartDate":"","_EventEndDate":"","_EventStartDateUTC":"","_EventEndDateUTC":"","_EventShowMap":false,"_EventShowMapLink":false,"_EventURL":"","_EventCost":"","_EventCostDescription":"","_EventCurrencySymbol":"","_EventCurrencyCode":"","_EventCurrencyPosition":"","_EventDateTimeSeparator":"","_EventTimeRangeSeparator":"","_EventOrganizerID":[],"_EventVenueID":[],"_OrganizerEmail":"","_OrganizerPhone":"","_OrganizerWebsite":"","_VenueAddress":"","_VenueCity":"","_VenueCountry":"","_VenueProvince":"","_VenueState":"","_VenueZip":"","_VenuePhone":"","_VenueURL":"","_VenueStateProvince":"","_VenueLat":"","_VenueLng":"","_VenueShowMap":false,"_VenueShowMapLink":false,"footnotes":""},"categories":[31,8],"tags":[217,555,216,214,215,219,218,220],"class_list":["post-1654","post","type-post","status-publish","format-standard","has-post-thumbnail","hentry","category-animal","category-dessin","tag-corps-humains-dessines","tag-dessin-de-personnages","tag-dessins","tag-dessins-a-la-plume","tag-dessins-de-personnages","tag-dessins-du-nu","tag-esquisses","tag-nus-academiques"],"_links":{"self":[{"href":"https:\/\/www.irreel.ch\/blog\/wp-json\/wp\/v2\/posts\/1654","targetHints":{"allow":["GET"]}}],"collection":[{"href":"https:\/\/www.irreel.ch\/blog\/wp-json\/wp\/v2\/posts"}],"about":[{"href":"https:\/\/www.irreel.ch\/blog\/wp-json\/wp\/v2\/types\/post"}],"author":[{"embeddable":true,"href":"https:\/\/www.irreel.ch\/blog\/wp-json\/wp\/v2\/users\/191"}],"replies":[{"embeddable":true,"href":"https:\/\/www.irreel.ch\/blog\/wp-json\/wp\/v2\/comments?post=1654"}],"version-history":[{"count":8,"href":"https:\/\/www.irreel.ch\/blog\/wp-json\/wp\/v2\/posts\/1654\/revisions"}],"predecessor-version":[{"id":7162,"href":"https:\/\/www.irreel.ch\/blog\/wp-json\/wp\/v2\/posts\/1654\/revisions\/7162"}],"wp:featuredmedia":[{"embeddable":true,"href":"https:\/\/www.irreel.ch\/blog\/wp-json\/wp\/v2\/media\/5396"}],"wp:attachment":[{"href":"https:\/\/www.irreel.ch\/blog\/wp-json\/wp\/v2\/media?parent=1654"}],"wp:term":[{"taxonomy":"category","embeddable":true,"href":"https:\/\/www.irreel.ch\/blog\/wp-json\/wp\/v2\/categories?post=1654"},{"taxonomy":"post_tag","embeddable":true,"href":"https:\/\/www.irreel.ch\/blog\/wp-json\/wp\/v2\/tags?post=1654"}],"curies":[{"name":"wp","href":"https:\/\/api.w.org\/{rel}","templated":true}]}}