{"id":1558,"date":"2010-12-20T21:47:35","date_gmt":"2010-12-20T19:47:35","guid":{"rendered":"http:\/\/www.irreel.org\/blog\/?p=1558"},"modified":"2024-10-18T11:39:11","modified_gmt":"2024-10-18T09:39:11","slug":"dessin-darchitecture-carnets-de-voyage","status":"publish","type":"post","link":"https:\/\/www.irreel.ch\/blog\/dessin-darchitecture-carnets-de-voyage\/","title":{"rendered":"a\/ Dessins d&rsquo;architecture"},"content":{"rendered":"\n<figure class=\"wp-block-image\"><img loading=\"lazy\" decoding=\"async\" width=\"1024\" height=\"468\" src=\"http:\/\/www.irreel.ch\/blog\/wp-content\/uploads\/dessins-architectures-1024x468.jpg\" alt=\"\" class=\"wp-image-5479\" srcset=\"https:\/\/www.irreel.ch\/blog\/wp-content\/uploads\/dessins-architectures-1024x468.jpg 1024w, https:\/\/www.irreel.ch\/blog\/wp-content\/uploads\/dessins-architectures-150x69.jpg 150w, https:\/\/www.irreel.ch\/blog\/wp-content\/uploads\/dessins-architectures-300x137.jpg 300w, https:\/\/www.irreel.ch\/blog\/wp-content\/uploads\/dessins-architectures-768x351.jpg 768w, https:\/\/www.irreel.ch\/blog\/wp-content\/uploads\/dessins-architectures.jpg 1200w\" sizes=\"auto, (max-width: 1024px) 100vw, 1024px\" \/><\/figure>\n\n\n\n<p>Dessins d&rsquo;architecture, carnets de voyages, souvenirs de regard.<\/p>\n\n\n\n<figure class=\"wp-block-image\"><img decoding=\"async\" src=\"http:\/\/www.irreel.ch\/blog\/wp-content\/uploads\/benedictus-fundamenti.jpeg\" alt=\"\"\/><figcaption class=\"wp-element-caption\">&nbsp;&nbsp;Benedictus fundamenti, 1986<\/figcaption><\/figure>\n\n\n\n<p>R\u00eaveries de lieux, passages sur la terre, en face d&rsquo;une place, comme un petit th\u00e9\u00e2tre, \u00e9v\u00e9nement pass\u00e9s, lieux imagin\u00e9s. On pense aux personnages qui ont v\u00e9cus \u00e0 diff\u00e9rentes \u00e9poques, sentir sur soi cette richesse du temps pass\u00e9.<\/p>\n\n\n\n<figure class=\"wp-block-image\"><img loading=\"lazy\" decoding=\"async\" width=\"250\" height=\"187\" src=\"http:\/\/www.irreel.ch\/blog\/wp-content\/uploads\/spoleto-1986-1.gif\" alt=\"\" class=\"wp-image-5473\"\/><figcaption class=\"wp-element-caption\">A Spoleto en Italie, belle place<\/figcaption><\/figure>\n\n\n\n<p>Voir les articles \u00e9tiquette : <a href=\"https:\/\/www.irreel.ch\/blog\/tag\/dessin-darchitecture\/\">https:\/\/www.irreel.ch\/blog\/tag\/dessin-darchitecture\/<\/a><\/p>\n\n\n\n<p><\/p>\n","protected":false},"excerpt":{"rendered":"<p>Dessins d&rsquo;architecture, carnets de voyages, souvenirs de regard. R\u00eaveries de lieux, passages sur la terre, en face d&rsquo;une place, comme un petit th\u00e9\u00e2tre, \u00e9v\u00e9nement pass\u00e9s, lieux imagin\u00e9s. On pense aux personnages qui ont v\u00e9cus&#46;&#46;&#46;<\/p>\n","protected":false},"author":191,"featured_media":5479,"comment_status":"open","ping_status":"closed","sticky":false,"template":"","format":"standard","meta":{"sfsi_plus_gutenberg_text_before_share":"","sfsi_plus_gutenberg_show_text_before_share":"","sfsi_plus_gutenberg_icon_type":"","sfsi_plus_gutenberg_icon_alignemt":"","sfsi_plus_gutenburg_max_per_row":"","_EventAllDay":false,"_EventTimezone":"","_EventStartDate":"","_EventEndDate":"","_EventStartDateUTC":"","_EventEndDateUTC":"","_EventShowMap":false,"_EventShowMapLink":false,"_EventURL":"","_EventCost":"","_EventCostDescription":"","_EventCurrencySymbol":"","_EventCurrencyCode":"","_EventCurrencyPosition":"","_EventDateTimeSeparator":"","_EventTimeRangeSeparator":"","_EventOrganizerID":[],"_EventVenueID":[],"_OrganizerEmail":"","_OrganizerPhone":"","_OrganizerWebsite":"","_VenueAddress":"","_VenueCity":"","_VenueCountry":"","_VenueProvince":"","_VenueState":"","_VenueZip":"","_VenuePhone":"","_VenueURL":"","_VenueStateProvince":"","_VenueLat":"","_VenueLng":"","_VenueShowMap":false,"_VenueShowMapLink":false,"footnotes":""},"categories":[8],"tags":[195,510,153,631],"class_list":["post-1558","post","type-post","status-publish","format-standard","has-post-thumbnail","hentry","category-dessin","tag-architecture","tag-dessin","tag-dessin-a-la-plume","tag-dessin-darchitecture"],"_links":{"self":[{"href":"https:\/\/www.irreel.ch\/blog\/wp-json\/wp\/v2\/posts\/1558","targetHints":{"allow":["GET"]}}],"collection":[{"href":"https:\/\/www.irreel.ch\/blog\/wp-json\/wp\/v2\/posts"}],"about":[{"href":"https:\/\/www.irreel.ch\/blog\/wp-json\/wp\/v2\/types\/post"}],"author":[{"embeddable":true,"href":"https:\/\/www.irreel.ch\/blog\/wp-json\/wp\/v2\/users\/191"}],"replies":[{"embeddable":true,"href":"https:\/\/www.irreel.ch\/blog\/wp-json\/wp\/v2\/comments?post=1558"}],"version-history":[{"count":18,"href":"https:\/\/www.irreel.ch\/blog\/wp-json\/wp\/v2\/posts\/1558\/revisions"}],"predecessor-version":[{"id":7157,"href":"https:\/\/www.irreel.ch\/blog\/wp-json\/wp\/v2\/posts\/1558\/revisions\/7157"}],"wp:featuredmedia":[{"embeddable":true,"href":"https:\/\/www.irreel.ch\/blog\/wp-json\/wp\/v2\/media\/5479"}],"wp:attachment":[{"href":"https:\/\/www.irreel.ch\/blog\/wp-json\/wp\/v2\/media?parent=1558"}],"wp:term":[{"taxonomy":"category","embeddable":true,"href":"https:\/\/www.irreel.ch\/blog\/wp-json\/wp\/v2\/categories?post=1558"},{"taxonomy":"post_tag","embeddable":true,"href":"https:\/\/www.irreel.ch\/blog\/wp-json\/wp\/v2\/tags?post=1558"}],"curies":[{"name":"wp","href":"https:\/\/api.w.org\/{rel}","templated":true}]}}