{"id":1553,"date":"2010-12-20T20:46:52","date_gmt":"2010-12-20T18:46:52","guid":{"rendered":"http:\/\/www.irreel.org\/blog\/?p=1553"},"modified":"2019-03-08T16:20:24","modified_gmt":"2019-03-08T14:20:24","slug":"dessin-a-la-plume-paysages-imaginaires","status":"publish","type":"post","link":"https:\/\/www.irreel.ch\/blog\/dessin-a-la-plume-paysages-imaginaires\/","title":{"rendered":"Dessin \u00e0 la plume \/ Paysages imaginaires"},"content":{"rendered":"\n<figure class=\"wp-block-image\"><a href=\"http:\/\/www.irreel.ch\/blog\/wp-content\/uploads\/aube-du-monde-1-1.jpg\"><img loading=\"lazy\" decoding=\"async\" width=\"1024\" height=\"821\" src=\"http:\/\/www.irreel.ch\/blog\/wp-content\/uploads\/aube-du-monde-1-1-1024x821.jpg\" alt=\"\" class=\"wp-image-5493\" srcset=\"https:\/\/www.irreel.ch\/blog\/wp-content\/uploads\/aube-du-monde-1-1-1024x821.jpg 1024w, https:\/\/www.irreel.ch\/blog\/wp-content\/uploads\/aube-du-monde-1-1-150x120.jpg 150w, https:\/\/www.irreel.ch\/blog\/wp-content\/uploads\/aube-du-monde-1-1-300x241.jpg 300w, https:\/\/www.irreel.ch\/blog\/wp-content\/uploads\/aube-du-monde-1-1-768x616.jpg 768w, https:\/\/www.irreel.ch\/blog\/wp-content\/uploads\/aube-du-monde-1-1.jpg 1050w\" sizes=\"auto, (max-width: 1024px) 100vw, 1024px\" \/><\/a><figcaption>Parcours dans les flots qui se retirent, <em>Dessins \u00e0 la plume, arbres et montagnes, r\u00eaveries et promenades,<\/em><\/figcaption><\/figure>\n\n\n\n<figure class=\"wp-block-image\"><img loading=\"lazy\" decoding=\"async\" width=\"1024\" height=\"263\" src=\"http:\/\/www.irreel.ch\/blog\/wp-content\/uploads\/signature-aube-du-monde-1024x263.jpg\" alt=\"\" class=\"wp-image-5494\" srcset=\"https:\/\/www.irreel.ch\/blog\/wp-content\/uploads\/signature-aube-du-monde-1024x263.jpg 1024w, https:\/\/www.irreel.ch\/blog\/wp-content\/uploads\/signature-aube-du-monde-150x39.jpg 150w, https:\/\/www.irreel.ch\/blog\/wp-content\/uploads\/signature-aube-du-monde-300x77.jpg 300w, https:\/\/www.irreel.ch\/blog\/wp-content\/uploads\/signature-aube-du-monde-768x197.jpg 768w, https:\/\/www.irreel.ch\/blog\/wp-content\/uploads\/signature-aube-du-monde.jpg 1043w\" sizes=\"auto, (max-width: 1024px) 100vw, 1024px\" \/><figcaption>\u00e9lan de vie, flots<\/figcaption><\/figure>\n\n\n\n<p>Dessins aussi au pinceau encr\u00e9, imagination des formes dansantes et paysageantes. Dessins de paysages imaginaires \u00e0 la plume.<\/p>\n\n\n\n<p>&nbsp;Aube du monde, les formes encore imparfaites s&rsquo;\u00e9battaient dans leur \u00e9lan de vie, cherchant \u00e0 se d\u00e9terminer mais le craignant comme la mort. Signature.<br>&nbsp;Aube du monde, envol des formes naissantes, encre au pinceau sec sur papier japon.<\/p>\n","protected":false},"excerpt":{"rendered":"<p>Dessins aussi au pinceau encr\u00e9, imagination des formes dansantes et paysageantes. Dessins de paysages imaginaires \u00e0 la plume. &nbsp;Aube du monde, les formes encore imparfaites s&rsquo;\u00e9battaient dans leur \u00e9lan de vie, cherchant \u00e0 se&#46;&#46;&#46;<\/p>\n","protected":false},"author":191,"featured_media":3892,"comment_status":"open","ping_status":"closed","sticky":false,"template":"","format":"standard","meta":{"sfsi_plus_gutenberg_text_before_share":"","sfsi_plus_gutenberg_show_text_before_share":"","sfsi_plus_gutenberg_icon_type":"","sfsi_plus_gutenberg_icon_alignemt":"","sfsi_plus_gutenburg_max_per_row":"","_EventAllDay":false,"_EventTimezone":"","_EventStartDate":"","_EventEndDate":"","_EventStartDateUTC":"","_EventEndDateUTC":"","_EventShowMap":false,"_EventShowMapLink":false,"_EventURL":"","_EventCost":"","_EventCostDescription":"","_EventCurrencySymbol":"","_EventCurrencyCode":"","_EventCurrencyPosition":"","_EventDateTimeSeparator":"","_EventTimeRangeSeparator":"","_EventOrganizerID":[],"_EventVenueID":[],"_OrganizerEmail":"","_OrganizerPhone":"","_OrganizerWebsite":"","_VenueAddress":"","_VenueCity":"","_VenueCountry":"","_VenueProvince":"","_VenueState":"","_VenueZip":"","_VenuePhone":"","_VenueURL":"","_VenueStateProvince":"","_VenueLat":"","_VenueLng":"","_VenueShowMap":false,"_VenueShowMapLink":false,"footnotes":""},"categories":[8],"tags":[153,429,134],"class_list":["post-1553","post","type-post","status-publish","format-standard","has-post-thumbnail","hentry","category-dessin","tag-dessin-a-la-plume","tag-dessin-de-paysage","tag-paysage"],"_links":{"self":[{"href":"https:\/\/www.irreel.ch\/blog\/wp-json\/wp\/v2\/posts\/1553","targetHints":{"allow":["GET"]}}],"collection":[{"href":"https:\/\/www.irreel.ch\/blog\/wp-json\/wp\/v2\/posts"}],"about":[{"href":"https:\/\/www.irreel.ch\/blog\/wp-json\/wp\/v2\/types\/post"}],"author":[{"embeddable":true,"href":"https:\/\/www.irreel.ch\/blog\/wp-json\/wp\/v2\/users\/191"}],"replies":[{"embeddable":true,"href":"https:\/\/www.irreel.ch\/blog\/wp-json\/wp\/v2\/comments?post=1553"}],"version-history":[{"count":4,"href":"https:\/\/www.irreel.ch\/blog\/wp-json\/wp\/v2\/posts\/1553\/revisions"}],"predecessor-version":[{"id":5495,"href":"https:\/\/www.irreel.ch\/blog\/wp-json\/wp\/v2\/posts\/1553\/revisions\/5495"}],"wp:featuredmedia":[{"embeddable":true,"href":"https:\/\/www.irreel.ch\/blog\/wp-json\/wp\/v2\/media\/3892"}],"wp:attachment":[{"href":"https:\/\/www.irreel.ch\/blog\/wp-json\/wp\/v2\/media?parent=1553"}],"wp:term":[{"taxonomy":"category","embeddable":true,"href":"https:\/\/www.irreel.ch\/blog\/wp-json\/wp\/v2\/categories?post=1553"},{"taxonomy":"post_tag","embeddable":true,"href":"https:\/\/www.irreel.ch\/blog\/wp-json\/wp\/v2\/tags?post=1553"}],"curies":[{"name":"wp","href":"https:\/\/api.w.org\/{rel}","templated":true}]}}