{"id":1485,"date":"2010-12-20T11:06:39","date_gmt":"2010-12-20T09:06:39","guid":{"rendered":"http:\/\/www.irreel.org\/blog\/?p=1485"},"modified":"2019-03-09T19:55:08","modified_gmt":"2019-03-09T17:55:08","slug":"2002-renard-bleu-regards-en-soi","status":"publish","type":"post","link":"https:\/\/www.irreel.ch\/blog\/2002-renard-bleu-regards-en-soi\/","title":{"rendered":"2002 Renard Bleu \/ regards en soi"},"content":{"rendered":"\n<p>Exposition Renard bleu mai 2002, \u00e0 Cugy : \u00e9tranges sensations<br>Regards en dehors, regards en soi : l\u2019\u00e9t\u00e9<br><\/p>\n\n\n\n<p>dis l&rsquo;indicible,&nbsp;lumi\u00e8res glissantes va<\/p>\n\n\n\n<figure class=\"wp-block-image\"><img loading=\"lazy\" decoding=\"async\" width=\"300\" height=\"222\" src=\"http:\/\/www.irreel.ch\/blog\/wp-content\/uploads\/rose-bleu_Fotor-300x222.jpg\" alt=\"\" class=\"wp-image-5668\" srcset=\"https:\/\/www.irreel.ch\/blog\/wp-content\/uploads\/rose-bleu_Fotor-300x222.jpg 300w, https:\/\/www.irreel.ch\/blog\/wp-content\/uploads\/rose-bleu_Fotor-150x111.jpg 150w, https:\/\/www.irreel.ch\/blog\/wp-content\/uploads\/rose-bleu_Fotor-768x567.jpg 768w, https:\/\/www.irreel.ch\/blog\/wp-content\/uploads\/rose-bleu_Fotor.jpg 800w\" sizes=\"auto, (max-width: 300px) 100vw, 300px\" \/><figcaption>chaleur, lumi\u00e8res, sable, huile sur panneau<br><\/figcaption><\/figure>\n\n\n\n<figure class=\"wp-block-image\"><img loading=\"lazy\" decoding=\"async\" width=\"217\" height=\"300\" src=\"http:\/\/www.irreel.ch\/blog\/wp-content\/uploads\/extrait-espace-jaune-217x300.jpg\" alt=\"\" class=\"wp-image-5671\" srcset=\"https:\/\/www.irreel.ch\/blog\/wp-content\/uploads\/extrait-espace-jaune-217x300.jpg 217w, https:\/\/www.irreel.ch\/blog\/wp-content\/uploads\/extrait-espace-jaune-108x150.jpg 108w, https:\/\/www.irreel.ch\/blog\/wp-content\/uploads\/extrait-espace-jaune.jpg 608w\" sizes=\"auto, (max-width: 217px) 100vw, 217px\" \/><figcaption>teintes dans la montagne, extrait, pastel et aquarelle sur papier<\/figcaption><\/figure>\n\n\n\n<figure class=\"wp-block-image\"><img loading=\"lazy\" decoding=\"async\" width=\"300\" height=\"136\" src=\"http:\/\/www.irreel.ch\/blog\/wp-content\/uploads\/etres-dans-le-bleu-300x136.jpg\" alt=\"\" class=\"wp-image-5673\" srcset=\"https:\/\/www.irreel.ch\/blog\/wp-content\/uploads\/etres-dans-le-bleu-300x136.jpg 300w, https:\/\/www.irreel.ch\/blog\/wp-content\/uploads\/etres-dans-le-bleu-150x68.jpg 150w, https:\/\/www.irreel.ch\/blog\/wp-content\/uploads\/etres-dans-le-bleu-768x348.jpg 768w, https:\/\/www.irreel.ch\/blog\/wp-content\/uploads\/etres-dans-le-bleu.jpg 841w\" sizes=\"auto, (max-width: 300px) 100vw, 300px\" \/><figcaption>\u00eatres dans le bleu, cach\u00e9s ou se mouvant<\/figcaption><\/figure>\n\n\n\n<figure class=\"wp-block-image\"><img loading=\"lazy\" decoding=\"async\" width=\"300\" height=\"133\" src=\"http:\/\/www.irreel.ch\/blog\/wp-content\/uploads\/formes-noires-et-bleues-300x133.jpg\" alt=\"\" class=\"wp-image-5672\" srcset=\"https:\/\/www.irreel.ch\/blog\/wp-content\/uploads\/formes-noires-et-bleues-300x133.jpg 300w, https:\/\/www.irreel.ch\/blog\/wp-content\/uploads\/formes-noires-et-bleues-150x66.jpg 150w, https:\/\/www.irreel.ch\/blog\/wp-content\/uploads\/formes-noires-et-bleues-768x340.jpg 768w, https:\/\/www.irreel.ch\/blog\/wp-content\/uploads\/formes-noires-et-bleues.jpg 841w\" sizes=\"auto, (max-width: 300px) 100vw, 300px\" \/><figcaption>formes noires et bleues<\/figcaption><\/figure>\n\n\n\n<p>Liste des oeuvres expos\u00e9es:<\/p>\n\n\n\n<p>1\/ lettres dans le brouillard<br>2\/ dessins sur une vitre givr\u00e9e devant un paysage vert<br>3\/ marques dans l\u2019air des mouvements exub\u00e9rants de deux danseurs<br>4\/ poissons et v\u00e9g\u00e9taux fossilis\u00e9s<br>5\/ le dragon est cach\u00e9 dans le bois<br>6\/ \u00e9trange sensation, barri\u00e8res en bois, patur\u00e2ges, neige, colorations d\u00fbes au soleil, le lac de Joux,<br>7\/ vert, bleu, promenade, esp\u00e9rance, fra\u00eecheur<br>8\/ tr\u00e9sors engloutis, gravures sur la pierre sous l\u2019eau<br>9\/ promenade au Maroc, chaleur<br>10\/ \u00e9critures \u00e9tranges au doigt sur la roche d\u2019argile rouge<br>11\/ maisons troglodites creus\u00e9es dans des roches tr\u00e8s claires, des l\u00e9zards et quelques asphod\u00e8les grimpant au chaud sur la fa\u00e7ade,<br>12\/ temp\u00eates au bord de l\u2019eau, un peu de lumi\u00e8re blanche au loin,<br>13\/ l\u2019atmosph\u00e8re de la plan\u00eate Saturne a des teintes un peu \u00e9tranges<br>14\/ une prairie sablonneuse,<br>15\/ ces champs ensoleill\u00e9s de Provence sont pleins de lumi\u00e8re, j\u2019aime m\u2019y promener, m\u00eame si j\u2019y suis un peu \u00e9bloui, la chaleur de l\u2019\u00e9t\u00e9<br>16\/ l\u2019\u00e9t\u00e9, il y des chardons, des bourdons, des herbes s\u00e8ches, des petits fruits d\u00e9licieux sur les collines,<br>17\/ jeux d\u2019enfants sur le sable de la plage, un peu d\u2019herbe tendre<br>18\/ deux petits et un grand poissons dans un cours d\u2019eau de for\u00eat<br>19\/ petit mammouth aper\u00e7u dans la for\u00eat<br>20\/ renard des glaces, guettant une famille de souris sauteuses<br>21\/ roches de couleur chaudes, difficiles \u00e0 grimper<br>22\/ teintes chaleureuses de la colline, herbes s\u00e8ches, roches rouges<br>23\/ jeux de lumi\u00e8re, bleu, vert<br>24\/ animal au pelage jaune, pos\u00e9 sur des rochers<br>25\/ chaleur, lumi\u00e8re, sable, plaisir du sable<br>26\/ jardin d\u2019ornement, plan d\u2019eau<br>27\/ vignobles, branches s\u00e8ches, dessins de broussailles<br>28\/ grand poisson dans l\u2019eau<br>29\/ v\u00e9g\u00e9taux isol\u00e9s<br>30\/promenade dans la for\u00eat, petits fragments<br>31\/ promenade dans la for\u00eat, petits fragments<br>32\/ promenade dans la for\u00eat, petits fragments<br>33\/ promenade dans la for\u00eat, petits fragments<br>34\/ coin d\u2019un jardin, fra\u00eecheur, mousses, grands cailloux, cachette du h\u00e9risson<br>35\/ impression de chaleur, lumi\u00e8re \u00e9blouissante<br>36\/ fragments de promenade estivale<br>37\/ fragments de promenade estivale<br>38\/ fragments de promenade estivale<br>39\/ paysage valaisan, marche dans la montagne<\/p>\n","protected":false},"excerpt":{"rendered":"<p>Exposition Renard bleu mai 2002, \u00e0 Cugy : \u00e9tranges sensationsRegards en dehors, regards en soi : l\u2019\u00e9t\u00e9 dis l&rsquo;indicible,&nbsp;lumi\u00e8res glissantes va Liste des oeuvres expos\u00e9es: 1\/ lettres dans le brouillard2\/ dessins sur une vitre&#46;&#46;&#46;<\/p>\n","protected":false},"author":191,"featured_media":5668,"comment_status":"open","ping_status":"closed","sticky":false,"template":"","format":"standard","meta":{"sfsi_plus_gutenberg_text_before_share":"","sfsi_plus_gutenberg_show_text_before_share":"","sfsi_plus_gutenberg_icon_type":"","sfsi_plus_gutenberg_icon_alignemt":"","sfsi_plus_gutenburg_max_per_row":"","_EventAllDay":false,"_EventTimezone":"","_EventStartDate":"","_EventEndDate":"","_EventStartDateUTC":"","_EventEndDateUTC":"","_EventShowMap":false,"_EventShowMapLink":false,"_EventURL":"","_EventCost":"","_EventCostDescription":"","_EventCurrencySymbol":"","_EventCurrencyCode":"","_EventCurrencyPosition":"","_EventDateTimeSeparator":"","_EventTimeRangeSeparator":"","_EventOrganizerID":[],"_EventVenueID":[],"_OrganizerEmail":"","_OrganizerPhone":"","_OrganizerWebsite":"","_VenueAddress":"","_VenueCity":"","_VenueCountry":"","_VenueProvince":"","_VenueState":"","_VenueZip":"","_VenuePhone":"","_VenueURL":"","_VenueStateProvince":"","_VenueLat":"","_VenueLng":"","_VenueShowMap":false,"_VenueShowMapLink":false,"footnotes":""},"categories":[168],"tags":[547,45],"class_list":["post-1485","post","type-post","status-publish","format-standard","has-post-thumbnail","hentry","category-exposition","tag-exposition","tag-regard"],"_links":{"self":[{"href":"https:\/\/www.irreel.ch\/blog\/wp-json\/wp\/v2\/posts\/1485","targetHints":{"allow":["GET"]}}],"collection":[{"href":"https:\/\/www.irreel.ch\/blog\/wp-json\/wp\/v2\/posts"}],"about":[{"href":"https:\/\/www.irreel.ch\/blog\/wp-json\/wp\/v2\/types\/post"}],"author":[{"embeddable":true,"href":"https:\/\/www.irreel.ch\/blog\/wp-json\/wp\/v2\/users\/191"}],"replies":[{"embeddable":true,"href":"https:\/\/www.irreel.ch\/blog\/wp-json\/wp\/v2\/comments?post=1485"}],"version-history":[{"count":5,"href":"https:\/\/www.irreel.ch\/blog\/wp-json\/wp\/v2\/posts\/1485\/revisions"}],"predecessor-version":[{"id":5674,"href":"https:\/\/www.irreel.ch\/blog\/wp-json\/wp\/v2\/posts\/1485\/revisions\/5674"}],"wp:featuredmedia":[{"embeddable":true,"href":"https:\/\/www.irreel.ch\/blog\/wp-json\/wp\/v2\/media\/5668"}],"wp:attachment":[{"href":"https:\/\/www.irreel.ch\/blog\/wp-json\/wp\/v2\/media?parent=1485"}],"wp:term":[{"taxonomy":"category","embeddable":true,"href":"https:\/\/www.irreel.ch\/blog\/wp-json\/wp\/v2\/categories?post=1485"},{"taxonomy":"post_tag","embeddable":true,"href":"https:\/\/www.irreel.ch\/blog\/wp-json\/wp\/v2\/tags?post=1485"}],"curies":[{"name":"wp","href":"https:\/\/api.w.org\/{rel}","templated":true}]}}