{"id":1436,"date":"2010-12-19T09:32:55","date_gmt":"2010-12-19T07:32:55","guid":{"rendered":"http:\/\/www.irreel.org\/blog\/?p=1436"},"modified":"2020-05-11T19:17:14","modified_gmt":"2020-05-11T17:17:14","slug":"1983-exposition-dorigny-la-sylphide","status":"publish","type":"post","link":"https:\/\/www.irreel.ch\/blog\/1983-exposition-dorigny-la-sylphide\/","title":{"rendered":"1983 Exposition \/ Dorigny, la Sylphide"},"content":{"rendered":"\n<div class=\"wp-block-image\"><figure class=\"aligncenter\"><img loading=\"lazy\" decoding=\"async\" width=\"238\" height=\"328\" src=\"http:\/\/www.irreel.ch\/blog\/wp-content\/uploads\/la-sylphide-1.jpg\" alt=\"\" class=\"wp-image-5213\" srcset=\"https:\/\/www.irreel.ch\/blog\/wp-content\/uploads\/la-sylphide-1.jpg 238w, https:\/\/www.irreel.ch\/blog\/wp-content\/uploads\/la-sylphide-1-109x150.jpg 109w, https:\/\/www.irreel.ch\/blog\/wp-content\/uploads\/la-sylphide-1-218x300.jpg 218w\" sizes=\"auto, (max-width: 238px) 100vw, 238px\" \/><figcaption>La sylphide 1982 collage 210\/295<\/figcaption><\/figure><\/div>\n\n\n\n<p>Exposition Dorigny 1983: la sylphide<\/p>\n\n\n\n<figure class=\"wp-block-image\"><a href=\"http:\/\/www.irreel.ch\/blog\/wp-content\/uploads\/sylphide.jpg\"><img loading=\"lazy\" decoding=\"async\" width=\"1002\" height=\"707\" src=\"http:\/\/www.irreel.ch\/blog\/wp-content\/uploads\/sylphide.jpg\" alt=\"\" class=\"wp-image-5710\" srcset=\"https:\/\/www.irreel.ch\/blog\/wp-content\/uploads\/sylphide.jpg 1002w, https:\/\/www.irreel.ch\/blog\/wp-content\/uploads\/sylphide-150x106.jpg 150w, https:\/\/www.irreel.ch\/blog\/wp-content\/uploads\/sylphide-300x212.jpg 300w, https:\/\/www.irreel.ch\/blog\/wp-content\/uploads\/sylphide-768x542.jpg 768w\" sizes=\"auto, (max-width: 1002px) 100vw, 1002px\" \/><\/a><figcaption>Papillon de l&rsquo;exposition 1983 Dorigny: La sylphide<\/figcaption><\/figure>\n\n\n\n<p>LA COMMISSION <br>DES AFFAIRES SOCIO-CULTURELLES DE L&rsquo;UNIVERSITE DE LAUSANNE <br>A LE PLAISIR DE VOUS CONVIER AU VERNISSAGE DE L&rsquo;EXPOSITION DE <br>DANIEL THOMAS <br>mardi 17 mai 1983, d\u00e8s 17 heures <br>AU COLLEGE PROPEDEUTIQUE, DORIGNY (Hall-niveau 3) <br>L&rsquo;exposition a lieu du 17 mai au 3 juin 1983, du lundi au vendredi, de 8 heures \u00e0 18 heures.<\/p>\n\n\n\n<p>(curriculum de 1983)<\/p>\n\n\n\n<p>N\u00e9 en 1959 \u00e0 Lausanne<br>Etudes classiques \u00e0 Lausanne jusqu&rsquo;en 1984<br>Etudes d&rsquo;orgue \u00e0 Lausanne, puis fonction d&rsquo;organiste paroissial \u00e0 l&rsquo;Abbaye de Montheron et \u00e0 l&rsquo;\u00e9glise de Morrens, d\u00e8s 1980<br>Pratique constante du dessin, de la peinture, du barbouillage et du collage d\u00e8s 1974<br>S\u00e9jour d&rsquo;\u00e9tudes de huit mois \u00e0 Londres (1980-1981) pour le grec et la peinture, gr\u00e2ce \u00e0 une bourse<br>Depuis 1975 environ, est tr\u00e8s attach\u00e9 aux bois du Jorat, un des sujets de ses peintures.<\/p>\n\n\n\n<figure class=\"wp-block-image\"><img loading=\"lazy\" decoding=\"async\" width=\"1024\" height=\"722\" src=\"http:\/\/www.irreel.ch\/blog\/wp-content\/uploads\/le-sous-bois-1-1024x722.jpg\" alt=\"\" class=\"wp-image-5250\" srcset=\"https:\/\/www.irreel.ch\/blog\/wp-content\/uploads\/le-sous-bois-1-1024x722.jpg 1024w, https:\/\/www.irreel.ch\/blog\/wp-content\/uploads\/le-sous-bois-1-150x106.jpg 150w, https:\/\/www.irreel.ch\/blog\/wp-content\/uploads\/le-sous-bois-1-300x212.jpg 300w, https:\/\/www.irreel.ch\/blog\/wp-content\/uploads\/le-sous-bois-1-768x542.jpg 768w, https:\/\/www.irreel.ch\/blog\/wp-content\/uploads\/le-sous-bois-1.jpg 1059w\" sizes=\"auto, (max-width: 1024px) 100vw, 1024px\" \/><figcaption>Le sous-bois 1981 monotype 210\/295<\/figcaption><\/figure>\n\n\n\n<div class=\"wp-block-image\"><figure class=\"aligncenter\"><a href=\"https:\/\/www.irreel.ch\/blog\/dessin-crayon-paysage-bois-du-jorat\/\"><img loading=\"lazy\" decoding=\"async\" width=\"300\" height=\"239\" src=\"http:\/\/www.irreel.ch\/blog\/wp-content\/uploads\/bois-du-jorat-1-300x239.jpg\" alt=\"\" class=\"wp-image-5332\" srcset=\"https:\/\/www.irreel.ch\/blog\/wp-content\/uploads\/bois-du-jorat-1-300x239.jpg 300w, https:\/\/www.irreel.ch\/blog\/wp-content\/uploads\/bois-du-jorat-1-150x120.jpg 150w, https:\/\/www.irreel.ch\/blog\/wp-content\/uploads\/bois-du-jorat-1-768x612.jpg 768w, https:\/\/www.irreel.ch\/blog\/wp-content\/uploads\/bois-du-jorat-1-1024x816.jpg 1024w, https:\/\/www.irreel.ch\/blog\/wp-content\/uploads\/bois-du-jorat-1.jpg 1079w\" sizes=\"auto, (max-width: 300px) 100vw, 300px\" \/><\/a><figcaption>Bois du Jorat 1978 mine de plomb 155\/198<\/figcaption><\/figure><\/div>\n\n\n\n<div class=\"wp-block-image\"><figure class=\"aligncenter\"><img loading=\"lazy\" decoding=\"async\" width=\"194\" height=\"386\" src=\"http:\/\/www.irreel.ch\/blog\/wp-content\/uploads\/fourre-hetre.gif\" alt=\"\" class=\"wp-image-5410\"\/><figcaption>Fourr\u00e9s de h\u00eatres 1982 huile 300\/600<\/figcaption><\/figure><\/div>\n\n\n\n<div><span style=\"font-size: x-small;\">Daniel Thomas<\/span><\/div>\n\n\n\n<div>\n<p>Liste des oeuvres<br>1. For\u00eat d&rsquo;ici 1982 collage 295\/420<br>2. For\u00eat d&rsquo;ailleurs 1983 collage 295\/430<br>3. Olivaie 1982 collage 300\/400<br>4. Buissons et lianes 1983 collage 295\/420<br>5. La sylphide 1982 collage 210\/295<br>6. Les buissons dans les rochers 1982 collage 210\/295<br>7. Branchages 1983 crayon 210\/295<br>8. Fourr\u00e9s de h\u00eatres 1982 huile 300\/600<br>9. En descendant la Paud\u00e8ze 1983 huile 240\/330<br>10. Le pommier 1982 huile 240\/300<br>11. Haute futaie 1982 huile 330\/550<br>12. Broussailles et taillis 1982 huile 400\/510<br>13. Le h\u00eatre 1983 huile 240\/420<br>14. Le vieux poirier 1983 huile 240\/330<br>15. L&rsquo;\u00e9cureuil 1980 aquarelle 210\/295<br>16. Le talus et la pierre 1980 aquarelle 145\/218<br>17. Bois du Jorat 1978 mine de plomb 155\/198<br>18. Le bois de l&rsquo;automne 1981 monotype 210\/295<br>19. L&rsquo;arbre blanc 1980 aquarelle 210\/295<br>20. Le sous-bois 1981 monotype 210\/295<br>21. Mousse et molasse 1981 huile sur papier 210\/295<br>22. La baleine pr\u00e8s de l&rsquo;\u00eele bois\u00e9e 1983 huile sur papier 105\/295<br>23. Fourr\u00e9s montants 1982 huile 180\/240<br>24. Arbre d&rsquo;ici 1983 huile 240\/330<br>25. Arbre d&rsquo;ailleurs 1983 huile 240\/330<br>26. Arbre sec et \u00e9pineux 1983 huile 270\/360<br>27. Haut perchis a\u00e9r\u00e9 1982 huile 300\/600<br>28. Les buis de Sylphirie 1983 huile 270\/410<br>29. Le chemin pr\u00e8s de l&rsquo;\u00e9tang 1982 huile 180\/240<br>30. Entrelacs feuillus 1982 huile 215\/615<\/p>\n<\/div>\n","protected":false},"excerpt":{"rendered":"<p>Exposition Dorigny 1983: la sylphide LA COMMISSION DES AFFAIRES SOCIO-CULTURELLES DE L&rsquo;UNIVERSITE DE LAUSANNE A LE PLAISIR DE VOUS CONVIER AU VERNISSAGE DE L&rsquo;EXPOSITION DE DANIEL THOMAS mardi 17 mai 1983, d\u00e8s 17 heures&#46;&#46;&#46;<\/p>\n","protected":false},"author":191,"featured_media":5213,"comment_status":"open","ping_status":"closed","sticky":false,"template":"","format":"standard","meta":{"sfsi_plus_gutenberg_text_before_share":"","sfsi_plus_gutenberg_show_text_before_share":"","sfsi_plus_gutenberg_icon_type":"","sfsi_plus_gutenberg_icon_alignemt":"","sfsi_plus_gutenburg_max_per_row":"","_EventAllDay":false,"_EventTimezone":"","_EventStartDate":"","_EventEndDate":"","_EventStartDateUTC":"","_EventEndDateUTC":"","_EventShowMap":false,"_EventShowMapLink":false,"_EventURL":"","_EventCost":"","_EventCostDescription":"","_EventCurrencySymbol":"","_EventCurrencyCode":"","_EventCurrencyPosition":"","_EventDateTimeSeparator":"","_EventTimeRangeSeparator":"","_EventOrganizerID":[],"_EventVenueID":[],"_OrganizerEmail":"","_OrganizerPhone":"","_OrganizerWebsite":"","_VenueAddress":"","_VenueCity":"","_VenueCountry":"","_VenueProvince":"","_VenueState":"","_VenueZip":"","_VenuePhone":"","_VenueURL":"","_VenueStateProvince":"","_VenueLat":"","_VenueLng":"","_VenueShowMap":false,"_VenueShowMapLink":false,"footnotes":""},"categories":[168],"tags":[547],"class_list":["post-1436","post","type-post","status-publish","format-standard","has-post-thumbnail","hentry","category-exposition","tag-exposition"],"_links":{"self":[{"href":"https:\/\/www.irreel.ch\/blog\/wp-json\/wp\/v2\/posts\/1436","targetHints":{"allow":["GET"]}}],"collection":[{"href":"https:\/\/www.irreel.ch\/blog\/wp-json\/wp\/v2\/posts"}],"about":[{"href":"https:\/\/www.irreel.ch\/blog\/wp-json\/wp\/v2\/types\/post"}],"author":[{"embeddable":true,"href":"https:\/\/www.irreel.ch\/blog\/wp-json\/wp\/v2\/users\/191"}],"replies":[{"embeddable":true,"href":"https:\/\/www.irreel.ch\/blog\/wp-json\/wp\/v2\/comments?post=1436"}],"version-history":[{"count":6,"href":"https:\/\/www.irreel.ch\/blog\/wp-json\/wp\/v2\/posts\/1436\/revisions"}],"predecessor-version":[{"id":6671,"href":"https:\/\/www.irreel.ch\/blog\/wp-json\/wp\/v2\/posts\/1436\/revisions\/6671"}],"wp:featuredmedia":[{"embeddable":true,"href":"https:\/\/www.irreel.ch\/blog\/wp-json\/wp\/v2\/media\/5213"}],"wp:attachment":[{"href":"https:\/\/www.irreel.ch\/blog\/wp-json\/wp\/v2\/media?parent=1436"}],"wp:term":[{"taxonomy":"category","embeddable":true,"href":"https:\/\/www.irreel.ch\/blog\/wp-json\/wp\/v2\/categories?post=1436"},{"taxonomy":"post_tag","embeddable":true,"href":"https:\/\/www.irreel.ch\/blog\/wp-json\/wp\/v2\/tags?post=1436"}],"curies":[{"name":"wp","href":"https:\/\/api.w.org\/{rel}","templated":true}]}}