{"id":1428,"date":"2010-12-19T06:44:28","date_gmt":"2010-12-19T04:44:28","guid":{"rendered":"http:\/\/www.irreel.org\/blog\/?p=1428"},"modified":"2022-12-15T11:58:46","modified_gmt":"2022-12-15T10:58:46","slug":"symphonie-le-lac-leman","status":"publish","type":"post","link":"https:\/\/www.irreel.ch\/blog\/symphonie-le-lac-leman\/","title":{"rendered":"Esquisse symphonique \/ Le Lac L\u00e9man"},"content":{"rendered":"\n<figure class=\"wp-block-image size-large\"><img loading=\"lazy\" decoding=\"async\" width=\"642\" height=\"468\" src=\"http:\/\/www.irreel.ch\/blog\/wp-content\/uploads\/lac-leman-plage2-1.jpg\" alt=\"\" class=\"wp-image-6241\" srcset=\"https:\/\/www.irreel.ch\/blog\/wp-content\/uploads\/lac-leman-plage2-1.jpg 642w, https:\/\/www.irreel.ch\/blog\/wp-content\/uploads\/lac-leman-plage2-1-300x219.jpg 300w, https:\/\/www.irreel.ch\/blog\/wp-content\/uploads\/lac-leman-plage2-1-150x109.jpg 150w\" sizes=\"auto, (max-width: 642px) 100vw, 642px\" \/><\/figure>\n\n\n\n<p><span style=\"font-size: large;\">Esquisse symphonique, <\/span><span style=\"color: #339999; font-size: large;\">Le Lac L\u00e9man<\/span><span style=\"font-size: large;\">,<\/span> <span style=\"font-size: small;\">pour orchestre symphonique<\/span>, en trois mouvements <\/p>\n\n\n\n<p><span style=\"color: #2AA27C;\">premier mouvement \/ passage des oiseaux, jeux d&rsquo;enfants sur la plage<\/span><\/p>\n\n\n\n<figure class=\"wp-block-image size-large\"><img loading=\"lazy\" decoding=\"async\" width=\"686\" height=\"959\" src=\"http:\/\/www.irreel.ch\/blog\/wp-content\/uploads\/symphonie-leman.gif\" alt=\"\" class=\"wp-image-6244\"\/><\/figure>\n\n\n\n<p><span style=\"color: #2A8EA2;\">2\u00e8me mouvement r\u00eaverie en barque, myst\u00e8re sur les eaux<\/span><\/p>\n\n\n\n<p><span style=\"color: #9999cc; font-size: medium;\"> 3\u00e8me mouvement: le soleil sur les vagues, reflets changeants.<\/span><\/p>\n\n\n\n<figure class=\"wp-block-image size-large\"><img loading=\"lazy\" decoding=\"async\" width=\"536\" height=\"780\" src=\"http:\/\/www.irreel.ch\/blog\/wp-content\/uploads\/symphonie-leman2.gif\" alt=\"\" class=\"wp-image-6245\"\/><\/figure>\n\n\n\n<iframe loading=\"lazy\" width=\"100%\" height=\"794\" src=\"https:\/\/musescore.com\/user\/2300906\/scores\/6032831\/embed\" frameborder=\"0\" allowfullscreen=\"\" allow=\"autoplay; fullscreen\"><\/iframe>\n<span><a href=\"https:\/\/musescore.com\/user\/2300906\/scores\/6032831\/s\/0Umjug\" target=\"_blank\" rel=\"noopener noreferrer\">Esquisse symphonique Le lac L\u00e9man<\/a> by <a href=\"https:\/\/musescore.com\/polymusicien\">polymusicien<\/a><\/span>\n\n\n\n<p><span style=\"color: #9999cc; font-size: medium;\"><\/span><\/p>\n","protected":false},"excerpt":{"rendered":"<p>Esquisse symphonique, Le Lac L\u00e9man, pour orchestre symphonique, en trois mouvements premier mouvement \/ passage des oiseaux, jeux d&rsquo;enfants sur la plage 2\u00e8me mouvement r\u00eaverie en barque, myst\u00e8re sur les eaux 3\u00e8me mouvement: le&#46;&#46;&#46;<\/p>\n","protected":false},"author":191,"featured_media":6241,"comment_status":"open","ping_status":"closed","sticky":false,"template":"","format":"standard","meta":{"sfsi_plus_gutenberg_text_before_share":"","sfsi_plus_gutenberg_show_text_before_share":"","sfsi_plus_gutenberg_icon_type":"","sfsi_plus_gutenberg_icon_alignemt":"","sfsi_plus_gutenburg_max_per_row":"","_EventAllDay":false,"_EventTimezone":"","_EventStartDate":"","_EventEndDate":"","_EventStartDateUTC":"","_EventEndDateUTC":"","_EventShowMap":false,"_EventShowMapLink":false,"_EventURL":"","_EventCost":"","_EventCostDescription":"","_EventCurrencySymbol":"","_EventCurrencyCode":"","_EventCurrencyPosition":"","_EventDateTimeSeparator":"","_EventTimeRangeSeparator":"","_EventOrganizerID":[],"_EventVenueID":[],"_OrganizerEmail":"","_OrganizerPhone":"","_OrganizerWebsite":"","_VenueAddress":"","_VenueCity":"","_VenueCountry":"","_VenueProvince":"","_VenueState":"","_VenueZip":"","_VenuePhone":"","_VenueURL":"","_VenueStateProvince":"","_VenueLat":"","_VenueLng":"","_VenueShowMap":false,"_VenueShowMapLink":false,"footnotes":""},"categories":[50,183],"tags":[189,551,188],"class_list":["post-1428","post","type-post","status-publish","format-standard","has-post-thumbnail","hentry","category-composition","category-orchestre","tag-lac","tag-orchestre","tag-symphonie"],"_links":{"self":[{"href":"https:\/\/www.irreel.ch\/blog\/wp-json\/wp\/v2\/posts\/1428","targetHints":{"allow":["GET"]}}],"collection":[{"href":"https:\/\/www.irreel.ch\/blog\/wp-json\/wp\/v2\/posts"}],"about":[{"href":"https:\/\/www.irreel.ch\/blog\/wp-json\/wp\/v2\/types\/post"}],"author":[{"embeddable":true,"href":"https:\/\/www.irreel.ch\/blog\/wp-json\/wp\/v2\/users\/191"}],"replies":[{"embeddable":true,"href":"https:\/\/www.irreel.ch\/blog\/wp-json\/wp\/v2\/comments?post=1428"}],"version-history":[{"count":7,"href":"https:\/\/www.irreel.ch\/blog\/wp-json\/wp\/v2\/posts\/1428\/revisions"}],"predecessor-version":[{"id":6252,"href":"https:\/\/www.irreel.ch\/blog\/wp-json\/wp\/v2\/posts\/1428\/revisions\/6252"}],"wp:featuredmedia":[{"embeddable":true,"href":"https:\/\/www.irreel.ch\/blog\/wp-json\/wp\/v2\/media\/6241"}],"wp:attachment":[{"href":"https:\/\/www.irreel.ch\/blog\/wp-json\/wp\/v2\/media?parent=1428"}],"wp:term":[{"taxonomy":"category","embeddable":true,"href":"https:\/\/www.irreel.ch\/blog\/wp-json\/wp\/v2\/categories?post=1428"},{"taxonomy":"post_tag","embeddable":true,"href":"https:\/\/www.irreel.ch\/blog\/wp-json\/wp\/v2\/tags?post=1428"}],"curies":[{"name":"wp","href":"https:\/\/api.w.org\/{rel}","templated":true}]}}