{"id":1417,"date":"2010-12-18T23:46:19","date_gmt":"2010-12-18T21:46:19","guid":{"rendered":"http:\/\/www.irreel.org\/blog\/?p=1417"},"modified":"2020-03-23T14:43:58","modified_gmt":"2020-03-23T12:43:58","slug":"symphonie-lete","status":"publish","type":"post","link":"https:\/\/www.irreel.ch\/blog\/symphonie-lete\/","title":{"rendered":"Esquisse symphonique \/ L&rsquo;\u00e9t\u00e9"},"content":{"rendered":"\n<figure class=\"wp-block-image size-large\"><img loading=\"lazy\" decoding=\"async\" width=\"733\" height=\"370\" src=\"http:\/\/www.irreel.ch\/blog\/wp-content\/uploads\/ciel-mont-envers.jpg\" alt=\"\" class=\"wp-image-6253\" srcset=\"https:\/\/www.irreel.ch\/blog\/wp-content\/uploads\/ciel-mont-envers.jpg 733w, https:\/\/www.irreel.ch\/blog\/wp-content\/uploads\/ciel-mont-envers-300x151.jpg 300w, https:\/\/www.irreel.ch\/blog\/wp-content\/uploads\/ciel-mont-envers-150x76.jpg 150w\" sizes=\"auto, (max-width: 733px) 100vw, 733px\" \/><\/figure>\n\n\n\n<p>Esquisse symphonique \u00ab\u00a0L&rsquo;\u00e9t\u00e9\u00a0\u00bb, pour orchestre symphonique<\/p>\n\n\n\n<p>\u00e9vocation en six parties:<br>1\u00e8re\/ grand paysage du soir, paix<br>2\u00e8me\/ myst\u00e8re \u00e0 l&rsquo;horizon<br>3\u00e8me\/ passage d&rsquo;oiseaux<br>4\u00e8me\/ promenade sur les sentiers de montagne<br>5\u00e8me\/ nuages transparents, jeux de lumi\u00e8re diaphane<br>6\u00e8me\/ final, fusion avec le ciel, envol de l&rsquo;esprit<\/p>\n\n\n\n<p>Extrait du 3\u00e8m2 mouvement : Passage d&rsquo;oiseaux <\/p>\n\n\n\n<iframe loading=\"lazy\" width=\"100%\" height=\"694\" src=\"https:\/\/musescore.com\/user\/2300906\/scores\/6036538\/embed\" frameborder=\"0\" allowfullscreen allow=\"autoplay; fullscreen\"><\/iframe>\n<span><a href=\"https:\/\/musescore.com\/user\/2300906\/scores\/6036538\/s\/RTqvDD\" target=\"_blank\" rel=\"noopener noreferrer\">Esquisse symphonique l&rsquo;\u00e9t\u00e9, extrait du 3\u00e8me mouvement<\/a> by <a href=\"https:\/\/musescore.com\/polymusicien\">polymusicien<\/a><\/span>\n\n\n\n<p>1\u00e8re partie\/<span style=\"font-size: large;\"> grand paysage du soir, paix<\/span><\/p>\n\n\n\n<p><span style=\"font-size: xx-small;\">extrait de la partition<\/span><\/p>\n\n\n\n<figure class=\"wp-block-image size-large\"><img loading=\"lazy\" decoding=\"async\" width=\"580\" height=\"807\" src=\"http:\/\/www.irreel.ch\/blog\/wp-content\/uploads\/impression-du-soir.gif\" alt=\"\" class=\"wp-image-6254\"\/><\/figure>\n\n\n\n<p><a href=\"http:\/\/www.carillonneur.ch\/ressources_partitions\/impression-du-soir.gif\">5\u00e8me partie<\/a><\/p>\n\n\n\n<p><span style=\"font-size: large;\">nuages transparents, jeux de lumi\u00e8re diaphane<\/span><\/p>\n","protected":false},"excerpt":{"rendered":"<p>Esquisse symphonique \u00ab\u00a0L&rsquo;\u00e9t\u00e9\u00a0\u00bb, pour orchestre symphonique \u00e9vocation en six parties:1\u00e8re\/ grand paysage du soir, paix2\u00e8me\/ myst\u00e8re \u00e0 l&rsquo;horizon3\u00e8me\/ passage d&rsquo;oiseaux4\u00e8me\/ promenade sur les sentiers de montagne5\u00e8me\/ nuages transparents, jeux de lumi\u00e8re diaphane6\u00e8me\/ final, fusion&#46;&#46;&#46;<\/p>\n","protected":false},"author":191,"featured_media":6253,"comment_status":"closed","ping_status":"closed","sticky":false,"template":"","format":"standard","meta":{"sfsi_plus_gutenberg_text_before_share":"","sfsi_plus_gutenberg_show_text_before_share":"","sfsi_plus_gutenberg_icon_type":"","sfsi_plus_gutenberg_icon_alignemt":"","sfsi_plus_gutenburg_max_per_row":"","_EventAllDay":false,"_EventTimezone":"","_EventStartDate":"","_EventEndDate":"","_EventStartDateUTC":"","_EventEndDateUTC":"","_EventShowMap":false,"_EventShowMapLink":false,"_EventURL":"","_EventCost":"","_EventCostDescription":"","_EventCurrencySymbol":"","_EventCurrencyCode":"","_EventCurrencyPosition":"","_EventDateTimeSeparator":"","_EventTimeRangeSeparator":"","_EventOrganizerID":[],"_EventVenueID":[],"_OrganizerEmail":"","_OrganizerPhone":"","_OrganizerWebsite":"","_VenueAddress":"","_VenueCity":"","_VenueCountry":"","_VenueProvince":"","_VenueState":"","_VenueZip":"","_VenuePhone":"","_VenueURL":"","_VenueStateProvince":"","_VenueLat":"","_VenueLng":"","_VenueShowMap":false,"_VenueShowMapLink":false,"footnotes":""},"categories":[50,183],"tags":[551,188],"class_list":["post-1417","post","type-post","status-publish","format-standard","has-post-thumbnail","hentry","category-composition","category-orchestre","tag-orchestre","tag-symphonie"],"_links":{"self":[{"href":"https:\/\/www.irreel.ch\/blog\/wp-json\/wp\/v2\/posts\/1417","targetHints":{"allow":["GET"]}}],"collection":[{"href":"https:\/\/www.irreel.ch\/blog\/wp-json\/wp\/v2\/posts"}],"about":[{"href":"https:\/\/www.irreel.ch\/blog\/wp-json\/wp\/v2\/types\/post"}],"author":[{"embeddable":true,"href":"https:\/\/www.irreel.ch\/blog\/wp-json\/wp\/v2\/users\/191"}],"replies":[{"embeddable":true,"href":"https:\/\/www.irreel.ch\/blog\/wp-json\/wp\/v2\/comments?post=1417"}],"version-history":[{"count":3,"href":"https:\/\/www.irreel.ch\/blog\/wp-json\/wp\/v2\/posts\/1417\/revisions"}],"predecessor-version":[{"id":6277,"href":"https:\/\/www.irreel.ch\/blog\/wp-json\/wp\/v2\/posts\/1417\/revisions\/6277"}],"wp:featuredmedia":[{"embeddable":true,"href":"https:\/\/www.irreel.ch\/blog\/wp-json\/wp\/v2\/media\/6253"}],"wp:attachment":[{"href":"https:\/\/www.irreel.ch\/blog\/wp-json\/wp\/v2\/media?parent=1417"}],"wp:term":[{"taxonomy":"category","embeddable":true,"href":"https:\/\/www.irreel.ch\/blog\/wp-json\/wp\/v2\/categories?post=1417"},{"taxonomy":"post_tag","embeddable":true,"href":"https:\/\/www.irreel.ch\/blog\/wp-json\/wp\/v2\/tags?post=1417"}],"curies":[{"name":"wp","href":"https:\/\/api.w.org\/{rel}","templated":true}]}}