{"id":1401,"date":"2010-12-18T22:40:43","date_gmt":"2010-12-18T20:40:43","guid":{"rendered":"http:\/\/www.irreel.org\/blog\/?p=1401"},"modified":"2019-03-15T18:10:22","modified_gmt":"2019-03-15T16:10:22","slug":"guitare-et-orchestre-conte","status":"publish","type":"post","link":"https:\/\/www.irreel.ch\/blog\/guitare-et-orchestre-conte\/","title":{"rendered":"Guitare et orchestre \/ Conte"},"content":{"rendered":"\n<div class=\"wp-block-image\"><figure class=\"aligncenter\"><img loading=\"lazy\" decoding=\"async\" width=\"733\" height=\"370\" src=\"http:\/\/www.irreel.ch\/blog\/wp-content\/uploads\/ciel-mont-envers-jaune-1.jpg\" alt=\"\" class=\"wp-image-5930\" srcset=\"https:\/\/www.irreel.ch\/blog\/wp-content\/uploads\/ciel-mont-envers-jaune-1.jpg 733w, https:\/\/www.irreel.ch\/blog\/wp-content\/uploads\/ciel-mont-envers-jaune-1-150x76.jpg 150w, https:\/\/www.irreel.ch\/blog\/wp-content\/uploads\/ciel-mont-envers-jaune-1-300x151.jpg 300w\" sizes=\"auto, (max-width: 733px) 100vw, 733px\" \/><figcaption><br><\/figcaption><\/figure><\/div>\n\n\n\n<p style=\"text-align:center\">Conte pour guitare et orchestre<\/p>\n\n\n\n<p style=\"text-align:center\">(orchestre de chambre)<\/p>\n\n\n\n<div class=\"wp-block-image\"><figure class=\"aligncenter\"><a href=\"http:\/\/www.irreel.ch\/blog\/wp-content\/uploads\/conte-guitare-p-21.gif\"><img loading=\"lazy\" decoding=\"async\" width=\"633\" height=\"863\" src=\"http:\/\/www.irreel.ch\/blog\/wp-content\/uploads\/conte-guitare-p-21.gif\" alt=\"\" class=\"wp-image-5931\"\/><\/a><figcaption>page 21<\/figcaption><\/figure><\/div>\n\n\n\n<div class=\"wp-block-image\"><figure class=\"aligncenter\"><a href=\"http:\/\/www.irreel.ch\/blog\/wp-content\/uploads\/conte-guitare-p-22.gif\"><img loading=\"lazy\" decoding=\"async\" width=\"633\" height=\"863\" src=\"http:\/\/www.irreel.ch\/blog\/wp-content\/uploads\/conte-guitare-p-22.gif\" alt=\"\" class=\"wp-image-5932\"\/><\/a><figcaption>page 22<\/figcaption><\/figure><\/div>\n\n\n\n<p style=\"text-align:center\">conte<br>marche dans la nuit<br>ce personnage<br>r\u00eave \u00e9veill\u00e9<br>il \u00e9tait en recherche<br>nuages bleus<\/p>\n\n\n\n<p style=\"text-align:center\">raconter ce conte<br>ta recherche dans la nuit<br>qui es-tu<br>tu parcours sous le ciel<br>violet<\/p>\n\n\n\n<p style=\"text-align:center\">les chemins \u00e0 toi<br>inconnus<br>tu marches<br>n&rsquo;ayant pas de quoi<br>manger ce soir<br>un vol de h\u00e9rons cendr\u00e9s,<br>des traces de sanglier<br>qui ont croqu\u00e9s les ma\u00efs<\/p>\n\n\n\n<p style=\"text-align:center\">ta vie est un conte,<br>il n&rsquo;est jamais s\u00fbr des jours<br>les rencontres aujourd&rsquo;hui<br>\u00e9taient curieuses<br>des regards bruns,<br>des regards curieux,<\/p>\n\n\n\n<p style=\"text-align:center\">il avait pens\u00e9 \u00e0 leurs vies<br>ces croisements,<br>qui ne se rejoignent jamais<br>une par exemple \u00e0 la boulangerie, le regard ouvert<br>les enfants aussi dans la rue<\/p>\n\n\n\n<p style=\"text-align:center\">surprise au coin d&rsquo;une rue<br>un renard qui guigne<br>et un gros crapaud<br>arr\u00eat\u00e9 pr\u00e8s de la porte d&rsquo;une maison<br>quels dialogues<\/p>\n\n\n\n<p style=\"text-align:center\">entre le passant et ces<br>b\u00eates au regard ouvert<br>le conte , c&rsquo;est la vie<br>de chacun,<br>chaque animal aussi<br>le conte, l&rsquo;animal;<br>c&rsquo;est la guitare,<br>la fl\u00fbte, ou le trombone,<\/p>\n\n\n\n<p style=\"text-align:center\">la guitare est un passant,<br>un r\u00eaveur, qui a oubli\u00e9 un peu ce qu&rsquo;il est<br>le regard curieux,<br>il recherche<br>les yeux ouverts<br>autour, c&rsquo;est un<br>conte de chaque jour<\/p>\n\n\n\n<p style=\"text-align:center\">le ciel p\u00e8se de son poids<br>sensation d&rsquo;envol<br>au loin des papillons tournoyant<br>bleus et roses<br>l&rsquo;air est un peu humide,<br>sensation passante des &#8230;<br>frissonnante,<br>fr\u00e9missante,<\/p>\n\n\n\n<p style=\"text-align:center\">il \u00e9tait dans une sensation bizarre,<br>le conte c&rsquo;est<br>chaque jour,<br>le conte c&rsquo;est le jour,<br>le conte c&rsquo;est toi,<br>ton amour,<br>tes histoires<br>le conte a une fin,<\/p>\n\n\n\n<p style=\"text-align:center\">la vie s&rsquo;arr\u00eate,<br>la vie commence,<br>le conte et la surprise,<br>le conte est la surprise,<br>la surprise des jours<br>c&rsquo;est le conte que<br>tu vis,<br>ta vie<\/p>\n","protected":false},"excerpt":{"rendered":"<p>Conte pour guitare et orchestre (orchestre de chambre) contemarche dans la nuitce personnager\u00eave \u00e9veill\u00e9il \u00e9tait en recherchenuages bleus raconter ce conteta recherche dans la nuitqui es-tutu parcours sous le cielviolet les chemins \u00e0 toiinconnustu&#46;&#46;&#46;<\/p>\n","protected":false},"author":191,"featured_media":4116,"comment_status":"open","ping_status":"closed","sticky":false,"template":"","format":"standard","meta":{"sfsi_plus_gutenberg_text_before_share":"","sfsi_plus_gutenberg_show_text_before_share":"","sfsi_plus_gutenberg_icon_type":"","sfsi_plus_gutenberg_icon_alignemt":"","sfsi_plus_gutenburg_max_per_row":"","_EventAllDay":false,"_EventTimezone":"","_EventStartDate":"","_EventEndDate":"","_EventStartDateUTC":"","_EventEndDateUTC":"","_EventShowMap":false,"_EventShowMapLink":false,"_EventURL":"","_EventCost":"","_EventCostDescription":"","_EventCurrencySymbol":"","_EventCurrencyCode":"","_EventCurrencyPosition":"","_EventDateTimeSeparator":"","_EventTimeRangeSeparator":"","_EventOrganizerID":[],"_EventVenueID":[],"_OrganizerEmail":"","_OrganizerPhone":"","_OrganizerWebsite":"","_VenueAddress":"","_VenueCity":"","_VenueCountry":"","_VenueProvince":"","_VenueState":"","_VenueZip":"","_VenuePhone":"","_VenueURL":"","_VenueStateProvince":"","_VenueLat":"","_VenueLng":"","_VenueShowMap":false,"_VenueShowMapLink":false,"footnotes":""},"categories":[50,47,183],"tags":[184,185,526,551],"class_list":["post-1401","post","type-post","status-publish","format-standard","has-post-thumbnail","hentry","category-composition","category-guitare","category-orchestre","tag-concerto","tag-conte","tag-guitare","tag-orchestre"],"_links":{"self":[{"href":"https:\/\/www.irreel.ch\/blog\/wp-json\/wp\/v2\/posts\/1401","targetHints":{"allow":["GET"]}}],"collection":[{"href":"https:\/\/www.irreel.ch\/blog\/wp-json\/wp\/v2\/posts"}],"about":[{"href":"https:\/\/www.irreel.ch\/blog\/wp-json\/wp\/v2\/types\/post"}],"author":[{"embeddable":true,"href":"https:\/\/www.irreel.ch\/blog\/wp-json\/wp\/v2\/users\/191"}],"replies":[{"embeddable":true,"href":"https:\/\/www.irreel.ch\/blog\/wp-json\/wp\/v2\/comments?post=1401"}],"version-history":[{"count":6,"href":"https:\/\/www.irreel.ch\/blog\/wp-json\/wp\/v2\/posts\/1401\/revisions"}],"predecessor-version":[{"id":5933,"href":"https:\/\/www.irreel.ch\/blog\/wp-json\/wp\/v2\/posts\/1401\/revisions\/5933"}],"wp:featuredmedia":[{"embeddable":true,"href":"https:\/\/www.irreel.ch\/blog\/wp-json\/wp\/v2\/media\/4116"}],"wp:attachment":[{"href":"https:\/\/www.irreel.ch\/blog\/wp-json\/wp\/v2\/media?parent=1401"}],"wp:term":[{"taxonomy":"category","embeddable":true,"href":"https:\/\/www.irreel.ch\/blog\/wp-json\/wp\/v2\/categories?post=1401"},{"taxonomy":"post_tag","embeddable":true,"href":"https:\/\/www.irreel.ch\/blog\/wp-json\/wp\/v2\/tags?post=1401"}],"curies":[{"name":"wp","href":"https:\/\/api.w.org\/{rel}","templated":true}]}}