{"id":1372,"date":"2010-12-18T19:57:02","date_gmt":"2010-12-18T17:57:02","guid":{"rendered":"http:\/\/www.irreel.org\/blog\/?p=1372"},"modified":"2020-03-29T09:07:16","modified_gmt":"2020-03-29T07:07:16","slug":"quatuor-a-cordes-animaux","status":"publish","type":"post","link":"https:\/\/www.irreel.ch\/blog\/quatuor-a-cordes-animaux\/","title":{"rendered":"Quatuor \u00e0 cordes \/ Animaux"},"content":{"rendered":"\n<p><span style=\"font-family: Palatino; font-size: x-large;\">Compositions<\/span><\/p>\n\n\n\n<figure class=\"wp-block-image size-large\"><img loading=\"lazy\" decoding=\"async\" width=\"322\" height=\"141\" src=\"http:\/\/www.irreel.ch\/blog\/wp-content\/uploads\/animal-fossilise-2.gif\" alt=\"\" class=\"wp-image-6304\"\/><\/figure>\n\n\n\n<p><span style=\"font-family: Palatino; font-size: xx-large;\">&nbsp;<\/span>Animal fossilis\u00e9<\/p>\n\n\n\n<p><span style=\"font-family: Palatino; font-size: xx-large;\"><span style=\"font-family: Palatino; font-size: large;\">opus 10, Animaux , quattuor \u00e0 cordes<\/span><\/span><\/p>\n\n\n\n<p><span style=\"font-family: Palatino; font-size: xx-large;\"><span style=\"font-family: Palatino;\">1er mvt: le cheval \u00e0 la fen\u00eatre de l&rsquo;\u00e9table, sa t\u00eate et son cou interrogateur et curieux, ses grands yeux noirs, deux oreilles brunes et noires dress\u00e9es,<\/span><\/span><\/p>\n\n\n\n<p><span style=\"font-family: Palatino; font-size: xx-large;\">&nbsp;<\/span><\/p>\n\n\n\n<figure class=\"wp-block-image size-large\"><a href=\"http:\/\/www.irreel.ch\/blog\/wp-content\/uploads\/cheval-des-steppes-copie_Fotor.jpg\"><img loading=\"lazy\" decoding=\"async\" width=\"1000\" height=\"986\" src=\"http:\/\/www.irreel.ch\/blog\/wp-content\/uploads\/cheval-des-steppes-copie_Fotor.jpg\" alt=\"\" class=\"wp-image-6309\" srcset=\"https:\/\/www.irreel.ch\/blog\/wp-content\/uploads\/cheval-des-steppes-copie_Fotor.jpg 1000w, https:\/\/www.irreel.ch\/blog\/wp-content\/uploads\/cheval-des-steppes-copie_Fotor-300x296.jpg 300w, https:\/\/www.irreel.ch\/blog\/wp-content\/uploads\/cheval-des-steppes-copie_Fotor-150x148.jpg 150w, https:\/\/www.irreel.ch\/blog\/wp-content\/uploads\/cheval-des-steppes-copie_Fotor-768x757.jpg 768w\" sizes=\"auto, (max-width: 1000px) 100vw, 1000px\" \/><\/a><figcaption>R\u00e9flexions animali\u00e8res<\/figcaption><\/figure>\n\n\n\n<iframe loading=\"lazy\" width=\"100%\" height=\"694\" src=\"https:\/\/musescore.com\/user\/2300906\/scores\/6048348\/embed\" frameborder=\"0\" allowfullscreen allow=\"autoplay; fullscreen\"><\/iframe>\n<span><a href=\"https:\/\/musescore.com\/user\/2300906\/scores\/6048348\/s\/eWhVdQ\" target=\"_blank\" rel=\"noopener noreferrer\">Animaux (le cheval) quatuor extrait<\/a> by <a href=\"https:\/\/musescore.com\/polymusicien\">polymusicien<\/a><\/span>\n\n\n\n<p><span style=\"font-family: Palatino; font-size: xx-large;\"><span style=\"font-size: xx-small;\">extrait de la partition : page 1<\/span><\/span><\/p>\n\n\n\n<p><span style=\"font-family: Palatino; font-size: xx-large;\">&nbsp;<\/span><\/p>\n\n\n\n<figure class=\"wp-block-image size-large\"><img loading=\"lazy\" decoding=\"async\" width=\"558\" height=\"782\" src=\"http:\/\/www.irreel.ch\/blog\/wp-content\/uploads\/animaux-quatuor-a-cordes.gif\" alt=\"\" class=\"wp-image-6305\"\/><\/figure>\n\n\n\n<figure class=\"wp-block-image size-large\"><a href=\"http:\/\/www.irreel.ch\/blog\/wp-content\/uploads\/daniel-cheval-1963-copie_Fotor-copie2.jpg\"><img loading=\"lazy\" decoding=\"async\" width=\"1000\" height=\"688\" src=\"http:\/\/www.irreel.ch\/blog\/wp-content\/uploads\/daniel-cheval-1963-copie_Fotor-copie2.jpg\" alt=\"\" class=\"wp-image-6307\" srcset=\"https:\/\/www.irreel.ch\/blog\/wp-content\/uploads\/daniel-cheval-1963-copie_Fotor-copie2.jpg 1000w, https:\/\/www.irreel.ch\/blog\/wp-content\/uploads\/daniel-cheval-1963-copie_Fotor-copie2-300x206.jpg 300w, https:\/\/www.irreel.ch\/blog\/wp-content\/uploads\/daniel-cheval-1963-copie_Fotor-copie2-150x103.jpg 150w, https:\/\/www.irreel.ch\/blog\/wp-content\/uploads\/daniel-cheval-1963-copie_Fotor-copie2-768x528.jpg 768w\" sizes=\"auto, (max-width: 1000px) 100vw, 1000px\" \/><\/a><figcaption>L&rsquo;auteur avec un petit cheval<\/figcaption><\/figure>\n\n\n\n<p><span style=\"font-family: Palatino; font-size: xx-large;\"> <\/span><\/p>\n\n\n\n<p><span style=\"font-family: Palatino; font-size: xx-large;\">&nbsp;<\/span><\/p>\n","protected":false},"excerpt":{"rendered":"<p>Compositions &nbsp;Animal fossilis\u00e9 opus 10, Animaux , quattuor \u00e0 cordes 1er mvt: le cheval \u00e0 la fen\u00eatre de l&rsquo;\u00e9table, sa t\u00eate et son cou interrogateur et curieux, ses grands yeux noirs, deux oreilles brunes&#46;&#46;&#46;<\/p>\n","protected":false},"author":191,"featured_media":6309,"comment_status":"closed","ping_status":"closed","sticky":false,"template":"","format":"standard","meta":{"sfsi_plus_gutenberg_text_before_share":"","sfsi_plus_gutenberg_show_text_before_share":"","sfsi_plus_gutenberg_icon_type":"","sfsi_plus_gutenberg_icon_alignemt":"","sfsi_plus_gutenburg_max_per_row":"","_EventAllDay":false,"_EventTimezone":"","_EventStartDate":"","_EventEndDate":"","_EventStartDateUTC":"","_EventEndDateUTC":"","_EventShowMap":false,"_EventShowMapLink":false,"_EventURL":"","_EventCost":"","_EventCostDescription":"","_EventCurrencySymbol":"","_EventCurrencyCode":"","_EventCurrencyPosition":"","_EventDateTimeSeparator":"","_EventTimeRangeSeparator":"","_EventOrganizerID":[],"_EventVenueID":[],"_OrganizerEmail":"","_OrganizerPhone":"","_OrganizerWebsite":"","_VenueAddress":"","_VenueCity":"","_VenueCountry":"","_VenueProvince":"","_VenueState":"","_VenueZip":"","_VenuePhone":"","_VenueURL":"","_VenueStateProvince":"","_VenueLat":"","_VenueLng":"","_VenueShowMap":false,"_VenueShowMapLink":false,"footnotes":""},"categories":[50,15],"tags":[182,515],"class_list":["post-1372","post","type-post","status-publish","format-standard","has-post-thumbnail","hentry","category-composition","category-violon","tag-quatuor","tag-violon"],"_links":{"self":[{"href":"https:\/\/www.irreel.ch\/blog\/wp-json\/wp\/v2\/posts\/1372","targetHints":{"allow":["GET"]}}],"collection":[{"href":"https:\/\/www.irreel.ch\/blog\/wp-json\/wp\/v2\/posts"}],"about":[{"href":"https:\/\/www.irreel.ch\/blog\/wp-json\/wp\/v2\/types\/post"}],"author":[{"embeddable":true,"href":"https:\/\/www.irreel.ch\/blog\/wp-json\/wp\/v2\/users\/191"}],"replies":[{"embeddable":true,"href":"https:\/\/www.irreel.ch\/blog\/wp-json\/wp\/v2\/comments?post=1372"}],"version-history":[{"count":8,"href":"https:\/\/www.irreel.ch\/blog\/wp-json\/wp\/v2\/posts\/1372\/revisions"}],"predecessor-version":[{"id":6311,"href":"https:\/\/www.irreel.ch\/blog\/wp-json\/wp\/v2\/posts\/1372\/revisions\/6311"}],"wp:featuredmedia":[{"embeddable":true,"href":"https:\/\/www.irreel.ch\/blog\/wp-json\/wp\/v2\/media\/6309"}],"wp:attachment":[{"href":"https:\/\/www.irreel.ch\/blog\/wp-json\/wp\/v2\/media?parent=1372"}],"wp:term":[{"taxonomy":"category","embeddable":true,"href":"https:\/\/www.irreel.ch\/blog\/wp-json\/wp\/v2\/categories?post=1372"},{"taxonomy":"post_tag","embeddable":true,"href":"https:\/\/www.irreel.ch\/blog\/wp-json\/wp\/v2\/tags?post=1372"}],"curies":[{"name":"wp","href":"https:\/\/api.w.org\/{rel}","templated":true}]}}