{"id":1349,"date":"2010-12-17T12:19:33","date_gmt":"2010-12-17T10:19:33","guid":{"rendered":"http:\/\/www.irreel.org\/blog\/?p=1349"},"modified":"2020-03-25T22:15:13","modified_gmt":"2020-03-25T20:15:13","slug":"flutes-en-duo-promenade-au-milieu-de-leau","status":"publish","type":"post","link":"https:\/\/www.irreel.ch\/blog\/flutes-en-duo-promenade-au-milieu-de-leau\/","title":{"rendered":"Fl\u00fbtes \/ Promenade au milieu de l&rsquo;eau"},"content":{"rendered":"\n<figure class=\"wp-block-image size-large\"><img loading=\"lazy\" decoding=\"async\" width=\"647\" height=\"165\" src=\"http:\/\/www.irreel.ch\/blog\/wp-content\/uploads\/lac-leman-lointain.jpg\" alt=\"\" class=\"wp-image-6285\" srcset=\"https:\/\/www.irreel.ch\/blog\/wp-content\/uploads\/lac-leman-lointain.jpg 647w, https:\/\/www.irreel.ch\/blog\/wp-content\/uploads\/lac-leman-lointain-300x77.jpg 300w, https:\/\/www.irreel.ch\/blog\/wp-content\/uploads\/lac-leman-lointain-150x38.jpg 150w\" sizes=\"auto, (max-width: 647px) 100vw, 647px\" \/><\/figure>\n\n\n\n<p>Op. 13 Promenade au milieu de l&rsquo;eau pour deux fl\u00fbtes traversi\u00e8res<\/p>\n\n\n\n<iframe loading=\"lazy\" width=\"100%\" height=\"694\" src=\"https:\/\/musescore.com\/user\/2300906\/scores\/6041599\/embed\" frameborder=\"0\" allowfullscreen=\"\" allow=\"autoplay; fullscreen\"><\/iframe>\n<span><a href=\"https:\/\/musescore.com\/user\/2300906\/scores\/6041599\/s\/ZrNf_B\" target=\"_blank\" rel=\"noopener noreferrer\">Promenade au milieu de l&rsquo;eau<\/a> by <a href=\"https:\/\/musescore.com\/polymusicien\">polymusicien<\/a><\/span>\n\n\n\n<p><span style=\"color: #0099cc; font-size: small;\"><em>Jets d&rsquo;eau,<\/em><\/span><\/p>\n\n\n\n<p><em>bleue musique<\/em><\/p>\n\n\n\n<p><em>espace a\u00e9rien,<\/em><\/p>\n\n\n\n<p><em>respire l&rsquo;espace<\/em><\/p>\n\n\n\n<p><em>vis la grande ouverture<\/em><\/p>\n\n\n\n<p><em>envie de marcher sur l&rsquo;eau,<\/em><\/p>\n\n\n\n<p><em>envie de glisser dans les airs<\/em><\/p>\n\n\n\n<p><em>cours<\/em><\/p>\n\n\n\n<p><em>cours sur la plage<\/em><\/p>\n\n\n\n<figure class=\"wp-block-image size-large\"><img loading=\"lazy\" decoding=\"async\" width=\"564\" height=\"789\" src=\"http:\/\/www.irreel.ch\/blog\/wp-content\/uploads\/008c001-promenade-eau.gif\" alt=\"\" class=\"wp-image-6286\"\/><\/figure>\n","protected":false},"excerpt":{"rendered":"<p>Op. 13 Promenade au milieu de l&rsquo;eau pour deux fl\u00fbtes traversi\u00e8res Promenade au milieu de l&rsquo;eau by polymusicien Jets d&rsquo;eau, bleue musique espace a\u00e9rien, respire l&rsquo;espace vis la grande ouverture envie de marcher sur&#46;&#46;&#46;<\/p>\n","protected":false},"author":191,"featured_media":6286,"comment_status":"open","ping_status":"closed","sticky":false,"template":"","format":"standard","meta":{"sfsi_plus_gutenberg_text_before_share":"","sfsi_plus_gutenberg_show_text_before_share":"","sfsi_plus_gutenberg_icon_type":"","sfsi_plus_gutenberg_icon_alignemt":"","sfsi_plus_gutenburg_max_per_row":"","_EventAllDay":false,"_EventTimezone":"","_EventStartDate":"","_EventEndDate":"","_EventStartDateUTC":"","_EventEndDateUTC":"","_EventShowMap":false,"_EventShowMapLink":false,"_EventURL":"","_EventCost":"","_EventCostDescription":"","_EventCurrencySymbol":"","_EventCurrencyCode":"","_EventCurrencyPosition":"","_EventDateTimeSeparator":"","_EventTimeRangeSeparator":"","_EventOrganizerID":[],"_EventVenueID":[],"_OrganizerEmail":"","_OrganizerPhone":"","_OrganizerWebsite":"","_VenueAddress":"","_VenueCity":"","_VenueCountry":"","_VenueProvince":"","_VenueState":"","_VenueZip":"","_VenuePhone":"","_VenueURL":"","_VenueStateProvince":"","_VenueLat":"","_VenueLng":"","_VenueShowMap":false,"_VenueShowMapLink":false,"footnotes":""},"categories":[50,177],"tags":[179,178],"class_list":["post-1349","post","type-post","status-publish","format-standard","has-post-thumbnail","hentry","category-composition","category-flute-traversiere","tag-duo","tag-flute"],"_links":{"self":[{"href":"https:\/\/www.irreel.ch\/blog\/wp-json\/wp\/v2\/posts\/1349","targetHints":{"allow":["GET"]}}],"collection":[{"href":"https:\/\/www.irreel.ch\/blog\/wp-json\/wp\/v2\/posts"}],"about":[{"href":"https:\/\/www.irreel.ch\/blog\/wp-json\/wp\/v2\/types\/post"}],"author":[{"embeddable":true,"href":"https:\/\/www.irreel.ch\/blog\/wp-json\/wp\/v2\/users\/191"}],"replies":[{"embeddable":true,"href":"https:\/\/www.irreel.ch\/blog\/wp-json\/wp\/v2\/comments?post=1349"}],"version-history":[{"count":20,"href":"https:\/\/www.irreel.ch\/blog\/wp-json\/wp\/v2\/posts\/1349\/revisions"}],"predecessor-version":[{"id":6291,"href":"https:\/\/www.irreel.ch\/blog\/wp-json\/wp\/v2\/posts\/1349\/revisions\/6291"}],"wp:featuredmedia":[{"embeddable":true,"href":"https:\/\/www.irreel.ch\/blog\/wp-json\/wp\/v2\/media\/6286"}],"wp:attachment":[{"href":"https:\/\/www.irreel.ch\/blog\/wp-json\/wp\/v2\/media?parent=1349"}],"wp:term":[{"taxonomy":"category","embeddable":true,"href":"https:\/\/www.irreel.ch\/blog\/wp-json\/wp\/v2\/categories?post=1349"},{"taxonomy":"post_tag","embeddable":true,"href":"https:\/\/www.irreel.ch\/blog\/wp-json\/wp\/v2\/tags?post=1349"}],"curies":[{"name":"wp","href":"https:\/\/api.w.org\/{rel}","templated":true}]}}