{"id":1338,"date":"2010-12-16T14:22:52","date_gmt":"2010-12-16T12:22:52","guid":{"rendered":"http:\/\/www.irreel.org\/blog\/?p=1338"},"modified":"2020-05-12T08:17:47","modified_gmt":"2020-05-12T06:17:47","slug":"alto-viola-danses-croisees","status":"publish","type":"post","link":"https:\/\/www.irreel.ch\/blog\/alto-viola-danses-croisees\/","title":{"rendered":"Alto viola \/ danses crois\u00e9es"},"content":{"rendered":"\n<p>danses crois\u00e9es (ou les petits lutins) pour alto solo.<\/p>\n\n\n\n<p>Petit voyage en compagnie d&rsquo;un \u00eatre incertain !<\/p>\n\n\n\n<iframe loading=\"lazy\" width=\"100%\" height=\"694\" src=\"https:\/\/musescore.com\/user\/2300906\/scores\/6144986\/embed\" frameborder=\"0\" allowfullscreen allow=\"autoplay; fullscreen\"><\/iframe>\n<span><a href=\"https:\/\/musescore.com\/user\/2300906\/scores\/6144986\/s\/R2HHpZ\" target=\"_blank\" rel=\"noopener noreferrer\">Danses crois\u00e9es pour alto solo extrait, de Daniel D. R. Thomas<\/a> by <a href=\"https:\/\/musescore.com\/polymusicien\">polymusicien<\/a><\/span>\n\n\n\n<p><span style=\"color: #999966; font-size: xx-small;\">compositions pour alto solo, scores for viola solo, partition pour alto<\/span><\/p>\n\n\n\n<p><span style=\"font-size: x-small;\">extrait musical (sons midi), de la version pour alto (final)<\/span><span style=\"font-size: x-small;\">extrait de la partition marionnettes pour alto, d\u00e9di\u00e9e \u00e0 Bernard Balvil Suter<\/span><\/p>\n\n\n\n<figure class=\"wp-block-image size-large\"><img loading=\"lazy\" decoding=\"async\" width=\"573\" height=\"788\" src=\"https:\/\/www.irreel.ch\/blog\/wp-content\/uploads\/marionnettes-alto.gif\" alt=\"\" class=\"wp-image-6591\"\/><\/figure>\n\n\n\n<p>.espace des mots<\/p>\n\n\n\n<p>mots des cordes<\/p>\n\n\n\n<p>langage vibrant<\/p>\n\n\n\n<p>parle des peuples d&rsquo;ailleurs<\/p>\n\n\n\n<p>animaux \u00e9tranges<\/p>\n\n\n\n<p>au regard lointain<\/p>\n","protected":false},"excerpt":{"rendered":"<p>danses crois\u00e9es (ou les petits lutins) pour alto solo. Petit voyage en compagnie d&rsquo;un \u00eatre incertain ! Danses crois\u00e9es pour alto solo extrait, de Daniel D. R. Thomas by polymusicien compositions pour alto solo,&#46;&#46;&#46;<\/p>\n","protected":false},"author":191,"featured_media":3905,"comment_status":"open","ping_status":"closed","sticky":false,"template":"","format":"standard","meta":{"sfsi_plus_gutenberg_text_before_share":"","sfsi_plus_gutenberg_show_text_before_share":"","sfsi_plus_gutenberg_icon_type":"","sfsi_plus_gutenberg_icon_alignemt":"","sfsi_plus_gutenburg_max_per_row":"","_EventAllDay":false,"_EventTimezone":"","_EventStartDate":"","_EventEndDate":"","_EventStartDateUTC":"","_EventEndDateUTC":"","_EventShowMap":false,"_EventShowMapLink":false,"_EventURL":"","_EventCost":"","_EventCostDescription":"","_EventCurrencySymbol":"","_EventCurrencyCode":"","_EventCurrencyPosition":"","_EventDateTimeSeparator":"","_EventTimeRangeSeparator":"","_EventOrganizerID":[],"_EventVenueID":[],"_OrganizerEmail":"","_OrganizerPhone":"","_OrganizerWebsite":"","_VenueAddress":"","_VenueCity":"","_VenueCountry":"","_VenueProvince":"","_VenueState":"","_VenueZip":"","_VenuePhone":"","_VenueURL":"","_VenueStateProvince":"","_VenueLat":"","_VenueLng":"","_VenueShowMap":false,"_VenueShowMapLink":false,"footnotes":""},"categories":[50,15],"tags":[548,498,566],"class_list":["post-1338","post","type-post","status-publish","format-standard","has-post-thumbnail","hentry","category-composition","category-violon","tag-alto-viola","tag-cordes","tag-marionnettes"],"_links":{"self":[{"href":"https:\/\/www.irreel.ch\/blog\/wp-json\/wp\/v2\/posts\/1338","targetHints":{"allow":["GET"]}}],"collection":[{"href":"https:\/\/www.irreel.ch\/blog\/wp-json\/wp\/v2\/posts"}],"about":[{"href":"https:\/\/www.irreel.ch\/blog\/wp-json\/wp\/v2\/types\/post"}],"author":[{"embeddable":true,"href":"https:\/\/www.irreel.ch\/blog\/wp-json\/wp\/v2\/users\/191"}],"replies":[{"embeddable":true,"href":"https:\/\/www.irreel.ch\/blog\/wp-json\/wp\/v2\/comments?post=1338"}],"version-history":[{"count":5,"href":"https:\/\/www.irreel.ch\/blog\/wp-json\/wp\/v2\/posts\/1338\/revisions"}],"predecessor-version":[{"id":6692,"href":"https:\/\/www.irreel.ch\/blog\/wp-json\/wp\/v2\/posts\/1338\/revisions\/6692"}],"wp:featuredmedia":[{"embeddable":true,"href":"https:\/\/www.irreel.ch\/blog\/wp-json\/wp\/v2\/media\/3905"}],"wp:attachment":[{"href":"https:\/\/www.irreel.ch\/blog\/wp-json\/wp\/v2\/media?parent=1338"}],"wp:term":[{"taxonomy":"category","embeddable":true,"href":"https:\/\/www.irreel.ch\/blog\/wp-json\/wp\/v2\/categories?post=1338"},{"taxonomy":"post_tag","embeddable":true,"href":"https:\/\/www.irreel.ch\/blog\/wp-json\/wp\/v2\/tags?post=1338"}],"curies":[{"name":"wp","href":"https:\/\/api.w.org\/{rel}","templated":true}]}}