{"id":1241,"date":"2010-12-15T21:09:12","date_gmt":"2010-12-15T19:09:12","guid":{"rendered":"http:\/\/www.irreel.org\/blog\/?p=1241"},"modified":"2023-09-17T21:37:07","modified_gmt":"2023-09-17T19:37:07","slug":"poesie-apres-un-film-vacances","status":"publish","type":"post","link":"https:\/\/www.irreel.ch\/blog\/poesie-apres-un-film-vacances\/","title":{"rendered":"Po\u00e9sie \/ Apr\u00e8s un film: Vacances"},"content":{"rendered":"<p><img loading=\"lazy\" decoding=\"async\" src=\"http:\/\/www.irreel.ch\/blog\/wp-content\/uploads\/roses-bleus-montant2_Fotorbrun.jpg\" alt=\"\" width=\"1000\" height=\"750\" class=\"alignleft size-full wp-image-4319\" srcset=\"https:\/\/www.irreel.ch\/blog\/wp-content\/uploads\/roses-bleus-montant2_Fotorbrun.jpg 1000w, https:\/\/www.irreel.ch\/blog\/wp-content\/uploads\/roses-bleus-montant2_Fotorbrun-150x113.jpg 150w, https:\/\/www.irreel.ch\/blog\/wp-content\/uploads\/roses-bleus-montant2_Fotorbrun-300x225.jpg 300w, https:\/\/www.irreel.ch\/blog\/wp-content\/uploads\/roses-bleus-montant2_Fotorbrun-768x576.jpg 768w\" sizes=\"auto, (max-width: 1000px) 100vw, 1000px\" \/><\/p>\n<p>Po\u00e9sie:<\/p>\n<table style=\"height: 748px; text-align: center;\" border=\"0\" cellspacing=\"1\" cellpadding=\"0\" width=\"610\" background=\"http:\/\/www.carillonneur.ch\/a-images-de-fonds\/papier-a4\/papier-creme-clair-tres.jpg\">\n<tbody>\n<tr height=\"746\">\n<td width=\"608\" height=\"746\" valign=\"top\">\n<div>\n<p><span style=\"font-size: x-small;\"><em>Petit compte rendu apr\u00e8s avoir vu un film de Jacques Tati, Vacances, impressions des images, mise en mots du mouvement du film, de la peinture color\u00e9e de ses s\u00e9quences, mise en \u00e9criture des images du film encore vivantes, d\u00e9filant dans la m\u00e9moire de l&rsquo;auteur apr\u00e8s le film:<\/em><\/span><\/p>\n<p><span style=\"font-size: large;\">apr\u00e8s un film, <a name=\"Anchor-vacances-47857\"><\/a>vacances<\/span><\/p>\n<p>\u00e9clat des \u00eatres qui passent,<\/p>\n<p>. . . . . . jeux incessants<\/p>\n<p>passages des lumi\u00e8res,<\/p>\n<p>croisements des personnages<\/p>\n<p>regards, . . . . . . . . . . . . .<\/p>\n<p>surprises . . . . . . .<\/p>\n<p>l&rsquo;un passe . . . . . . . . . . .<\/p>\n<p>. l&rsquo;autre tourne l&rsquo;oeil,<\/p>\n<p>sous le ciel, . . . . . . . . . . .<\/p>\n<p>sur le sable . . . . . . . . .<\/p>\n<p>p\u00e9tillement des lumi\u00e8res<\/p>\n<p>sur le sable . . . . . . . . . . . . . . .<\/p>\n<p>r\u00eaverie folle des vacances,<\/p>\n<p>. . . . . . . . . vacances!<\/p>\n<p>f\u00eate, la f\u00eate,<\/p>\n<p>la vie, vie est-elle<\/p>\n<p>une f\u00eate? . . . . . . . . . . .<\/p>\n<p>tout tourne,<\/p>\n<p>l&rsquo;\u00eatre est de . . . . . .<\/p>\n<p>devant le d\u00e9cor<\/p>\n<p>tu passes, tu passes,..<\/p>\n<p>comme un singe . . . . . . .<\/p>\n<p>&#8230;&#8230;.. . . ou un grand oiseau<\/p>\n<p>les \u00e9lans de vie . . . . . . .<\/p>\n<p>portent et sont courts,<\/p>\n<p>la vie est surprenante<\/p>\n<p>laisse passer ton rire,<\/p>\n<p>vis<\/p>\n<p>comme la brillance de la fleur,<\/p>\n<p>un emportement soudain<\/p>\n<p>d&rsquo;\u00e9clats, d&rsquo;esp\u00e9rances,<\/p>\n<p>le sable brille . . .<\/p>\n<p><span style=\"font-size: xx-small;\"> <\/span><\/p>\n<\/div>\n<\/td>\n<\/tr>\n<\/tbody>\n<\/table>\n<table style=\"height: 748px; text-align: center;\" border=\"0\" cellspacing=\"1\" cellpadding=\"0\" width=\"610\" background=\"http:\/\/www.carillonneur.ch\/a-images-de-fonds\/papier-a4\/papier-creme-clair-tres.jpg\">\n<tbody>\n<tr height=\"746\">\n<td width=\"608\" height=\"746\" valign=\"top\">\n<div>\n<p>bruit r\u00e9sonnant des vagues,<\/p>\n<p>c&rsquo;est les vacances!<\/p>\n<p>tu es rire, vie<\/p>\n<p>tu es vie, rire,<\/p>\n<p>chacun est port\u00e9 l\u00e0 comme marionnette ou statue de sables<\/p>\n<p>amarillys bleu clair<\/p>\n<p>passent dans le ciel les grandes b\u00eates<\/p>\n<p>des nuages,<\/p>\n<p>. . . . cheval de mer<\/p>\n<p>ou bien un poisson ail\u00e9 extraordinaire.<\/p>\n<p>qui est r\u00e9el,<\/p>\n<p>le r\u00eave animaliers dans les nuages<\/p>\n<p>ou ces croisements<\/p>\n<p>incessants des \u00eatres humains<\/p>\n<p>. . les yeux ouverts,<\/p>\n<p>\u00e0 ne plus savoir qui ils sont<\/p>\n<p>emprisonn\u00e9s dans leur visage<\/p>\n<p>leur porte au monde<\/p>\n<p>fa\u00e7ade \u00e9blouissante<\/p>\n<p>. &#8230; des r\u00eaves marchants<\/p>\n<p>dis ton passage<\/p>\n<p>dis, dis le vol ail\u00e9<\/p>\n<p>. . les pas crois\u00e9s,<\/p>\n<p>. . . les pas tombant,<\/p>\n<p>.. . . un peu \u00e0 c\u00f4t\u00e9,<\/p>\n<p>surpris de chaque pas,<\/p>\n<p>cette allure,<\/p>\n<p>mouvement<\/p>\n<p>et forme des plantes, vivants personnages<\/p>\n<p>bougeant au vent,<\/p>\n<p>croisements des regards<\/p>\n<p>arbres vert tendre<\/p>\n<p>chaises bleu, en plastique et m\u00e9tal,<\/p>\n<p>le sable, ici gris . . . .. . . . . . . . . . . . . . .<\/p>\n<p>.. . . . . . . . . . . . ici jaune,couleur des passages myst\u00e9rieux<\/p>\n<p>. . . . . . . . . . . . . entre le pass\u00e9 et l&rsquo;avenir<\/p>\n<p><span style=\"font-size: xx-small;\">Lausanne, le 4 ao\u00fbt 2001<\/span>\n<\/p>\n<\/div>\n<\/td>\n<\/tr>\n<\/tbody>\n<\/table>\n\n\n<p>Page Instagram essais litt\u00e9raires et polyglottes de Daniel Thomas : <a href=\"https:\/\/www.instagram.com\/d.thomas.essais.litteraires\/\">https:\/\/www.instagram.com\/d.thomas.essais.litteraires\/<\/a><\/p>\n\n\n\n<p>@d.thomas.essais.litteraires<\/p>\n\n\n\n<div class=\"powr-instagram-feed\" id=\"ac3c670c_1694978781\"><\/div><script src=\"https:\/\/www.powr.io\/powr.js?platform=wordpress\"><\/script>\n","protected":false},"excerpt":{"rendered":"<p>Po\u00e9sie: Petit compte rendu apr\u00e8s avoir vu un film de Jacques Tati, Vacances, impressions des images, mise en mots du mouvement du film, de la peinture color\u00e9e de ses s\u00e9quences, mise en \u00e9criture des&#46;&#46;&#46;<\/p>\n","protected":false},"author":191,"featured_media":4319,"comment_status":"open","ping_status":"closed","sticky":false,"template":"","format":"standard","meta":{"sfsi_plus_gutenberg_text_before_share":"","sfsi_plus_gutenberg_show_text_before_share":"","sfsi_plus_gutenberg_icon_type":"","sfsi_plus_gutenberg_icon_alignemt":"","sfsi_plus_gutenburg_max_per_row":"","_EventAllDay":false,"_EventTimezone":"","_EventStartDate":"","_EventEndDate":"","_EventStartDateUTC":"","_EventEndDateUTC":"","_EventShowMap":false,"_EventShowMapLink":false,"_EventURL":"","_EventCost":"","_EventCostDescription":"","_EventCurrencySymbol":"","_EventCurrencyCode":"","_EventCurrencyPosition":"","_EventDateTimeSeparator":"","_EventTimeRangeSeparator":"","_EventOrganizerID":[],"_EventVenueID":[],"_OrganizerEmail":"","_OrganizerPhone":"","_OrganizerWebsite":"","_VenueAddress":"","_VenueCity":"","_VenueCountry":"","_VenueProvince":"","_VenueState":"","_VenueZip":"","_VenuePhone":"","_VenueURL":"","_VenueStateProvince":"","_VenueLat":"","_VenueLng":"","_VenueShowMap":false,"_VenueShowMapLink":false,"footnotes":""},"categories":[53,164],"tags":[546,145],"class_list":["post-1241","post","type-post","status-publish","format-standard","has-post-thumbnail","hentry","category-cinema","category-compte-rendu","tag-compte-rendu","tag-film"],"_links":{"self":[{"href":"https:\/\/www.irreel.ch\/blog\/wp-json\/wp\/v2\/posts\/1241","targetHints":{"allow":["GET"]}}],"collection":[{"href":"https:\/\/www.irreel.ch\/blog\/wp-json\/wp\/v2\/posts"}],"about":[{"href":"https:\/\/www.irreel.ch\/blog\/wp-json\/wp\/v2\/types\/post"}],"author":[{"embeddable":true,"href":"https:\/\/www.irreel.ch\/blog\/wp-json\/wp\/v2\/users\/191"}],"replies":[{"embeddable":true,"href":"https:\/\/www.irreel.ch\/blog\/wp-json\/wp\/v2\/comments?post=1241"}],"version-history":[{"count":7,"href":"https:\/\/www.irreel.ch\/blog\/wp-json\/wp\/v2\/posts\/1241\/revisions"}],"predecessor-version":[{"id":7051,"href":"https:\/\/www.irreel.ch\/blog\/wp-json\/wp\/v2\/posts\/1241\/revisions\/7051"}],"wp:featuredmedia":[{"embeddable":true,"href":"https:\/\/www.irreel.ch\/blog\/wp-json\/wp\/v2\/media\/4319"}],"wp:attachment":[{"href":"https:\/\/www.irreel.ch\/blog\/wp-json\/wp\/v2\/media?parent=1241"}],"wp:term":[{"taxonomy":"category","embeddable":true,"href":"https:\/\/www.irreel.ch\/blog\/wp-json\/wp\/v2\/categories?post=1241"},{"taxonomy":"post_tag","embeddable":true,"href":"https:\/\/www.irreel.ch\/blog\/wp-json\/wp\/v2\/tags?post=1241"}],"curies":[{"name":"wp","href":"https:\/\/api.w.org\/{rel}","templated":true}]}}