{"id":1069,"date":"2010-08-25T21:20:10","date_gmt":"2010-08-25T19:20:10","guid":{"rendered":"http:\/\/www.irreel.org\/blog\/?p=1069"},"modified":"2019-03-03T19:31:45","modified_gmt":"2019-03-03T17:31:45","slug":"figue-marseillaise","status":"publish","type":"post","link":"https:\/\/www.irreel.ch\/blog\/figue-marseillaise\/","title":{"rendered":"Figue Marseillaise"},"content":{"rendered":"\n<figure class=\"wp-block-image\"><a href=\"http:\/\/www.irreel.ch\/blog\/wp-content\/uploads\/figue-marseillaise2.jpg\"><img decoding=\"async\" src=\"http:\/\/www.irreel.ch\/blog\/wp-content\/uploads\/figue-marseillaise2.jpg\" alt=\"\"\/><\/a><figcaption>Rouge \u00e0 l&rsquo;int\u00e9rieur, verte \u00e0 l&rsquo;ext\u00e9rieur et tendre \u00e0 souhait<\/figcaption><\/figure>\n\n\n<p>Fruits d&rsquo;ao\u00fbt: 25 ao\u00fbt 18h33 dans le jardin de l&rsquo;auteur.<\/p>\n<p>Figue Marseillaise<sup class='footnote'><a href='#fn-1069-1' id='fnref-1069-1' onclick='return fdfootnote_show(1069)'>1<\/a><\/sup>.<\/p>\n<p>Figue tr\u00e8s sucr\u00e9e<sup class='footnote'><a href='#fn-1069-2' id='fnref-1069-2' onclick='return fdfootnote_show(1069)'>2<\/a><\/sup> comme une petite p\u00e2tisserie fine, verte claire \u00e0 l&rsquo;ext\u00e9rieur et jaune dor\u00e9e \u00e0 l&rsquo;int\u00e9rieur.<\/p>\n\n<div class='footnotes' id='footnotes-1069'><div class='footnotedivider'><\/div><ol><li id='fn-1069-1'> Figue ne donnant que des figues de deuxi\u00e8me r\u00e9colte, pas de figues fleurs, petits fruits sur la tige de l&rsquo;ann\u00e9e, m\u00fbrissant rapidement, Ficus carica, en orangerie, en serre non chauff\u00e9e ou en plein air pour varier les dates de maturit\u00e9. <span class='footnotereverse'><a href='#fnref-1069-1'>&#8617;<\/a><\/span><\/li><li id='fn-1069-2'> Culture pratique, on peut la tailler beaucoup, puisqu&rsquo;elle produit sur les tiges de l&rsquo;ann\u00e9e et donc facilement la garder petite, elle a aussi une croissance faible. <span class='footnotereverse'><a href='#fnref-1069-2'>&#8617;<\/a><\/span><\/li><\/ol><\/div>","protected":false},"excerpt":{"rendered":"<p>figue: Marseillaise, Ficus carica, orangerie<\/p>\n","protected":false},"author":191,"featured_media":1070,"comment_status":"open","ping_status":"closed","sticky":false,"template":"","format":"standard","meta":{"sfsi_plus_gutenberg_text_before_share":"","sfsi_plus_gutenberg_show_text_before_share":"","sfsi_plus_gutenberg_icon_type":"","sfsi_plus_gutenberg_icon_alignemt":"","sfsi_plus_gutenburg_max_per_row":"","_EventAllDay":false,"_EventTimezone":"","_EventStartDate":"","_EventEndDate":"","_EventStartDateUTC":"","_EventEndDateUTC":"","_EventShowMap":false,"_EventShowMapLink":false,"_EventURL":"","_EventCost":"","_EventCostDescription":"","_EventCurrencySymbol":"","_EventCurrencyCode":"","_EventCurrencyPosition":"","_EventDateTimeSeparator":"","_EventTimeRangeSeparator":"","_EventOrganizerID":[],"_EventVenueID":[],"_OrganizerEmail":"","_OrganizerPhone":"","_OrganizerWebsite":"","_VenueAddress":"","_VenueCity":"","_VenueCountry":"","_VenueProvince":"","_VenueState":"","_VenueZip":"","_VenuePhone":"","_VenueURL":"","_VenueStateProvince":"","_VenueLat":"","_VenueLng":"","_VenueShowMap":false,"_VenueShowMapLink":false,"footnotes":""},"categories":[37],"tags":[107,94,481,399],"class_list":["post-1069","post","type-post","status-publish","format-standard","has-post-thumbnail","hentry","category-fruit-jardin","tag-figue","tag-fruit","tag-fruit-a-croquer","tag-fruit-daout"],"_links":{"self":[{"href":"https:\/\/www.irreel.ch\/blog\/wp-json\/wp\/v2\/posts\/1069","targetHints":{"allow":["GET"]}}],"collection":[{"href":"https:\/\/www.irreel.ch\/blog\/wp-json\/wp\/v2\/posts"}],"about":[{"href":"https:\/\/www.irreel.ch\/blog\/wp-json\/wp\/v2\/types\/post"}],"author":[{"embeddable":true,"href":"https:\/\/www.irreel.ch\/blog\/wp-json\/wp\/v2\/users\/191"}],"replies":[{"embeddable":true,"href":"https:\/\/www.irreel.ch\/blog\/wp-json\/wp\/v2\/comments?post=1069"}],"version-history":[{"count":8,"href":"https:\/\/www.irreel.ch\/blog\/wp-json\/wp\/v2\/posts\/1069\/revisions"}],"predecessor-version":[{"id":4808,"href":"https:\/\/www.irreel.ch\/blog\/wp-json\/wp\/v2\/posts\/1069\/revisions\/4808"}],"wp:featuredmedia":[{"embeddable":true,"href":"https:\/\/www.irreel.ch\/blog\/wp-json\/wp\/v2\/media\/1070"}],"wp:attachment":[{"href":"https:\/\/www.irreel.ch\/blog\/wp-json\/wp\/v2\/media?parent=1069"}],"wp:term":[{"taxonomy":"category","embeddable":true,"href":"https:\/\/www.irreel.ch\/blog\/wp-json\/wp\/v2\/categories?post=1069"},{"taxonomy":"post_tag","embeddable":true,"href":"https:\/\/www.irreel.ch\/blog\/wp-json\/wp\/v2\/tags?post=1069"}],"curies":[{"name":"wp","href":"https:\/\/api.w.org\/{rel}","templated":true}]}}