{"id":105,"date":"2008-11-07T07:51:36","date_gmt":"2008-11-07T05:51:36","guid":{"rendered":"http:\/\/www.irreel.org\/blog\/?p=105"},"modified":"2017-02-04T23:07:24","modified_gmt":"2017-02-04T21:07:24","slug":"parcours-nimbee-de-lumiere","status":"publish","type":"post","link":"https:\/\/www.irreel.ch\/blog\/parcours-nimbee-de-lumiere\/","title":{"rendered":"Parcours, nimb\u00e9e de lumi\u00e8re"},"content":{"rendered":"<p style=\"text-align: center;\"><a href=\"http:\/\/www.irreel.ch\/blog\/wp-content\/voir-ciel.jpg\"><img loading=\"lazy\" decoding=\"async\" class=\"alignnone size-full wp-image-108\" title=\"voir-ciel\" src=\"http:\/\/www.irreel.ch\/blog\/wp-content\/voir-ciel.jpg\" alt=\"\" width=\"585\" height=\"214\" \/><\/a><\/p>\n<p style=\"text-align: center;\">Parcours<\/p>\n<p style=\"text-align: center;\">l\u00e9g\u00e9rement nimb\u00e9e de lumi\u00e8re<br \/>\ndoucement caress\u00e9e des rayons<br \/>\nla terre<br \/>\npetits fr\u00e9missements<br \/>\naux chaleurs du soleil<br \/>\nla terre entame<br \/>\nun<br \/>\nplus que<br \/>\ntr\u00e8s l\u00e9g\u00e9rement courb\u00e9<br \/>\nparcours dans l&rsquo;espace<br \/>\nemportant<br \/>\nsans<br \/>\nsans doute<br \/>\nqu&rsquo;elle n&rsquo;y  pense<br \/>\nde quelconque mani\u00e8re<br \/>\nune passag\u00e8re<\/p>\n<p>sens-tu les variations d\u00e9licates<br \/>\ndes teintes et des temp\u00e9ratures<br \/>\nles variations des qualit\u00e9s de l&rsquo;air?<\/p>\n<p>sens-tu comment diff\u00e9remment<br \/>\ntraverse la lumi\u00e8re l&rsquo;espace<br \/>\ns&rsquo;il fait froid ou chaud<br \/>\nsi l&rsquo;air est charg\u00e9 d&rsquo;humidit\u00e9<br \/>\nou sec et venteux?<\/p>\n<p>voyage dans le temps ou dans l&rsquo;espace<br \/>\npetits miracles des changements<br \/>\nsuivant l&rsquo;inclinaison de notre bonne vieille terre<br \/>\nface au soleil<\/p>\n<p>et toi, courb\u00e9e ainsi \u00e0 ton insu,<br \/>\npench\u00e9e plus ou moins,<br \/>\nsens la chaleur ou le froid<br \/>\nsuivant le mouvement<\/p>\n<p>l\u00e9g\u00e9rement nimb\u00e9e de lumi\u00e8re<br \/>\ndoucement caress\u00e9e des rayons<br \/>\nla terre<br \/>\nte tourne et te penche<\/p>\n<p>\u00a0<\/p>\n<p>\u00a9 Daniel Thomas nov. 2008<\/p>\n","protected":false},"excerpt":{"rendered":"<p>Parcours l\u00e9g\u00e9rement nimb\u00e9e de lumi\u00e8re doucement caress\u00e9e des rayons la terre petits fr\u00e9missements aux chaleurs du soleil la terre entame un plus que tr\u00e8s l\u00e9g\u00e9rement courb\u00e9 parcours dans l&rsquo;espace emportant sans sans doute qu&rsquo;elle&#46;&#46;&#46;<\/p>\n","protected":false},"author":5,"featured_media":4363,"comment_status":"open","ping_status":"closed","sticky":false,"template":"","format":"standard","meta":{"sfsi_plus_gutenberg_text_before_share":"","sfsi_plus_gutenberg_show_text_before_share":"","sfsi_plus_gutenberg_icon_type":"","sfsi_plus_gutenberg_icon_alignemt":"","sfsi_plus_gutenburg_max_per_row":"","_EventAllDay":false,"_EventTimezone":"","_EventStartDate":"","_EventEndDate":"","_EventStartDateUTC":"","_EventEndDateUTC":"","_EventShowMap":false,"_EventShowMapLink":false,"_EventURL":"","_EventCost":"","_EventCostDescription":"","_EventCurrencySymbol":"","_EventCurrencyCode":"","_EventCurrencyPosition":"","_EventDateTimeSeparator":"","_EventTimeRangeSeparator":"","_EventOrganizerID":[],"_EventVenueID":[],"_OrganizerEmail":"","_OrganizerPhone":"","_OrganizerWebsite":"","_VenueAddress":"","_VenueCity":"","_VenueCountry":"","_VenueProvince":"","_VenueState":"","_VenueZip":"","_VenuePhone":"","_VenueURL":"","_VenueStateProvince":"","_VenueLat":"","_VenueLng":"","_VenueShowMap":false,"_VenueShowMapLink":false,"footnotes":""},"categories":[311],"tags":[401,54],"class_list":["post-105","post","type-post","status-publish","format-standard","has-post-thumbnail","hentry","category-essais-poetiques","tag-lumiere","tag-terre"],"_links":{"self":[{"href":"https:\/\/www.irreel.ch\/blog\/wp-json\/wp\/v2\/posts\/105","targetHints":{"allow":["GET"]}}],"collection":[{"href":"https:\/\/www.irreel.ch\/blog\/wp-json\/wp\/v2\/posts"}],"about":[{"href":"https:\/\/www.irreel.ch\/blog\/wp-json\/wp\/v2\/types\/post"}],"author":[{"embeddable":true,"href":"https:\/\/www.irreel.ch\/blog\/wp-json\/wp\/v2\/users\/5"}],"replies":[{"embeddable":true,"href":"https:\/\/www.irreel.ch\/blog\/wp-json\/wp\/v2\/comments?post=105"}],"version-history":[{"count":7,"href":"https:\/\/www.irreel.ch\/blog\/wp-json\/wp\/v2\/posts\/105\/revisions"}],"predecessor-version":[{"id":4364,"href":"https:\/\/www.irreel.ch\/blog\/wp-json\/wp\/v2\/posts\/105\/revisions\/4364"}],"wp:featuredmedia":[{"embeddable":true,"href":"https:\/\/www.irreel.ch\/blog\/wp-json\/wp\/v2\/media\/4363"}],"wp:attachment":[{"href":"https:\/\/www.irreel.ch\/blog\/wp-json\/wp\/v2\/media?parent=105"}],"wp:term":[{"taxonomy":"category","embeddable":true,"href":"https:\/\/www.irreel.ch\/blog\/wp-json\/wp\/v2\/categories?post=105"},{"taxonomy":"post_tag","embeddable":true,"href":"https:\/\/www.irreel.ch\/blog\/wp-json\/wp\/v2\/tags?post=105"}],"curies":[{"name":"wp","href":"https:\/\/api.w.org\/{rel}","templated":true}]}}