{"id":1030,"date":"2010-08-24T18:26:35","date_gmt":"2010-08-24T16:26:35","guid":{"rendered":"http:\/\/www.irreel.org\/blog\/?p=1030"},"modified":"2019-03-03T19:30:10","modified_gmt":"2019-03-03T17:30:10","slug":"figue-isi-doro","status":"publish","type":"post","link":"https:\/\/www.irreel.ch\/blog\/figue-isi-doro\/","title":{"rendered":"Figue Isi d&rsquo;Oro"},"content":{"rendered":"\n<figure class=\"wp-block-image\"><a href=\"http:\/\/www.irreel.ch\/blog\/wp-content\/uploads\/isi-d-oro3.jpg\"><img decoding=\"async\" src=\"http:\/\/www.irreel.ch\/blog\/wp-content\/uploads\/isi-d-oro3.jpg\" alt=\"\"\/><\/a><\/figure>\n\n\n<p>Fruits d&rsquo;ao\u00fbt: 24 ao\u00fbt 2010 16h22 dans le jardin de l&rsquo;auteur.<\/p>\n<p>Figue Isi d\u2019Oro<sup class='footnote'><a href='#fn-1030-1' id='fnref-1030-1' onclick='return fdfootnote_show(1030)'>1<\/a><\/sup><\/p>\n<p>Figue savoureuse<sup class='footnote'><a href='#fn-1030-2' id='fnref-1030-2' onclick='return fdfootnote_show(1030)'>2<\/a><\/sup>, go\u00fbteuse, tendre, verte \u00e0 l&rsquo;ext\u00e9rieur et rouge \u00e0 l&rsquo;int\u00e9rieur.<\/p>\n\n<div class='footnotes' id='footnotes-1030'><div class='footnotedivider'><\/div><ol><li id='fn-1030-1'> Figue bif\u00e8re, donnant deux r\u00e9coltes, Ficus carica, figuier plant\u00e9 en plein air, prot\u00e9g\u00e9 des vents du nord par un petit muret \u00e0 l&rsquo;est de la maison. <span class='footnotereverse'><a href='#fnref-1030-1'>&#8617;<\/a><\/span><\/li><li id='fn-1030-2'> Ici sur la photo, figue de premi\u00e8re r\u00e9colte, la seconde r\u00e9colte \u00e9tant en octobre, s&rsquo;il fait assez chaud. <span class='footnotereverse'><a href='#fnref-1030-2'>&#8617;<\/a><\/span><\/li><\/ol><\/div>","protected":false},"excerpt":{"rendered":"<p>Figue: Isi d\u2019Oro, Ficus carica, muret est<\/p>\n","protected":false},"author":191,"featured_media":3873,"comment_status":"open","ping_status":"closed","sticky":false,"template":"","format":"standard","meta":{"sfsi_plus_gutenberg_text_before_share":"","sfsi_plus_gutenberg_show_text_before_share":"","sfsi_plus_gutenberg_icon_type":"","sfsi_plus_gutenberg_icon_alignemt":"","sfsi_plus_gutenburg_max_per_row":"","_EventAllDay":false,"_EventTimezone":"","_EventStartDate":"","_EventEndDate":"","_EventStartDateUTC":"","_EventEndDateUTC":"","_EventShowMap":false,"_EventShowMapLink":false,"_EventURL":"","_EventCost":"","_EventCostDescription":"","_EventCurrencySymbol":"","_EventCurrencyCode":"","_EventCurrencyPosition":"","_EventDateTimeSeparator":"","_EventTimeRangeSeparator":"","_EventOrganizerID":[],"_EventVenueID":[],"_OrganizerEmail":"","_OrganizerPhone":"","_OrganizerWebsite":"","_VenueAddress":"","_VenueCity":"","_VenueCountry":"","_VenueProvince":"","_VenueState":"","_VenueZip":"","_VenuePhone":"","_VenueURL":"","_VenueStateProvince":"","_VenueLat":"","_VenueLng":"","_VenueShowMap":false,"_VenueShowMapLink":false,"footnotes":""},"categories":[37],"tags":[107,94,481,399,62,412],"class_list":["post-1030","post","type-post","status-publish","format-standard","has-post-thumbnail","hentry","category-fruit-jardin","tag-figue","tag-fruit","tag-fruit-a-croquer","tag-fruit-daout","tag-rouge","tag-vert"],"_links":{"self":[{"href":"https:\/\/www.irreel.ch\/blog\/wp-json\/wp\/v2\/posts\/1030","targetHints":{"allow":["GET"]}}],"collection":[{"href":"https:\/\/www.irreel.ch\/blog\/wp-json\/wp\/v2\/posts"}],"about":[{"href":"https:\/\/www.irreel.ch\/blog\/wp-json\/wp\/v2\/types\/post"}],"author":[{"embeddable":true,"href":"https:\/\/www.irreel.ch\/blog\/wp-json\/wp\/v2\/users\/191"}],"replies":[{"embeddable":true,"href":"https:\/\/www.irreel.ch\/blog\/wp-json\/wp\/v2\/comments?post=1030"}],"version-history":[{"count":13,"href":"https:\/\/www.irreel.ch\/blog\/wp-json\/wp\/v2\/posts\/1030\/revisions"}],"predecessor-version":[{"id":4807,"href":"https:\/\/www.irreel.ch\/blog\/wp-json\/wp\/v2\/posts\/1030\/revisions\/4807"}],"wp:featuredmedia":[{"embeddable":true,"href":"https:\/\/www.irreel.ch\/blog\/wp-json\/wp\/v2\/media\/3873"}],"wp:attachment":[{"href":"https:\/\/www.irreel.ch\/blog\/wp-json\/wp\/v2\/media?parent=1030"}],"wp:term":[{"taxonomy":"category","embeddable":true,"href":"https:\/\/www.irreel.ch\/blog\/wp-json\/wp\/v2\/categories?post=1030"},{"taxonomy":"post_tag","embeddable":true,"href":"https:\/\/www.irreel.ch\/blog\/wp-json\/wp\/v2\/tags?post=1030"}],"curies":[{"name":"wp","href":"https:\/\/api.w.org\/{rel}","templated":true}]}}