{"id":228,"count":11,"description":"Visions du r\u00e9el, l\u2019irr\u00e9elle r\u00e9alit\u00e9, r\u00eaves \u00e9veill\u00e9s, songes les yeux ouverts, la r\u00e9alit\u00e9 o\u00f9 est-elle, ou plut\u00f4t para\u00eet-elle seulement r\u00e9elle, ou le r\u00e9el est-il aussi un imaginaire?\r\n","link":"https:\/\/www.irreel.ch\/blog\/sujet\/irreel\/irrealite\/","name":"irr\u00e9alit\u00e9","slug":"irrealite","taxonomy":"category","parent":29,"meta":[],"_links":{"self":[{"href":"https:\/\/www.irreel.ch\/blog\/wp-json\/wp\/v2\/categories\/228","targetHints":{"allow":["GET"]}}],"collection":[{"href":"https:\/\/www.irreel.ch\/blog\/wp-json\/wp\/v2\/categories"}],"about":[{"href":"https:\/\/www.irreel.ch\/blog\/wp-json\/wp\/v2\/taxonomies\/category"}],"up":[{"embeddable":true,"href":"https:\/\/www.irreel.ch\/blog\/wp-json\/wp\/v2\/categories\/29"}],"wp:post_type":[{"href":"https:\/\/www.irreel.ch\/blog\/wp-json\/wp\/v2\/posts?categories=228"}],"curies":[{"name":"wp","href":"https:\/\/api.w.org\/{rel}","templated":true}]}}